{"id":5187,"date":"2021-09-22T01:24:56","date_gmt":"2021-09-22T01:24:56","guid":{"rendered":"http:\/\/www.movimientocaamanista.com\/?p=5187"},"modified":"2021-10-15T01:17:44","modified_gmt":"2021-10-15T01:17:44","slug":"carta-a-la-dra-miriam-german-brito-procuradora-general-de-la-republica","status":"publish","type":"post","link":"http:\/\/www.movimientocaamanista.com\/?p=5187","title":{"rendered":"Carta A La Dra. Miriam Germ\u00e1n Brito, Procuradora General de la Rep\u00fablica."},"content":{"rendered":"\n<p>Narciso Isa Conde<\/p>\n\n\n\n<p>Dra. Miriam Germ\u00e1n Brito, Procuradora General de la Rep\u00fablica.<\/p>\n\n\n\n<p>Su Despacho. Ciudad.<\/p>\n\n\n\n<p>Apreciada Magistrada:<\/p>\n\n\n\n<p>Reiter\u00e1ndole mi convicci\u00f3n de que nuestro pueblo cuenta con una Procuradora General de la Rep\u00fablica de su m\u00e1s alta valoraci\u00f3n y su plena confianza, y luego de esperar durante 10 meses la reacci\u00f3n de la entidad que usted encabeza sobre la canalizaci\u00f3n por la v\u00eda de la justicia penal del caso relacionado  con el acto de compra y venta fraudulenta de las acciones de BANINTER en ANTENA LATINA Y ANTENA 21, ejecutado a ra\u00edz de la declaraci\u00f3n en quiebra del Banco Interamericano (Baninter), le solicito encarecidamente la informaci\u00f3n  correspondiente, por dem\u00e1s merecida, sobre la decisi\u00f3n adoptada al respecto y sobre el actual nivel de la investigaci\u00f3n solicitada, si es que esa entidad ha considerado pertinente hacerla. <\/p>\n\n\n\n<p>Quien suscribe esta carta, junto a mis compa\u00f1eros Ra\u00fal Guerrero,  Rafael Feliz y F\u00e9lix Tejeda (recientemente fallecido), interpusimos el 9 julio del 2013 una demanda de nulidad por la v\u00eda de la justicia civil, todav\u00eda pendiente del fallo definitivo de la Sala Civil y Comercial de la Suprema Corte de Justicia; proceso iniciado a trav\u00e9s de Tercera C\u00e1mara Civil y Comercial del Distrito Nacional.<\/p>\n\n\n\n<p>Siete a\u00f1os despu\u00e9s, dados los significativos cambios operado en la PGR, decidimos canalizar nuestra denuncia por la v\u00eda penal.<\/p>\n\n\n\n<p>En tal virtud, el 23 de octubre del 2020 -acompa\u00f1ado del compa\u00f1ero Rafael Feliz- le entregu\u00e9 personalmente un voluminoso dossier, que al entender de nuestros abogados, re\u00fane m\u00e9ritos suficientes para abrir la investigaci\u00f3n penal (Ver carta adjunta depositada junto a toda la documentaci\u00f3n pertinente).<\/p>\n\n\n\n<p>Reconozco que es mucha \u2013y hasta abrumadora- la carga asumida por esa PGR, y poca la ayuda estatal para satisfacer la demanda de esta sociedad saturada de impunidad. Pero entiendo, que en tanto se trata de un caso se\u00f1ero de corrupci\u00f3n empresarial, en el que abundan evidencias y documentaci\u00f3n consistente de una determinada modalidad de asociaci\u00f3n delictiva estatal-privada, el caso merece ubicarse entre las prioridades de esa alta instancia del Ministerio P\u00fablico, a todas luces interesada en dar pruebas de que en materia de justicia no debe haber \u201cvacas sagradas\u201d.<\/p>\n\n\n\n<p>Adem\u00e1s, nos preocupa que la acci\u00f3n de justicia se vea impedida a corto plazo, dada la prescripci\u00f3n que impone el hecho de que el contrato de compra y venta cumplir\u00eda 10 a\u00f1os en agosto del 2022. Urge, pues, apreciada Magistrada Germ\u00e1n, tomar decisi\u00f3n al respecto.<\/p>\n\n\n\n<p>Agradeceremos  la informaci\u00f3n solicitada, cuanto antes mejor. <\/p>\n\n\n\n<p>Atentamente,<br>                             Narciso Isa Conde<\/p>\n","protected":false},"excerpt":{"rendered":"<p>Narciso Isa Conde Dra. Miriam Germ\u00e1n Brito, Procuradora General de la Rep\u00fablica. Su Despacho. Ciudad. Apreciada Magistrada: Reiter\u00e1ndole mi convicci\u00f3n de que nuestro pueblo cuenta con una Procuradora General de la Rep\u00fablica de su m\u00e1s alta valoraci\u00f3n y su plena confianza, y luego de esperar durante 10 meses la reacci\u00f3n de la entidad que usted [&hellip;]<\/p>\n","protected":false},"author":1,"featured_media":5188,"comment_status":"open","ping_status":"open","sticky":false,"template":"","format":"standard","meta":{"footnotes":""},"categories":[5,2],"tags":[],"_links":{"self":[{"href":"http:\/\/www.movimientocaamanista.com\/index.php?rest_route=\/wp\/v2\/posts\/5187"}],"collection":[{"href":"http:\/\/www.movimientocaamanista.com\/index.php?rest_route=\/wp\/v2\/posts"}],"about":[{"href":"http:\/\/www.movimientocaamanista.com\/index.php?rest_route=\/wp\/v2\/types\/post"}],"author":[{"embeddable":true,"href":"http:\/\/www.movimientocaamanista.com\/index.php?rest_route=\/wp\/v2\/users\/1"}],"replies":[{"embeddable":true,"href":"http:\/\/www.movimientocaamanista.com\/index.php?rest_route=%2Fwp%2Fv2%2Fcomments&post=5187"}],"version-history":[{"count":1,"href":"http:\/\/www.movimientocaamanista.com\/index.php?rest_route=\/wp\/v2\/posts\/5187\/revisions"}],"predecessor-version":[{"id":5189,"href":"http:\/\/www.movimientocaamanista.com\/index.php?rest_route=\/wp\/v2\/posts\/5187\/revisions\/5189"}],"wp:featuredmedia":[{"embeddable":true,"href":"http:\/\/www.movimientocaamanista.com\/index.php?rest_route=\/wp\/v2\/media\/5188"}],"wp:attachment":[{"href":"http:\/\/www.movimientocaamanista.com\/index.php?rest_route=%2Fwp%2Fv2%2Fmedia&parent=5187"}],"wp:term":[{"taxonomy":"category","embeddable":true,"href":"http:\/\/www.movimientocaamanista.com\/index.php?rest_route=%2Fwp%2Fv2%2Fcategories&post=5187"},{"taxonomy":"post_tag","embeddable":true,"href":"http:\/\/www.movimientocaamanista.com\/index.php?rest_route=%2Fwp%2Fv2%2Ftags&post=5187"}],"curies":[{"name":"wp","href":"https:\/\/api.w.org\/{rel}","templated":true}]}}