{"id":5280,"date":"2021-10-03T16:02:06","date_gmt":"2021-10-03T16:02:06","guid":{"rendered":"http:\/\/www.movimientocaamanista.com\/?p=5280"},"modified":"2021-10-10T13:47:50","modified_gmt":"2021-10-10T13:47:50","slug":"los-medios-de-informacion-y-la-guerra-perpetua","status":"publish","type":"post","link":"http:\/\/www.movimientocaamanista.com\/?p=5280","title":{"rendered":"Los medios de informaci\u00f3n y la guerra perpetua"},"content":{"rendered":"\n<p>Ra\u00fal Zibechi<\/p>\n\n\n\n<p>Fuente: <a href=\"https:\/\/rebelion.org\/los-medios-de-informacion-y-la-guerra-perpetua\/\">Rebeli\u00f3n<\/a><\/p>\n\n\n\n<p>Sobre la guerra de informaci\u00f3n y la concentraci\u00f3n monop\u00f3lica de los grandes medios es necesario detenernos a debatir<\/p>\n\n\n\n<p>***<\/p>\n\n\n\n<p>\u00abLa informaci\u00f3n es a la vez nuestro producto b\u00e1sico y el factor m\u00e1s desestabilizador de nuestro tiempo\u00bb, escribe el teniente coronel retirado Ralph Peters, en un art\u00edculo titulado Constant Conflict, publicado en 1997 en la revisa militar&nbsp;<em>Parameters<\/em>&nbsp;(<a rel=\"noreferrer noopener\" href=\"https:\/\/bit.ly\/3h6nUID\" target=\"_blank\">https:\/\/bit.ly\/3h6nUID<\/a>), portavoz de la pol\u00edtica del Pent\u00e1gono.<\/p>\n\n\n\n<p>Nunca pens\u00e9 que la informaci\u00f3n fuera capaz de modelar sociedades, sectores y clases, quiz\u00e1 por una deformaci\u00f3n iluminista que me llev\u00f3 a confiar en la autonom\u00eda de criterio de los seres humanos. Nada m\u00e1s alejado de la realidad, como nos ense\u00f1a el panorama de sumisi\u00f3n de una parte de la humanidad al poder de los poderosos.<\/p>\n\n\n\n<p>Peters razona como la minor\u00eda privilegiada que se siente ganadora. Para las masas del mundo, devastadas por informaci\u00f3n que no pueden manejar o interpretar con eficacia, la vida es desagradable, brutal y en cortocircuito. Sostiene que el ritmo del cambio es capaz de abrumar, o sea de paralizar la capacidad de pensar.<\/p>\n\n\n\n<p>Menciona que una de las bifurcaciones definitorias del futuro ser\u00e1 el conflicto entre los maestros de la informaci\u00f3n y las v\u00edctimas de la informaci\u00f3n. Escribe poco despu\u00e9s de que Estados Unidos liberar\u00e1 la Internet, que r\u00e1pidamente se convirti\u00f3 en medio hegem\u00f3nico para las comunicaciones con un volumen de informaci\u00f3n imposible de digerir.<\/p>\n\n\n\n<p>La imagen triunfa sobre el texto en la sique de masas, afirma Peters, explicando la potencia de la cultura popular estadunidense. \u201cSi la religi\u00f3n es el opio de los pueblos, el video es su&nbsp;<em>crack<\/em>\u201d, sentencia parafraseando a Carlos Marx.<\/p>\n\n\n\n<p>El militar comprende las razones profundas del \u00e9xito de la cultura yanqui, sin concesiones a la \u00e9tica, ni al buen gusto. Las pel\u00edculas m\u00e1s despreciadas por la \u00e9lite intelectual, las que presentan violencia extrema y sexo para los vencedores, son nuestra arma cultural m\u00e1s popular, comprada o pirateada en casi todas partes.<\/p>\n\n\n\n<p>Ese poder estriba en que narrativas visuales, como las que practica Chuck Norris, no requieren del di\u00e1logo para su comprensi\u00f3n, ya que se asientan en impulsos b\u00e1sicos, como motor de una cultura a la que define como vulgar y a la vez maravillosa.<\/p>\n\n\n\n<p>La guerra de la informaci\u00f3n es parte central de la guerra perpetua de la superpotencia para sobrevivir en medio del desorden. Es evidente que aqu\u00ed no hay \u00e9tica sino poder y violencia, sin m\u00e1s, para la sobrevivencia del m\u00e1s fuerte sin la menor concesi\u00f3n a cualquier tipo de humanismo. S\u00f3lo los necios pelear\u00e1n limpio, sentencia el militar.<\/p>\n\n\n\n<p>Creo que es necesario comprender para actuar acertadamente. Sin juzgar, sobre todo porque cierta intelectualidad abusa de conceptos como fascismo o democracia, que obturan la comprensi\u00f3n al abusar de adjetivos. El mundo est\u00e1 siendo modelado por la violencia bruta, que no irracional, de los de arriba, y ante ello s\u00f3lo nos valen la organizaci\u00f3n y la acci\u00f3n colectiva.<\/p>\n\n\n\n<p>Sobre la guerra de informaci\u00f3n y la concentraci\u00f3n monop\u00f3lica de los grandes medios es necesario detenernos a debatir. Se han tomado varios caminos. La izquierda y el progresismo en el gobierno han intentado regular los monopolios de la informaci\u00f3n, con escaso \u00e9xito. La Uni\u00f3n Europea viene perdiendo su intento de regular m\u00ednimamente a megaempresas como Google y Amazon. Es casi imposible, dado el enorme poder que ostentan.<\/p>\n\n\n\n<p>La segunda opci\u00f3n es fortalecer la comunicaci\u00f3n comunitaria, alternativa o popular. Existe una enorme variedad de medios de este tipo, en todos los pa\u00edses del mundo. En algunos, como en Argentina, han conseguido una audiencia importante, que puede alcanzar 15 por ciento de la poblaci\u00f3n, lo que no es nada menor.<\/p>\n\n\n\n<p>Sin embargo, a\u00fan estamos lejos de emitir mensajes potentes como hace la industria audiovisual estadunidense, capaces de atrapar corazones y mentes de las poblaciones. Uno de los casos m\u00e1s exitosos es la serie colombiana&nbsp;<em>Matarife<\/em>&nbsp;(<a href=\"https:\/\/bit.ly\/38NpeM3\" target=\"_blank\" rel=\"noreferrer noopener\">https:\/\/bit.ly\/38NpeM3<\/a>), que denuncia la alianza entre el ex presidente \u00c1lvaro Uribe y los narcoparamilitares que lo llevaron al gobierno.<\/p>\n\n\n\n<p>Daniel Mendoza Leal, autor de la serie, la define como subversi\u00f3n creativa, desde su exilio en Espa\u00f1a por amenazas de la ultraderecha (<a href=\"https:\/\/bit.ly\/3hdk0xG\" target=\"_blank\" rel=\"noreferrer noopener\">https:\/\/bit.ly\/3hdk0xG<\/a>). Su objetivo es llegar a los j\u00f3venes de los sectores populares, que no tienen acceso a plataformas como Netflix y Amazon, por eso la serie se difunde en las redes sociales.<\/p>\n\n\n\n<p>La tercera es que no podremos crear imaginarios potentes si no formamos parte de realidades en resistencia.&nbsp;<em>Matarife<\/em>&nbsp;se retroalimenta con la lucha social: mostr\u00f3 la brutalidad de las mafias estatales, siendo un factor importante en la protesta en curso porque alumbr\u00f3 zonas de la pol\u00edtica casi inaccesibles.<\/p>\n\n\n\n<p>Finalmente, decir que la mente piensa con ideas, no con informaci\u00f3n, como destaca Fritjof Capra con base en los trabajos de Theodore Roszak. En la informaci\u00f3n no hay ideas: Las ideas son patrones integradores que no derivan de la informaci\u00f3n, sino de la experiencia (*).<\/p>\n\n\n\n<p>Tenemos mucho trabajo por delante.<\/p>\n\n\n\n<p><strong>Nota:<\/strong><\/p>\n\n\n\n<p>(*) Fritjof Capra,&nbsp;<em>La trama de la vida,<\/em>&nbsp;Anagrama, 1998, p. 88.<\/p>\n","protected":false},"excerpt":{"rendered":"<p>Ra\u00fal Zibechi Fuente: Rebeli\u00f3n Sobre la guerra de informaci\u00f3n y la concentraci\u00f3n monop\u00f3lica de los grandes medios es necesario detenernos a debatir *** \u00abLa informaci\u00f3n es a la vez nuestro producto b\u00e1sico y el factor m\u00e1s desestabilizador de nuestro tiempo\u00bb, escribe el teniente coronel retirado Ralph Peters, en un art\u00edculo titulado Constant Conflict, publicado en [&hellip;]<\/p>\n","protected":false},"author":1,"featured_media":5281,"comment_status":"open","ping_status":"open","sticky":false,"template":"","format":"standard","meta":{"footnotes":""},"categories":[5,3],"tags":[],"_links":{"self":[{"href":"http:\/\/www.movimientocaamanista.com\/index.php?rest_route=\/wp\/v2\/posts\/5280"}],"collection":[{"href":"http:\/\/www.movimientocaamanista.com\/index.php?rest_route=\/wp\/v2\/posts"}],"about":[{"href":"http:\/\/www.movimientocaamanista.com\/index.php?rest_route=\/wp\/v2\/types\/post"}],"author":[{"embeddable":true,"href":"http:\/\/www.movimientocaamanista.com\/index.php?rest_route=\/wp\/v2\/users\/1"}],"replies":[{"embeddable":true,"href":"http:\/\/www.movimientocaamanista.com\/index.php?rest_route=%2Fwp%2Fv2%2Fcomments&post=5280"}],"version-history":[{"count":1,"href":"http:\/\/www.movimientocaamanista.com\/index.php?rest_route=\/wp\/v2\/posts\/5280\/revisions"}],"predecessor-version":[{"id":5282,"href":"http:\/\/www.movimientocaamanista.com\/index.php?rest_route=\/wp\/v2\/posts\/5280\/revisions\/5282"}],"wp:featuredmedia":[{"embeddable":true,"href":"http:\/\/www.movimientocaamanista.com\/index.php?rest_route=\/wp\/v2\/media\/5281"}],"wp:attachment":[{"href":"http:\/\/www.movimientocaamanista.com\/index.php?rest_route=%2Fwp%2Fv2%2Fmedia&parent=5280"}],"wp:term":[{"taxonomy":"category","embeddable":true,"href":"http:\/\/www.movimientocaamanista.com\/index.php?rest_route=%2Fwp%2Fv2%2Fcategories&post=5280"},{"taxonomy":"post_tag","embeddable":true,"href":"http:\/\/www.movimientocaamanista.com\/index.php?rest_route=%2Fwp%2Fv2%2Ftags&post=5280"}],"curies":[{"name":"wp","href":"https:\/\/api.w.org\/{rel}","templated":true}]}}