{"id":5341,"date":"2021-10-13T10:58:11","date_gmt":"2021-10-13T10:58:11","guid":{"rendered":"http:\/\/www.movimientocaamanista.com\/?p=5341"},"modified":"2021-10-13T10:58:12","modified_gmt":"2021-10-13T10:58:12","slug":"la-internacional-derechista","status":"publish","type":"post","link":"http:\/\/www.movimientocaamanista.com\/?p=5341","title":{"rendered":"La internacional derechista"},"content":{"rendered":"\n<p>Juan J. Paz-y-Mi\u00f1o Cepeda<\/p>\n\n\n\n<p>Fuente: <a href=\"https:\/\/rebelion.org\/la-internacional-derechista\/\">Rebeli\u00f3n<\/a><\/p>\n\n\n\n<p>En un art\u00edculo anterior (https:\/\/bit.ly\/39i9uR7) me refer\u00ed a la reinterpretaci\u00f3n hist\u00f3rica de la ultraderecha espa\u00f1ola (VOX), seg\u00fan la cual los conquistadores del siglo XVI fueron verdaderos \u201clibertadores\u201d de pueblos sometidos por los aztecas. No es una opini\u00f3n aislada.<\/p>\n\n\n\n<p><br>&nbsp;Desde hace a\u00f1os las derechas espa\u00f1olas vienen trabajando en una visi\u00f3n pol\u00edtica que asegure no solo su posicionamiento interno (incluye la reivindicaci\u00f3n del franquismo), sino su extensi\u00f3n en Am\u00e9rica Latina, a la que quieren involucrar en sus prop\u00f3sitos.<br><br>Tres fundaciones cumplen el papel de \u201ctanques de pensamiento\u201d (think tanks) con amplio impacto:&nbsp;<em>Fundaci\u00f3n para el An\u00e1lisis y los Estudios Sociales<\/em>&nbsp;(FAES) presidida por Jos\u00e9 Mar\u00eda Aznar;&nbsp;<em>Fundaci\u00f3n Disenso<\/em>&nbsp;(FD), entre cuyos \u201cpatronos\u201d est\u00e1 Santiago Abascal, presidente de VOX; y&nbsp;<em>Fundaci\u00f3n Internacional para la Libertad<\/em>&nbsp;(FIL), presidida por Mario Vargas Llosa, literato peruano que vive en Madrid y cuyo giro al neoliberalismo ha merecido ser tratado por el demoledor libro de Atilio Bor\u00f3n&nbsp;<em>El hechicero de la tribu<\/em>. Coinciden en promover los valores de la libertad, la democracia y el Estado de derecho, vinculados al libre mercado, la empresa privada y el \u201c<em>humanismo occidental<\/em>\u201d. Realizan actividades acad\u00e9micas, tienen publicaciones, redes vinculadas o seguidoras, sostienen diversos programas de acci\u00f3n y capacitaci\u00f3n, se respaldan en personalidades consideradas como referentes pol\u00edticas o intelectuales. Desde luego, el enemigo principal contra el que hay que librar la batalla ideol\u00f3gica desde sus perspectivas, son las izquierdas, los \u201cpopulistas\u201d, los progresistas, ante todo en Espa\u00f1a, pero, adem\u00e1s, en Iberoam\u00e9rica e incluso FD habla de la \u201cIberosfera\u201d, una comunidad de 700 millones de personas que \u201c<em>comparten una historia y una cultura com\u00fan<\/em>\u201d.<br><br>El pasado 9 de julio (2021), la FIL realiz\u00f3 el&nbsp;<em>IV Foro Atl\u00e1ntico Iberoam\u00e9rica: \u00a8Democracia y Libertad en tiempos recios\u00a8<\/em>, (<a rel=\"noreferrer noopener\" href=\"https:\/\/pazymino.us7.list-manage.com\/track\/click?u=c3e3bed0077c1d7adb5463ee7&amp;id=136bd91600&amp;e=5b2f0ae407\" target=\"_blank\">https:\/\/bit.ly\/3zfejFD<\/a>) en el que, entre otras figuras, participaron Mario Vargas Llosa, Mauricio Macri, Isabel D\u00edaz Ayuso, Enrique Krause, Sergio Ram\u00edrez, Jos\u00e9 Luis Mart\u00ednez-Almeida, Roberto Ampuero, \u00c1lvaro Vargas Llosa, Julia Vilanova, Luigi Echeverri, Leopoldo L\u00f3pez, Gerardo Bongiovanni y tambi\u00e9n, en forma virtual, los presidentes Iv\u00e1n Duque (Colombia), Luis Lacalle Pou (Uruguay), Sebasti\u00e1n Pi\u00f1era (Chile) y Guillermo Lasso de Ecuador. Fue un derroche de palabrer\u00eda sobre la libertad reducida a los \u201cvalores\u201d de la empresa privada.<br><br>El documento fundamental logrado por la FD es la \u201c<em>Carta de Madrid. En defensa de la libertad y la democracia de la Iberosfera<\/em>\u201d (<a rel=\"noreferrer noopener\" href=\"https:\/\/pazymino.us7.list-manage.com\/track\/click?u=c3e3bed0077c1d7adb5463ee7&amp;id=bdcee2f492&amp;e=5b2f0ae407\" target=\"_blank\">https:\/\/bit.ly\/3kgTntm<\/a>) lanzada el 26 de octubre de 2020 y que ha sido ampliamente difundida y comentada. La suscriben numerosos \u201ciberoamericanos\u201d de los distintos pa\u00edses, incluyendo varios ecuatorianos (como Otto Sonnenholzner, vicepresidente de Len\u00edn Moreno y Henry Kronfle del PSC), sin duda identificados en la derecha pol\u00edtica nacional. Tambi\u00e9n aparece Dora de Ampuero, del Instituto Ecuatoriano de Econom\u00eda Pol\u00edtica (<a rel=\"noreferrer noopener\" href=\"https:\/\/pazymino.us7.list-manage.com\/track\/click?u=c3e3bed0077c1d7adb5463ee7&amp;id=cd5c362c06&amp;e=5b2f0ae407\" target=\"_blank\">www.ieep.org.ec<\/a>), que igualmente consta como entidad adherida a la FIL.<br><br>Adem\u00e1s de haber unido prop\u00f3sitos compartidos entre VOX y PAN (<a rel=\"noreferrer noopener\" href=\"https:\/\/pazymino.us7.list-manage.com\/track\/click?u=c3e3bed0077c1d7adb5463ee7&amp;id=d3db96c830&amp;e=5b2f0ae407\" target=\"_blank\">https:\/\/bit.ly\/3zkvPYR<\/a>), la&nbsp;<em>Carta<\/em>&nbsp;se concentra en tres ideas centrales:<br><br>1. La identidad com\u00fan de la \u201cIberosfera\u201d como \u201c<em>comunidad de naciones libres y soberanas que comparten una arraigada herencia cultural<\/em>\u201d. Es una versi\u00f3n tradicional, que, adem\u00e1s de desplazar la identidad propia de&nbsp;<em>Nuestra Am\u00e9rica Latina<\/em>&nbsp;(Jos\u00e9 Mart\u00ed), para continuar manteni\u00e9ndola \u201cIb\u00e9rica\u201d, soslaya la diferente perspectiva hist\u00f3rica que naci\u00f3 de la relaci\u00f3n que en otra \u00e9poca se constituy\u00f3 entre el imperio y las colonias. No hubo conquistadores \u201clibertadores\u201d de pueblos, ni unas colonias en igualdad de vida con la metr\u00f3poli, sino una relaci\u00f3n econ\u00f3mica y social de desigualdades en el desarrollo, que asent\u00f3 la acumulaci\u00f3n originaria de capitales en Europa sobre la base de la subordinaci\u00f3n y la explotaci\u00f3n de la Iberoam\u00e9rica colonial.<br><br>2. La defensa del \u201c<em>Estado de Derecho, el imperio de la ley, la separaci\u00f3n de poderes, la libertad de expresi\u00f3n y la propiedad privada<\/em>\u201d, un asunto que, por la visi\u00f3n, los documentos y la posici\u00f3n asumida tanto por las tres fundaciones en referencia, como por las \u201cpersonalidades\u201d y entidades que se identifican con la&nbsp;<em>Carta<\/em>, est\u00e1 vinculado exclusivamente con un tipo de econom\u00eda: el neoliberalismo. De modo que, cuando se escribe que \u201c<em>la defensa de nuestras&nbsp;libertades es una tarea que compete no solo al \u00e1mbito pol\u00edtico, sino tambi\u00e9n a las instituciones, la sociedad civil, los medios de comunicaci\u00f3n, la academia, etc.<\/em>\u201d; y que \u201c<em>el futuro de los pa\u00edses de la Iberosfera ha de estar basado en el respeto a la democracia, los derechos humanos, el pluralismo, la dignidad humana y la justicia<\/em>\u201d, bajo las experiencias del neoliberalismo en Am\u00e9rica Latina y de los gobiernos conservadores y de derecha que lo han impuesto en la regi\u00f3n, ese \u201c<em>Estado de derechos y libertades<\/em>\u201d ha ocasionado los resultados sociales m\u00e1s perjudiciales en la historia contempor\u00e1nea, con la arrogante concentraci\u00f3n de ingresos en una elite de grupos econ\u00f3micos dispuestos a no permitir alternativas a su poder.<br><br>3. La&nbsp;<em>Carta&nbsp;<\/em>finalmente considera que el enemigo com\u00fan a derrotar es el \u201c<em>comunismo<\/em>\u201d, la \u201c<em>seria amenaza para la prosperidad y el desarrollo de nuestras naciones<\/em>\u201d. En el caso de Am\u00e9rica Latina queda muy claro que \u201c<em>est\u00e1 secuestrada por reg\u00edmenes totalitarios de inspiraci\u00f3n comunista, apoyados por el narcotr\u00e1fico y terceros pa\u00edses. Todos ellos, bajo el paraguas del r\u00e9gimen cubano e iniciativas como el Foro de S\u00e3o Paulo y el Grupo de Puebla<\/em>\u201d. Es un \u201c<em>proyecto ideol\u00f3gico y criminal<\/em>\u201d que busca introducirse en otros pa\u00edses y continentes. En definitiva, son los viejos conceptos de la \u201cguerra fr\u00eda\u201d renombrados para un presente que recuerda la d\u00e9cada de 1960 con la Alianza para el Progreso, la OEA como instrumento de los EEUU y el directo y largo intervencionismo norteamericano en Am\u00e9rica Latina, precisamente para derrocar cualquier \u201ccomunismo\u201d, lo que condujo, en la d\u00e9cada de 1970, a la instauraci\u00f3n de las dictaduras militares terroristas del Cono Sur, que no solo arrasaron con toda democracia y libertad, sino que violentaron derechos humanos, sin contemplaciones.<br><br>Como puede apreciarse, existe una internacional derechista bien avanzada. Adem\u00e1s, para completar el cuadro, hay que sumar las labores que cumple otro&nbsp;<em>think tank<\/em>: el&nbsp;<em>Instituto Interamericano para la Democracia<\/em>&nbsp;(<a rel=\"noreferrer noopener\" href=\"https:\/\/pazymino.us7.list-manage.com\/track\/click?u=c3e3bed0077c1d7adb5463ee7&amp;id=82f4f4a3e0&amp;e=5b2f0ae407\" target=\"_blank\">www.intdemocratic.org<\/a>), en cuya n\u00f3mina de asesores institucionales consta Osvaldo Hurtado. En mayo 2021, el IID organiz\u00f3 el \u201c<em>Foro Defensa de la Democracia en las Am\u00e9ricas<\/em>\u201d, al que fueron invitados los presidentes Carlos Alvarado Quesada (Costa Rica), Mario Abdo Ben\u00edtez (Paraguay) y Nayib Bukele (El Salvador), adem\u00e1s de los expresidentes Mauricio Macri (Argentina), Andr\u00e9s Pastrana (Colombia), Luis Guillermo Sol\u00eds (Costa Rica) y Osvaldo Hurtado (Ecuador), para hablar junto al Secretario General de la OEA, Luis Almagro (<a rel=\"noreferrer noopener\" href=\"https:\/\/pazymino.us7.list-manage.com\/track\/click?u=c3e3bed0077c1d7adb5463ee7&amp;id=ff8689523d&amp;e=5b2f0ae407\" target=\"_blank\">https:\/\/bit.ly\/3zgewIL<\/a>). El expresidente ecuatoriano Len\u00edn Moreno fue el orador principal, con sus internacionalmente simp\u00e1ticos y famosos discursos \u201cacad\u00e9micos\u201d (<a rel=\"noreferrer noopener\" href=\"https:\/\/pazymino.us7.list-manage.com\/track\/click?u=c3e3bed0077c1d7adb5463ee7&amp;id=e6f74c1ba5&amp;e=5b2f0ae407\" target=\"_blank\">https:\/\/bit.ly\/3nD5zXF<\/a>); y en agosto fue la figura central del coloquio \u201c<em>Dictadura de Cuba y las Am\u00e9ricas<\/em>\u201d (<a rel=\"noreferrer noopener\" href=\"https:\/\/pazymino.us7.list-manage.com\/track\/click?u=c3e3bed0077c1d7adb5463ee7&amp;id=869cbae75d&amp;e=5b2f0ae407\" target=\"_blank\">https:\/\/bit.ly\/3Cq1Wbw<\/a>), donde deleit\u00f3 a sus seguidores.<br><br>La derecha latinoamericana cuenta, entonces, con una internacional favorable. Su lucha por la \u201clibertad\u201d solo se refiere al r\u00e9gimen capitalista bajo el modelo neoliberal. Y est\u00e1 preparada para enfrentar una larga batalla que impida la construcci\u00f3n de econom\u00edas sociales y Estados orientados por intereses populares. Una situaci\u00f3n hist\u00f3rica que afirma la polarizaci\u00f3n en la que se halla la vida pol\u00edtica, econ\u00f3mica y social latinoamericana entre un proyecto \u201cliberal\u201d de intereses privados y otro de&nbsp;<em>liberaci\u00f3n<\/em>&nbsp;de las poblaciones contra ese dominio.<\/p>\n","protected":false},"excerpt":{"rendered":"<p>Juan J. Paz-y-Mi\u00f1o Cepeda Fuente: Rebeli\u00f3n En un art\u00edculo anterior (https:\/\/bit.ly\/39i9uR7) me refer\u00ed a la reinterpretaci\u00f3n hist\u00f3rica de la ultraderecha espa\u00f1ola (VOX), seg\u00fan la cual los conquistadores del siglo XVI fueron verdaderos \u201clibertadores\u201d de pueblos sometidos por los aztecas. No es una opini\u00f3n aislada. &nbsp;Desde hace a\u00f1os las derechas espa\u00f1olas vienen trabajando en una visi\u00f3n [&hellip;]<\/p>\n","protected":false},"author":1,"featured_media":5342,"comment_status":"open","ping_status":"open","sticky":false,"template":"","format":"standard","meta":{"footnotes":""},"categories":[5,3],"tags":[],"_links":{"self":[{"href":"http:\/\/www.movimientocaamanista.com\/index.php?rest_route=\/wp\/v2\/posts\/5341"}],"collection":[{"href":"http:\/\/www.movimientocaamanista.com\/index.php?rest_route=\/wp\/v2\/posts"}],"about":[{"href":"http:\/\/www.movimientocaamanista.com\/index.php?rest_route=\/wp\/v2\/types\/post"}],"author":[{"embeddable":true,"href":"http:\/\/www.movimientocaamanista.com\/index.php?rest_route=\/wp\/v2\/users\/1"}],"replies":[{"embeddable":true,"href":"http:\/\/www.movimientocaamanista.com\/index.php?rest_route=%2Fwp%2Fv2%2Fcomments&post=5341"}],"version-history":[{"count":1,"href":"http:\/\/www.movimientocaamanista.com\/index.php?rest_route=\/wp\/v2\/posts\/5341\/revisions"}],"predecessor-version":[{"id":5343,"href":"http:\/\/www.movimientocaamanista.com\/index.php?rest_route=\/wp\/v2\/posts\/5341\/revisions\/5343"}],"wp:featuredmedia":[{"embeddable":true,"href":"http:\/\/www.movimientocaamanista.com\/index.php?rest_route=\/wp\/v2\/media\/5342"}],"wp:attachment":[{"href":"http:\/\/www.movimientocaamanista.com\/index.php?rest_route=%2Fwp%2Fv2%2Fmedia&parent=5341"}],"wp:term":[{"taxonomy":"category","embeddable":true,"href":"http:\/\/www.movimientocaamanista.com\/index.php?rest_route=%2Fwp%2Fv2%2Fcategories&post=5341"},{"taxonomy":"post_tag","embeddable":true,"href":"http:\/\/www.movimientocaamanista.com\/index.php?rest_route=%2Fwp%2Fv2%2Ftags&post=5341"}],"curies":[{"name":"wp","href":"https:\/\/api.w.org\/{rel}","templated":true}]}}