{"id":5347,"date":"2021-10-13T11:09:28","date_gmt":"2021-10-13T11:09:28","guid":{"rendered":"http:\/\/www.movimientocaamanista.com\/?p=5347"},"modified":"2021-10-13T11:09:30","modified_gmt":"2021-10-13T11:09:30","slug":"pueden-las-ciudades-seguir-creciendo-de-forma-ilimitada","status":"publish","type":"post","link":"http:\/\/www.movimientocaamanista.com\/?p=5347","title":{"rendered":"\u00bfPueden las ciudades seguir creciendo de forma ilimitada?"},"content":{"rendered":"\n<p>Juan Manuel Ros Garc\u00eda<\/p>\n\n\n\n<p>Fuente: <a href=\"https:\/\/rebelion.org\/pueden-las-ciudades-seguir-creciendo-de-forma-ilimitada\/\">Rebeli\u00f3n<\/a><\/p>\n\n\n\n<p><em>\u00abLa contenci\u00f3n coordinada y sostenible del sistema representa una oportunidad global de revisi\u00f3n urgente del modelo actual de crecimiento desmedido que haga posible vivir de forma segura en nuestras ciudades\u00bb, reflexiona el profesor e investigador Juan Manuel Ros Garc\u00eda.<\/em><\/p>\n\n\n\n<p>Como un presagio, hace ya cincuenta a\u00f1os (en 1971), el libro&nbsp;<a rel=\"noreferrer noopener\" href=\"https:\/\/latimesblogs.latimes.com\/culturemonster\/2011\/04\/reading-la-banhams-four-ecologies-turns-40.html\" target=\"_blank\"><em>Los Angeles: The Architecture of Four Ecologies<\/em><\/a>&nbsp;del cr\u00edtico ingl\u00e9s Reyner Banham analizaba de forma innovadora las relaciones que se establec\u00edan entre los habitantes y la&nbsp;<strong>ciudad<\/strong>&nbsp;como un lugar de complejas interconexiones.<\/p>\n\n\n\n<p>Contra la ortodoxia establecida del Movimiento Moderno, en dicho libro, la ciudad se estudiaba de acuerdo a cuatro subsistemas topogr\u00e1ficos:<\/p>\n\n\n\n<p>\u2013 La zona de las playas (surfurbia),<\/p>\n\n\n\n<p>\u2013 La red de autopistas (autop\u00eda),<\/p>\n\n\n\n<p>\u2013 Las llanuras,<\/p>\n\n\n\n<p>\u2013 Y las colinas con sus grandes mansiones.<\/p>\n\n\n\n<p>Sobre cada uno de ellos actuaban las variables de geograf\u00eda, clima, econom\u00eda, demograf\u00eda, t\u00e9cnica y cultura.<\/p>\n\n\n\n<p>S\u00f3lo un a\u00f1o m\u00e1s tarde, en 1972, el m\u00edtico informe&nbsp;<a href=\"http:\/\/habitat.aq.upm.es\/gi\/mve\/daee\/tmzapiain.pdf\" target=\"_blank\" rel=\"noreferrer noopener\"><em>Los l\u00edmites del crecimiento<\/em><\/a>&nbsp;hablaba tambi\u00e9n de evitar riesgos ecol\u00f3gicos previsibles si no se coordinaban urgentemente todos los factores de crecimiento de las ciudades seg\u00fan la densificaci\u00f3n residencial. El objetivo era no romper el equilibrio y as\u00ed buscar una proporcionalidad sostenible. As\u00ed se evitar\u00eda el consumo impulsivo del suelo. Casualmente, en su versi\u00f3n actualizada del 2004,&nbsp;<a href=\"https:\/\/inta.gob.ar\/sites\/default\/files\/sustentabilidad_global_comentarios_de_dos_modelos_de_desarrollo_en_1970_2000_y_2015.pdf\" target=\"_blank\" rel=\"noreferrer noopener\">el informe pronosticar\u00eda un fatal desenlace para el a\u00f1o 2020<\/a>. Las predicciones llevan tiempo cumpli\u00e9ndose.<\/p>\n\n\n\n<p><strong>Hacia el colapso de las ciudades<\/strong><\/p>\n\n\n\n<p>Seg\u00fan recientes informaciones del Departamento de Asuntos Econ\u00f3micos y Sociales de las Naciones Unidas,&nbsp;<strong>se espera que para el a\u00f1o 2050 casi el 70&nbsp;% de la poblaci\u00f3n mundial viva en las ciudades<\/strong>.<\/p>\n\n\n\n<p>El aumento de las poblaciones en busca de nuevas oportunidades ejerce una enorme presi\u00f3n sobre la ciudad. Es de tal magnitud que el gran reto global se plantea actualmente en t\u00e9rminos de evitar el colapso \u2018multiorg\u00e1nico\u2019 del sistema con medidas eficaces que permitan la&nbsp;<strong>interacci\u00f3n responsable de los habitantes con el medio ambiente y su conservaci\u00f3n<\/strong>.<\/p>\n\n\n\n<p>La realidad es que tan&nbsp;<strong>solo el 13% de las ciudades del mundo cuentan con viviendas asequibles<\/strong>. Algo m\u00e1s de 800 millones de personas habitan precariamente en barrios marginales. Las cifras no paran de alarmar y ponen a\u00fan m\u00e1s en peligro el ya dif\u00edcil equilibrio actual del ser humano sobre el planeta Tierra.<\/p>\n\n\n\n<p>El problema se agudiza de manera progresiva e inexorable con la colmataci\u00f3n del medio urbano, cada vez m\u00e1s hipertrofiado respecto al resto del territorio, que lo disuelve en regiones urbanas.&nbsp;<strong>Se estima que a mediados de siglo los migrantes internacionales en el mundo hacia las grandes ciudades&nbsp;<a href=\"https:\/\/www.unfpa.org\/publications\/unfpa-annual-report-2004\" target=\"_blank\" rel=\"noreferrer noopener\">alcanzar\u00e1n la cifra de 230 millones de personas<\/a>.<\/strong><\/p>\n\n\n\n<p>Ser\u00e1 un&nbsp;<strong>avance desigual<\/strong>, acentuado en los pa\u00edses en desarrollo o de menor renta. Estos ver\u00e1n incrementadas sus ciudades, especialmente las que tienen menos de un mill\u00f3n de habitantes.&nbsp;<strong>El crecimiento urbano acelerado viene asociado a un empeoramiento en las desigualdades sociales contempladas<\/strong>&nbsp;en el&nbsp;<a href=\"https:\/\/ophi.org.uk\/multidimensional-poverty-index\/\" target=\"_blank\" rel=\"noreferrer noopener\">\u00cdndice de Pobreza Multidimensional Global<\/a>.<\/p>\n\n\n\n<p><strong>El ecosistema urbano<\/strong><\/p>\n\n\n\n<p>Desde hace ya un tiempo, hablar con propiedad de las ciudades significa apoyarse en el modelo interdisciplinar de la llamada ecolog\u00eda urbana.<\/p>\n\n\n\n<figure class=\"wp-block-image\"><img decoding=\"async\" src=\"https:\/\/images.theconversation.com\/files\/422632\/original\/file-20210922-27-xzfw8t.jpg?ixlib=rb-1.1.0&amp;q=45&amp;auto=format&amp;w=754&amp;fit=clip\" alt=\"\"\/><figcaption>Cronolog\u00eda destacada en el presente texto relativa a la tendencia de crecimiento de la poblaci\u00f3n urbana. Juan Manuel Ros Garc\u00eda<\/figcaption><\/figure>\n\n\n\n<p>Por un lado, es necesario establecer los l\u00edmites de crecimiento del h\u00e1bitat acotando el n\u00famero m\u00e1ximo de viviendas en coordinaci\u00f3n con las infraestructuras viarias o de equipamiento urbano que la ciudad pueda proporcionar. Por otro lado,&nbsp;<strong>el modelo urbanizador tradicional de los grandes suburbios perif\u00e9ricos va en contra de la sostenibilidad funcional<\/strong>, reconocida por el contrario en los procesos de densificaci\u00f3n y compactaci\u00f3n.<\/p>\n\n\n\n<p>En esta direcci\u00f3n apunta la&nbsp;<a href=\"https:\/\/www.aue.gob.es\/\" target=\"_blank\" rel=\"noreferrer noopener\">Agenda Urbana Espa\u00f1ola<\/a>&nbsp;al pedir que&nbsp;<strong>las ciudades sean convivientes, saludables y concienciadas<\/strong>. Concretamente, en su objetivo estrat\u00e9gico 2, aconseja evitar la dispersi\u00f3n urbana y revitalizar la ciudad existente. Para ello parece conveniente operar con unidades b\u00e1sicas escalables de crecimiento urbano, capaces de definir y proporcionar la transformaci\u00f3n urbana en nuevas centralidades, sin excesivos consumos de suelo difuso, proporcionando cohesi\u00f3n social.<\/p>\n\n\n\n<p>Al mismo tiempo, al abandonarse las \u00e1reas rurales de mayor biocapacidad productiva, y congestion\u00e1ndose las zonas urbanas, que tienen menos, se est\u00e1 contribuyendo al aumento insostenible del d\u00e9ficit ecol\u00f3gico, incluyendo recursos h\u00eddricos y gesti\u00f3n de residuos.<strong>&nbsp;En el caso de Espa\u00f1a, el 85&nbsp;% de su poblaci\u00f3n vive tan s\u00f3lo en el 30&nbsp;% de su territorio<\/strong>.<\/p>\n\n\n\n<p>Tal y como puede desprenderse de la&nbsp;<a href=\"http:\/\/www.estudislocals.cat\/wp-content\/uploads\/2017\/01\/Urbanismo_ecologico.pdf\" target=\"_blank\" rel=\"noreferrer noopener\">ecuaci\u00f3n de sostenibilidad urbana<\/a>, un desarrollo viable exige el impulso de una econom\u00eda verde, instrumentada por energ\u00edas renovables con la implantaci\u00f3n de comunidades energ\u00e9ticas locales y el fomento de soluciones de autoconsumo en red. Conviene recordar que&nbsp;<strong>actualmente m\u00e1s del 70% de la energ\u00eda producida en el mundo se consume en las ciudades<\/strong>. Ser\u00e1 all\u00ed donde haya que actuar contra la emergencia clim\u00e1tica, mitigando el riesgo y adapt\u00e1ndose al da\u00f1o.<\/p>\n\n\n\n<p>En 2014, el soci\u00f3logo&nbsp;<a rel=\"noreferrer noopener\" href=\"https:\/\/www.climatica.lamarea.com\/jeremy-rifkin-entrevista\/\" target=\"_blank\">Jeremy Rifkin<\/a>, presidente de la Fundaci\u00f3n de Tendencias Econ\u00f3micas de Washington, propon\u00eda como parte de la soluci\u00f3n el&nbsp;<strong>desarrollo de un nuevo tipo de econom\u00eda basada en la denominada sociedad colaborativa de coste marginal casi nulo<\/strong>. \u00c9sta favorecer\u00eda un crecimiento sostenible ecol\u00f3gico compartido. La gesti\u00f3n del tiempo colaborativo como nueva unidad relativa condicionar\u00e1 el crecimiento y competitividad de las ciudades en el futuro.<\/p>\n\n\n\n<figure class=\"wp-block-image\"><img decoding=\"async\" src=\"https:\/\/images.theconversation.com\/files\/422730\/original\/file-20210922-27-1x3mw41.jpg?ixlib=rb-1.1.0&amp;q=45&amp;auto=format&amp;w=754&amp;fit=clip\" alt=\"\"\/><figcaption>Panor\u00e1mica de Madrid.&nbsp;<a href=\"https:\/\/www.shutterstock.com\/es\/image-photo\/panoramic-aerial-view-madrids-skyline-spain-224217205\">Shutterstock \/ VanderWolf Images<\/a><\/figcaption><\/figure>\n\n\n\n<p><strong>Salud urbana<\/strong><\/p>\n\n\n\n<p>Recientemente se ha constatado, debido a la pandemia, que las ciudades constituyen una cuesti\u00f3n de salud p\u00fablica. La Organizaci\u00f3n Mundial de la Salud (OMS) a trav\u00e9s de ONU-H\u00e1bitat acaba de publicar el manual de referencia para la salud urbana llamado&nbsp;<a href=\"https:\/\/unhabitat.org\/sites\/default\/files\/2021\/06\/21116_spanish_integrating_health_in_urban_and_territorial_planning.pdf\" target=\"_blank\" rel=\"noreferrer noopener\"><em>Integrar la salud en la planificaci\u00f3n urbana y territorial<\/em><\/a>. Se trata de una extensi\u00f3n del&nbsp;<a href=\"https:\/\/apps.who.int\/iris\/handle\/10665\/204715\" target=\"_blank\" rel=\"noreferrer noopener\"><em>Global report on urban health: equitable healthier cities for sustainable development<\/em><\/a>&nbsp;(<em>Informe mundial sobre la salud urbana: ciudades m\u00e1s sanas y equitativas para un desarrollo sostenible<\/em>).<\/p>\n\n\n\n<p>M\u00e1s all\u00e1 del conocido&nbsp;<a href=\"https:\/\/oa.upm.es\/66732\/\" target=\"_blank\" rel=\"noreferrer noopener\">urbanismo t\u00e1ctico<\/a>&nbsp;y de iniciativas de concienciaci\u00f3n como la&nbsp;<a href=\"http:\/\/www.cscae.com\/images\/stories\/Noticias\/Cultural\/Davos-Declaration_ES.pdf\" target=\"_blank\" rel=\"noreferrer noopener\">Baukultur<\/a>, cada vez es m\u00e1s urgente la necesidad de ofrecer \u00e1mbitos suficientes de naturalizaci\u00f3n urbana, atenuaci\u00f3n de ruido y adecuada calidad del aire en las grandes ciudades. All\u00ed se producen m\u00e1s de&nbsp;<a href=\"https:\/\/www.who.int\/news\/item\/22-09-2021-new-who-global-air-quality-guidelines-aim-to-save-millions-of-lives-from-air-pollution\" target=\"_blank\" rel=\"noreferrer noopener\">7 millones de muertes prematuras anuales<\/a>&nbsp;por disfunciones ambientales. Ello podr\u00eda suponer un r<strong>egreso feliz para muchas personas a los supuestos del medio rural<\/strong>, actualmente desocupado y disponible.<\/p>\n\n\n\n<p>El segundo objetivo estrat\u00e9gico de la Agenda Urbana Espa\u00f1ola tambi\u00e9n defiende \u201cperseguir no solo que la ciudad se adapte a la naturaleza, sino que la naturaleza entre en las ciudades. Se trata de fomentar&nbsp;<a href=\"https:\/\/theconversation.com\/las-zonas-verdes-urbanas-a-examen-144824\" target=\"_blank\" rel=\"noreferrer noopener\">infraestructuras verdes<\/a>&nbsp;y azules que garanticen la&nbsp;<strong>biodiversidad<\/strong>&nbsp;y que conecten las tradicionales zonas verdes urbanas con la propia naturaleza, para acercarla al ciudadano de manera accesible y saludable\u201d.<\/p>\n\n\n\n<p>Seg\u00fan la OMS,&nbsp;<strong>por cada habitante son necesarios entre 10 y 15&nbsp;m\u00b2 de \u00e1rea verde que debe distribuirse en el h\u00e1bitat<\/strong>. Parece pertinente proponer un nuevo factor de evaluaci\u00f3n medioambiental de calidad de vida urbana, que mida la relaci\u00f3n que se produce entre la superficie de espacio p\u00fablico urbano naturalizado \u2013es decir, caracterizado medioambientalmente por su cobertura arb\u00f3rea, peatonalizaci\u00f3n, calidad del aire\u2026\u2013 y la densidad de poblaci\u00f3n.<\/p>\n\n\n\n<p>Dicho factor podr\u00eda denominarse \u00edndice de activaci\u00f3n del espacio p\u00fablico (IAEP). Permitir\u00eda establecer un nuevo marcador de calidad de vida y un indicador global de sostenibilidad, para ayudar a evaluar el efecto devastador de las ciudades.<\/p>\n\n\n\n<figure class=\"wp-block-image\"><img decoding=\"async\" src=\"https:\/\/images.theconversation.com\/files\/422633\/original\/file-20210922-22-87l9ek.jpg?ixlib=rb-1.1.0&amp;q=45&amp;auto=format&amp;w=754&amp;fit=clip\" alt=\"\"\/><figcaption>Las cinco l\u00edneas clave para medir el futuro de nuestras ciudades. Juan Manuel Ros Garc\u00eda.<\/figcaption><\/figure>\n\n\n\n<p>Con esta perspectiva, podemos seleccionar las<strong>&nbsp;cinco \u00e1reas en t\u00e9rminos de consumo de recursos naturales necesarios para hacer posible el desarrollo de la vida urbana.<\/strong>&nbsp;Tambi\u00e9n se pueden entender como los cinco vectores para medir actualmente el problema del crecimiento dist\u00f3pico de las ciudades. Estos son:<\/p>\n\n\n\n<p>1. Los&nbsp;<strong>flujos migratorios<\/strong>&nbsp;de descompensaci\u00f3n territorial y la explosi\u00f3n demogr\u00e1fica, como riesgo de vulnerabilidad urbana y acelerador postindustrial del cambio clim\u00e1tico.<\/p>\n\n\n\n<p>2. El&nbsp;<strong>mantenimiento energ\u00e9tico sostenible y eficiente<\/strong>&nbsp;de los cada vez mayores niveles de exigencia social de calidad de vida.<\/p>\n\n\n\n<p>3. La&nbsp;<strong>log\u00edstica de abastecimiento de bienes y servicios&nbsp;<\/strong>que no comprometa la huella ecol\u00f3gica en origen, ni el ciclo de vida completo del producto final.<\/p>\n\n\n\n<p>4. La gesti\u00f3n oportuna de la nueva&nbsp;<strong>revoluci\u00f3n tecnol\u00f3gica<\/strong>&nbsp;aplicada al orden expansivo de las ciudades (informaci\u00f3n, transporte y energ\u00eda).<\/p>\n\n\n\n<p>5. La ciudad entendida como&nbsp;<strong>espacio urbano alternativo<\/strong>&nbsp;agregador de actividades, garante de la salud humana positiva, que fortalezca sus capacidades a favor de la comunidad.<\/p>\n\n\n\n<p>La contenci\u00f3n coordinada y sostenible del sistema representa una oportunidad global de revisi\u00f3n urgente del modelo actual de crecimiento desmedido que haga posible vivir de forma segura en nuestras ciudades.<\/p>\n\n\n\n<p><em><a rel=\"noreferrer noopener\" href=\"https:\/\/theconversation.com\/profiles\/juan-manuel-ros-garcia-1272895\" target=\"_blank\">Juan Manuel Ros Garc\u00eda<\/a>, Profesor Titular del \u00c1rea de Proyectos Arquitect\u00f3nicos,&nbsp;<a rel=\"noreferrer noopener\" href=\"https:\/\/theconversation.com\/institutions\/universidad-ceu-san-pablo-3520\" target=\"_blank\">Universidad CEU San Pablo<\/a><\/em><\/p>\n","protected":false},"excerpt":{"rendered":"<p>Juan Manuel Ros Garc\u00eda Fuente: Rebeli\u00f3n \u00abLa contenci\u00f3n coordinada y sostenible del sistema representa una oportunidad global de revisi\u00f3n urgente del modelo actual de crecimiento desmedido que haga posible vivir de forma segura en nuestras ciudades\u00bb, reflexiona el profesor e investigador Juan Manuel Ros Garc\u00eda. Como un presagio, hace ya cincuenta a\u00f1os (en 1971), el [&hellip;]<\/p>\n","protected":false},"author":1,"featured_media":5348,"comment_status":"open","ping_status":"open","sticky":false,"template":"","format":"standard","meta":{"footnotes":""},"categories":[4],"tags":[],"_links":{"self":[{"href":"http:\/\/www.movimientocaamanista.com\/index.php?rest_route=\/wp\/v2\/posts\/5347"}],"collection":[{"href":"http:\/\/www.movimientocaamanista.com\/index.php?rest_route=\/wp\/v2\/posts"}],"about":[{"href":"http:\/\/www.movimientocaamanista.com\/index.php?rest_route=\/wp\/v2\/types\/post"}],"author":[{"embeddable":true,"href":"http:\/\/www.movimientocaamanista.com\/index.php?rest_route=\/wp\/v2\/users\/1"}],"replies":[{"embeddable":true,"href":"http:\/\/www.movimientocaamanista.com\/index.php?rest_route=%2Fwp%2Fv2%2Fcomments&post=5347"}],"version-history":[{"count":1,"href":"http:\/\/www.movimientocaamanista.com\/index.php?rest_route=\/wp\/v2\/posts\/5347\/revisions"}],"predecessor-version":[{"id":5349,"href":"http:\/\/www.movimientocaamanista.com\/index.php?rest_route=\/wp\/v2\/posts\/5347\/revisions\/5349"}],"wp:featuredmedia":[{"embeddable":true,"href":"http:\/\/www.movimientocaamanista.com\/index.php?rest_route=\/wp\/v2\/media\/5348"}],"wp:attachment":[{"href":"http:\/\/www.movimientocaamanista.com\/index.php?rest_route=%2Fwp%2Fv2%2Fmedia&parent=5347"}],"wp:term":[{"taxonomy":"category","embeddable":true,"href":"http:\/\/www.movimientocaamanista.com\/index.php?rest_route=%2Fwp%2Fv2%2Fcategories&post=5347"},{"taxonomy":"post_tag","embeddable":true,"href":"http:\/\/www.movimientocaamanista.com\/index.php?rest_route=%2Fwp%2Fv2%2Ftags&post=5347"}],"curies":[{"name":"wp","href":"https:\/\/api.w.org\/{rel}","templated":true}]}}