{"id":5350,"date":"2021-10-14T11:04:30","date_gmt":"2021-10-14T11:04:30","guid":{"rendered":"http:\/\/www.movimientocaamanista.com\/?p=5350"},"modified":"2021-10-14T11:04:32","modified_gmt":"2021-10-14T11:04:32","slug":"victoria-comunista-en-la-segunda-ciudad-de-austria","status":"publish","type":"post","link":"http:\/\/www.movimientocaamanista.com\/?p=5350","title":{"rendered":"Victoria comunista en la segunda ciudad de Austria"},"content":{"rendered":"\n<p>Robert Krotzer<\/p>\n\n\n\n<p>Fuente: <a href=\"https:\/\/rebelion.org\/victoria-comunista-en-la-segunda-ciudad-de-austria\/\">Rebeli\u00f3n<\/a><\/p>\n\n\n\n<p>En las elecciones celebradas el domingo en Graz (Austria), el Partido Comunista se alz\u00f3 con la victoria por primera vez en la historia. Jacobin habl\u00f3 con uno de los candidatos ganadores sobre c\u00f3mo el partido construy\u00f3 una \u00abfortaleza roja\u00bb en la ciudad.<\/p>\n\n\n\n<p>Si los experimentos sociales de la \u00ab<a rel=\"noreferrer noopener\" href=\"https:\/\/jacobinlat.com\/2021\/05\/08\/la-viena-roja-revoluciono-el-pensamiento-de-freud\/\" target=\"_blank\">Viena Roja<\/a>\u00bb asociaron durante mucho tiempo a&nbsp;<a rel=\"noreferrer noopener\" href=\"https:\/\/jacobinlat.com\/2021\/08\/23\/retorno-critico-al-austromarxismo\/\" target=\"_blank\">Austria<\/a>&nbsp;con los puntos \u00e1lgidos hist\u00f3ricos de la socialdemocracia, en las \u00faltimas d\u00e9cadas esta rep\u00fablica alpina se ha convertido en un laboratorio del populismo de derechas. Pero en Graz \u2014la segunda ciudad m\u00e1s grande del pa\u00eds despu\u00e9s de Viena\u2014 hay una alternativa a la tendencia reaccionaria. En las elecciones de este domingo, el Partido Comunista de Austria (KP\u00d6) consigui\u00f3 una victoria sin precedentes, al obtener el 29% de los votos. Con la derrota del conservador Partido Popular Austriaco (\u00d6VP), se espera que la comunista Elke Kahr se convierta en alcaldesa.<\/p>\n\n\n\n<p>El sorprendente \u00e9xito del KP\u00d6 en esta ciudad \u2014que contrasta con su presencia marginal en la pol\u00edtica nacional\u2014 se debe a a\u00f1os de compromiso comunitario arraigado en una firme pol\u00edtica de clase. Su progreso no habr\u00eda sido posible sin activistas dedicados como Robert Krotzer, de 34 a\u00f1os, que fue el segundo en la lista del KP\u00d6 en estas elecciones. En 2017 se convirti\u00f3 en la persona m\u00e1s joven en ser elegida para el senado de la ciudad de Graz, y desde entonces ha servido como jefe del Departamento de Salud y de Cuidados en el Departamento de Servicios Sociales.<\/p>\n\n\n\n<p>Antes de la votaci\u00f3n del domingo, Krotzer convers\u00f3 con Adam Baltner, de&nbsp;<em>Jacobin<\/em>, sobre c\u00f3mo el KP\u00d6 construy\u00f3 esta improbable \u00abfortaleza roja\u00bb.<\/p>\n\n\n\n<h5 class=\"wp-block-heading\"><strong>AB<\/strong><\/h5>\n\n\n\n<p><strong>En las elecciones nacionales de Austria, el KP\u00d6 suele obtener alrededor del 1% de los votos. Sin embargo, en Graz \u2014la capital del estado de Estiria\u2014 el partido obtiene unos resultados considerablemente mejores, con cerca del 20% desde principios de la d\u00e9cada de 2000. \u00bfPor qu\u00e9 el KP\u00d6 tiene tanto \u00e9xito en Graz?<\/strong><\/p>\n\n\n\n<h6 class=\"wp-block-heading\"><strong>RK<\/strong><\/h6>\n\n\n\n<p>Esto tiene que ver con una orientaci\u00f3n pol\u00edtica que se remonta a principios de los a\u00f1os 90, una \u00e9poca de profunda crisis para el movimiento comunista. Entonces, uno de los lemas del KP\u00d6 Estiria era \u00abUn partido \u00fatil para la vida cotidiana y para los grandes objetivos del movimiento obrero\u00bb. En consonancia con esta m\u00e1xima, el partido llevaba a cabo una pol\u00edtica muy concreta, especialmente para los inquilinos.<\/p>\n\n\n\n<p>En particular, [el antiguo pol\u00edtico del KP\u00d6 y presidente del partido en Graz] Ernest Kaltenegger realiz\u00f3 una gran labor en este \u00e1mbito y se gan\u00f3 una reputaci\u00f3n muy positiva entre la poblaci\u00f3n. Kaltenegger siempre estaba ah\u00ed para ayudar a los dem\u00e1s y prestar atenci\u00f3n a sus problemas. Hasta el d\u00eda de hoy, la gente sigue contando historias sobre \u00e9l, incluso arreglando cosas en sus apartamentos. Pero tambi\u00e9n politiz\u00f3 el tema de la vivienda.<\/p>\n\n\n\n<p>A principios de los a\u00f1os 90 existieron numerosos desalojos de inquilinos, a veces con m\u00e9todos extremadamente draconianos, como retirar las ventanas de las entradas de los edificios en enero, supuestamente porque las mandaban a reparar. En 1991 se cre\u00f3 una l\u00ednea telef\u00f3nica de emergencia para inquilinos como primer punto de contacto para las personas que ten\u00edan problemas con sus caseros. Tambi\u00e9n se cre\u00f3, por iniciativa de Kaltenegger, un servicio de asesoramiento jur\u00eddico para las \u00abv\u00edctimas de los especuladores\u00bb, como se les llamaba entonces. Gracias a esta interacci\u00f3n de ayuda muy concreta y apoyo jur\u00eddico, el KP\u00d6 pudo hacerse un nombre.<\/p>\n\n\n\n<p>Varios a\u00f1os m\u00e1s tarde se llev\u00f3 a cabo una gran campa\u00f1a contra los elevados precios de los alquileres en las viviendas p\u00fablicas. En aquella \u00e9poca, incluso en las viviendas p\u00fablicas, no era raro que la gente pagara hasta el 55% de sus ingresos por el alquiler. Por ello, el KP\u00d6 present\u00f3 un proyecto de ley en el ayuntamiento que estipulaba que nadie que viviera en una vivienda p\u00fablica tendr\u00eda que pagar m\u00e1s de un tercio de sus ingresos en concepto de alquiler. Como tantos otros proyectos de ley del KP\u00d6, fue rechazado por todos los dem\u00e1s partidos. Posteriormente, el KP\u00d6 recogi\u00f3 firmas, sobre todo en las viviendas p\u00fablicas y junto a los inquilinos. El partido present\u00f3 entonces al ayuntamiento una \u00abPetici\u00f3n de acuerdo con el derecho popular de Estiria\u00bb con diecisiete mil firmas y volvi\u00f3 a presentar el proyecto de ley. Esta vez se aprob\u00f3 por unanimidad.<\/p>\n\n\n\n<p>Las siguientes elecciones de 1998 supusieron el primer gran avance del KP\u00d6 en las urnas, con un 7,9% de los votos. Los partidos gobernantes le dieron a Kaltenegger el Departamento de Vivienda, y esperaban que fracasara en esta funci\u00f3n. Pero las cosas resultaron diferentes. De hecho, consigui\u00f3 hacer bastantes cosas, como asegurarse de que cada vivienda p\u00fablica tuviera su propio ba\u00f1o y aseo. Y luego, en las elecciones de 2003, el partido logr\u00f3 el 20,8%.<\/p>\n\n\n\n<p>Todo esto demuestra que la pol\u00edtica de izquierdas requiere resistencia y trabajo de base. Tambi\u00e9n demuestra que los funcionarios parlamentarios pueden utilizar la presi\u00f3n extraparlamentaria para sacar adelante cosas que de otro modo no ser\u00edan posibles en las relaciones de poder existentes.<\/p>\n\n\n\n<h5 class=\"wp-block-heading\"><strong>AB<\/strong><\/h5>\n\n\n\n<p><strong>Acabas de mencionar no solo c\u00f3mo el KP\u00d6 ha conseguido apoyo en Graz, sino tambi\u00e9n c\u00f3mo ha influido en la pol\u00edtica de la ciudad desde su papel de partido de la oposici\u00f3n. \u00bfQu\u00e9 otros ejemplos hay de ello?<\/strong><\/p>\n\n\n\n<h6 class=\"wp-block-heading\"><strong>RK<\/strong><\/h6>\n\n\n\n<p>Uno de los logros m\u00e1s duraderos del KP\u00d6 se produjo en 2004, cuando bloque\u00f3 la privatizaci\u00f3n del parque de viviendas p\u00fablicas de Graz. En aquel momento, el \u00d6VP [conservador], el SP\u00d6 [Partido Socialdem\u00f3crata de Austria] y, de hecho, todos los dem\u00e1s partidos del ayuntamiento estaban de acuerdo con la privatizaci\u00f3n. Desgraciadamente, por la misma \u00e9poca, un gobierno \u00abrojo-rojo\u00bb de Berl\u00edn [una coalici\u00f3n entre el Partido Socialdem\u00f3crata de Alemania y el predecesor de Die Linke] privatiz\u00f3 los apartamentos propiedad de la ciudad.<\/p>\n\n\n\n<p>Aunque entonces \u00e9ramos un partido peque\u00f1o, conseguimos reunir m\u00e1s de diez mil firmas para nuestra petici\u00f3n contra la privatizaci\u00f3n, que seg\u00fan la ley de Estiria es el n\u00famero necesario para un refer\u00e9ndum oficial organizado por la ciudad. En las urnas, cerca del 96% vot\u00f3 en contra de la venta de las viviendas. Hasta el d\u00eda de hoy, todos los partidos han mantenido las manos fuera de las viviendas p\u00fablicas: el tema de la privatizaci\u00f3n nunca ha vuelto a surgir.<\/p>\n\n\n\n<p>Aunque nunca hemos sido uno de los partidos de la coalici\u00f3n gobernante, hemos ocupado cargos en el ejecutivo municipal desde 1998. Esto se debe al sistema de representaci\u00f3n proporcional, que asigna los esca\u00f1os del Senado de la ciudad en funci\u00f3n de la proporci\u00f3n de votos de los partidos. En la actualidad, la presidenta de nuestro partido, Elke Kahr, dirige el Departamento de Carreteras y el de Planificaci\u00f3n del Transporte, y yo soy responsable de Salud y Cuidados. Hemos cosechado \u00e9xitos en estas dos \u00e1reas, a pesar de las dif\u00edciles condiciones de los \u00faltimos cuatro a\u00f1os y medio bajo el gobierno de coalici\u00f3n de derechas entre el \u00d6VP y el FP\u00d6 [Partido de la Libertad de Austria, de extrema derecha].<\/p>\n\n\n\n<p>Hemos construido nuevos carriles bici y mejorado el transporte p\u00fablico ampliando la red de tranv\u00edas y creando nuevas l\u00edneas de autob\u00fas. Y hemos introducido el llamado Modelo de Cuidados de Graz, seg\u00fan el cual los ancianos dependientes de cuidados reciben subsidios de la ciudad para que puedan ser atendidos en casa y no tengan que trasladarse a residencias de ancianos.<\/p>\n\n\n\n<h5 class=\"wp-block-heading\"><strong>AB<\/strong><\/h5>\n\n\n\n<p><strong>Cuando fuiste nombrado responsable de Sanidad y Cuidados en 2017, nadie esperaba que llegara la crisis del COVID-19. \u00bfC\u00f3mo has utilizado tu cargo para afrontar la crisis a nivel local?<\/strong><\/p>\n\n\n\n<h6 class=\"wp-block-heading\"><strong>RK<\/strong><\/h6>\n\n\n\n<p>El Departamento de Salud de Graz es un departamento relativamente peque\u00f1o, pero no por ello menos importante. En comparaci\u00f3n con Viena, que es tanto una ciudad como su propio estado, Graz es solo una ciudad. Por eso, a diferencia de nuestro hom\u00f3logo vien\u00e9s, carecemos de ciertas responsabilidades, como la administraci\u00f3n de las asociaciones hospitalarias. Cuando me hice cargo del departamento, en los c\u00edrculos del Partido de los J\u00f3venes [organizaci\u00f3n juvenil del conservador \u00d6VP] se dec\u00eda: \u00abKrotzer se queda con el Departamento de Salud porque, de todos modos, no puede hacer ning\u00fan da\u00f1o all\u00ed\u00bb. Esto da una idea de la seriedad con la que el \u00d6VP se toma los temas de la salud y los cuidados. En comparaci\u00f3n, para nosotros en el KP\u00d6 siempre han tenido una importancia crucial.<\/p>\n\n\n\n<p>La pol\u00edtica de sanidad urbana con respecto a la crisis del COVID significa, sobre todo, la localizaci\u00f3n de contactos, o sea, el seguimiento y la ruptura de las cadenas de infecci\u00f3n. Esto es, por supuesto, una tarea enorme para cualquier agencia de salud p\u00fablica. En febrero de 2020, la Oficina de Epidemiolog\u00eda de Graz constaba exactamente de dos puestos y medio. En noviembre de 2020, doscientas personas trabajaban all\u00ed.<\/p>\n\n\n\n<p>Sin embargo, no nos hemos limitado a cumplir con nuestras obligaciones administrativas. Trabajando con organizaciones de inmigrantes y ancianos, as\u00ed como con instituciones de asistencia social, iniciamos una cadena telef\u00f3nica en marzo de 2020 para difundir informaci\u00f3n y averiguar lo que la gente sab\u00eda y necesitaba en ese momento. A continuaci\u00f3n, les apoyamos de forma concreta, como poni\u00e9ndoles en contacto con servicios de compra o proporcion\u00e1ndoles vales de comida.<\/p>\n\n\n\n<p>Los gobiernos nacional y estatal hicieron numerosas promesas de que pondr\u00edan a disposici\u00f3n del p\u00fablico las pruebas r\u00e1pidas de ant\u00edgenos, pero en el oto\u00f1o de 2020 acabamos pag\u00e1ndolas de nuestro bolsillo y envi\u00e1ndolas a residencias de ancianos, proveedores de salud a domicilio e instituciones de asistencia social. Para hacer llegar la vacuna a la poblaci\u00f3n, tambi\u00e9n realizamos campa\u00f1as especiales de vacunaci\u00f3n, por ejemplo, para los vendedores del peri\u00f3dico callejero&nbsp;<em>Megafon<\/em>&nbsp;y en la mezquita de Graz, en las iglesias, en las bibliotecas y en diferentes partes de la ciudad. Todo ello responde a nuestro objetivo de ser un partido \u00fatil para la vida cotidiana.<\/p>\n\n\n\n<h5 class=\"wp-block-heading\"><strong>AB<\/strong><\/h5>\n\n\n\n<p><strong>La cobertura de las elecciones ha estado dominada por las especulaciones sobre los partidos que se unir\u00e1n a la coalici\u00f3n de gobierno. En tu opini\u00f3n, \u00bfcu\u00e1les son las cuestiones decisivas?<\/strong><\/p>\n\n\n\n<h6 class=\"wp-block-heading\"><strong>RK<\/strong><\/h6>\n\n\n\n<p>Solo en muy pocas ocasiones los votantes me han planteado la cuesti\u00f3n de las posibles coaliciones. M\u00e1s bien, las conversaciones en los puestos de informaci\u00f3n suelen girar en torno a la ayuda que la gente ha recibido de nosotros de forma muy concreta. Y eso es una gran ventaja que tenemos como KP\u00d6.<\/p>\n\n\n\n<p>Cada a\u00f1o, miles de personas nos visitan a Elke [Kahr] y a m\u00ed en nuestras horas de oficina. All\u00ed vemos cu\u00e1l es la mejor manera de ayudarles, ya sea asesor\u00e1ndoles jur\u00eddicamente, ayud\u00e1ndoles a rellenar solicitudes o d\u00e1ndoles ayuda econ\u00f3mica directa: los representantes del KP\u00d6 en el Senado de la ciudad y en el Landtag [parlamento] de Estiria donan voluntariamente dos tercios de sus salarios a las personas necesitadas.<\/p>\n\n\n\n<p>Para nosotros, esto no es definitivamente caridad. Es m\u00e1s bien una forma de pol\u00edtica orientada a un principio b\u00e1sico socialista-comunista que se remonta a la Comuna de Par\u00eds. Creo que es dif\u00edcil hablar con aut\u00e9ntica empat\u00eda con alguien que trabaja a tiempo completo por 1200 euros al mes, cuando t\u00fa ganas tres, cuatro, cinco veces m\u00e1s. Despu\u00e9s de todo, como dijo Marx, el ser determina la conciencia.<\/p>\n\n\n\n<p>Adem\u00e1s del fracaso de la pol\u00edtica social [de la coalici\u00f3n gobernante de derechas], yo nombrar\u00eda el r\u00e1pido avance de la expansi\u00f3n urbana como otro de los principales problemas. En Graz se aprueban planes de construcci\u00f3n y se ceden espacios verdes con extrema frivolidad porque el alcalde del \u00d6VP, Siegfried Nagl [que dimiti\u00f3 este domingo], es muy amigo de los inversores. A mucha gente le molesta enormemente esto. No son pocos los que incluso me han dicho, a causa del frenes\u00ed constructor de los \u00faltimos a\u00f1os: \u00abEn toda mi vida no he votado a ning\u00fan otro partido que no sea el \u00d6VP, pero ya es suficiente\u00bb.<\/p>\n\n\n\n<h5 class=\"wp-block-heading\"><strong>AB<\/strong><\/h5>\n\n\n\n<p><strong>El programa del KP\u00d6 Estiria destaca la herencia de Marx, Engels y Lenin. Debido a este compromiso abierto con una pol\u00edtica radical, el conservador \u00d6VP le ha estado haciendo la pu\u00f1eta durante a\u00f1os, aparentemente sin mucho \u00e9xito. \u00bfC\u00f3mo te enfrentas a las calumnias anticomunistas?<\/strong><\/p>\n\n\n\n<h6 class=\"wp-block-heading\"><strong>RK<\/strong><\/h6>\n\n\n\n<p>En la primavera de este a\u00f1o publicamos un comunicado de prensa para conmemorar el sexag\u00e9simo aniversario del primer vuelo espacial tripulado. Por supuesto, la primera persona en el espacio fue el&nbsp;<a href=\"https:\/\/jacobinlat.com\/2021\/04\/12\/yuri-gagarin-tenia-madera-de-cosmonauta\/\" target=\"_blank\" rel=\"noreferrer noopener\">cosmonauta sovi\u00e9tico Yuri Gagarin<\/a>. El \u00d6VP intent\u00f3 ponernos la zancadilla presentando una moci\u00f3n de urgencia en el ayuntamiento en la que se exig\u00eda a los partidos que se distanciaran de todas las ideolog\u00edas totalitarias, incluido el comunismo sovi\u00e9tico. Todos los dem\u00e1s partidos, incluidos el SP\u00d6 y los Verdes, votaron a favor de esta moci\u00f3n. El \u00d6VP expres\u00f3 entonces su indignaci\u00f3n por el hecho de que nos neg\u00e1ramos.<\/p>\n\n\n\n<p>Nuestra respuesta fue finalmente bastante comedida. Conocemos al \u00d6VP desde hace tiempo y sabemos lo que quieren conseguir con algo as\u00ed. Nuestra concejala Elke Heinrichs pronunci\u00f3 un discurso en el que detall\u00f3 ampliamente que el KP\u00d6 siempre ha sido la principal fuerza de resistencia contra el fascismo en Austria y que \u2014a diferencia de los dem\u00e1s partidos que han existido desde la posguerra\u2014 nunca ha tenido compa\u00f1eros con pasados fascistas. En otras palabras, cuando se trata de cuestiones de distanciamiento, el \u00d6VP deber\u00eda poner su propia casa en orden.<\/p>\n\n\n\n<p>Por supuesto, hay muchos aspectos de la historia del socialismo realmente existente que nosotros, como comunistas y marxistas, tenemos que discutir. Pero no tenemos que hacerlo a instancias del \u00d6VP, y menos a\u00fan a trav\u00e9s de la lente con la que ellos ven la historia.<\/p>\n\n\n\n<p>Esta t\u00e1ctica anticomunista del \u00d6VP nunca fue un tema de discusi\u00f3n en ninguno de nuestros puestos de informaci\u00f3n. Creo que probablemente pas\u00f3 desapercibida para la poblaci\u00f3n en general, porque bastantes personas ya tienen una conexi\u00f3n muy concreta con el KP\u00d6: o conocen a uno de nosotros, o nos ven por la calle, o saben que somos la raz\u00f3n por la que existe la l\u00ednea de atenci\u00f3n a los inquilinos. Estas cosas son mucho m\u00e1s importantes para la gente.<\/p>\n\n\n\n<h5 class=\"wp-block-heading\"><strong>AB<\/strong><\/h5>\n\n\n\n<p><strong>Hasta ahora, el \u00e9xito del KP\u00d6 en Graz no se ha reproducido en otras ciudades de Austria. \u00bfCrees que se puede construir un movimiento pol\u00edtico nacional o incluso internacional a trav\u00e9s de la pol\u00edtica municipal?<\/strong><\/p>\n\n\n\n<h6 class=\"wp-block-heading\"><strong>RK<\/strong><\/h6>\n\n\n\n<p>Naturalmente, no predicamos el socialismo en una ciudad o algo as\u00ed como una transici\u00f3n municipal al socialismo. Pero estoy convencido de que la pol\u00edtica de izquierdas debe desarrollarse desde abajo. Y eso significa echar ra\u00edces en el nivel del municipio, o incluso en el taller, y estar en contacto constante con la gente. Es importante comprometerse en \u00e1mbitos en los que puedas demostrar concretamente que eres una fuerza \u00fatil. Y los partidos obreros pueden aprender mucho de este tipo de compromiso.<\/p>\n\n\n\n<p>En las \u00faltimas d\u00e9cadas, la izquierda puede haber descuidado un poco esta idea. La gente ha pensado que tenemos textos sofisticados, que tenemos los vol\u00famenes de Marx y Engels y Lenin, y que con ellos seremos capaces de enfrentarnos al mundo. Pero solo a trav\u00e9s del intercambio constante con la gente se puede averiguar d\u00f3nde est\u00e1n los verdaderos problemas. Si t\u00fa y tus compa\u00f1eros quer\u00e9is trabajar juntos para cambiar y mejorar las condiciones de la gente, este conocimiento es fundamental.<\/p>\n\n\n\n<p>Hay varios ejemplos de \u00e9xito de la pol\u00edtica de izquierdas en el \u00e1mbito municipal o de los sindicatos: por ejemplo, en el Alentejo, en Portugal, donde hay comunidades administradas por el Partido Comunista Portugu\u00e9s desde la Revoluci\u00f3n de los Claveles de 1974, o la [organizaci\u00f3n sindical afiliada a los comunistas] PAME, en Grecia.<\/p>\n\n\n\n<p>Una novedad interesante es el \u00e9xito del Partido de los Trabajadores de B\u00e9lgica. Sobre la base de sus antiguas ra\u00edces en la organizaci\u00f3n sindical, este partido logr\u00f3 convertirse en una fuerza en la pol\u00edtica municipal antes de dar el gran salto a la escena nacional en 2019. Este logro es realmente impresionante. Pero tambi\u00e9n se desarroll\u00f3 a peque\u00f1a escala. Desde luego, no habr\u00eda sido posible sin las ra\u00edces locales.<\/p>\n","protected":false},"excerpt":{"rendered":"<p>Robert Krotzer Fuente: Rebeli\u00f3n En las elecciones celebradas el domingo en Graz (Austria), el Partido Comunista se alz\u00f3 con la victoria por primera vez en la historia. Jacobin habl\u00f3 con uno de los candidatos ganadores sobre c\u00f3mo el partido construy\u00f3 una \u00abfortaleza roja\u00bb en la ciudad. Si los experimentos sociales de la \u00abViena Roja\u00bb asociaron [&hellip;]<\/p>\n","protected":false},"author":1,"featured_media":5351,"comment_status":"open","ping_status":"open","sticky":false,"template":"","format":"standard","meta":{"footnotes":""},"categories":[5,3],"tags":[],"_links":{"self":[{"href":"http:\/\/www.movimientocaamanista.com\/index.php?rest_route=\/wp\/v2\/posts\/5350"}],"collection":[{"href":"http:\/\/www.movimientocaamanista.com\/index.php?rest_route=\/wp\/v2\/posts"}],"about":[{"href":"http:\/\/www.movimientocaamanista.com\/index.php?rest_route=\/wp\/v2\/types\/post"}],"author":[{"embeddable":true,"href":"http:\/\/www.movimientocaamanista.com\/index.php?rest_route=\/wp\/v2\/users\/1"}],"replies":[{"embeddable":true,"href":"http:\/\/www.movimientocaamanista.com\/index.php?rest_route=%2Fwp%2Fv2%2Fcomments&post=5350"}],"version-history":[{"count":1,"href":"http:\/\/www.movimientocaamanista.com\/index.php?rest_route=\/wp\/v2\/posts\/5350\/revisions"}],"predecessor-version":[{"id":5352,"href":"http:\/\/www.movimientocaamanista.com\/index.php?rest_route=\/wp\/v2\/posts\/5350\/revisions\/5352"}],"wp:featuredmedia":[{"embeddable":true,"href":"http:\/\/www.movimientocaamanista.com\/index.php?rest_route=\/wp\/v2\/media\/5351"}],"wp:attachment":[{"href":"http:\/\/www.movimientocaamanista.com\/index.php?rest_route=%2Fwp%2Fv2%2Fmedia&parent=5350"}],"wp:term":[{"taxonomy":"category","embeddable":true,"href":"http:\/\/www.movimientocaamanista.com\/index.php?rest_route=%2Fwp%2Fv2%2Fcategories&post=5350"},{"taxonomy":"post_tag","embeddable":true,"href":"http:\/\/www.movimientocaamanista.com\/index.php?rest_route=%2Fwp%2Fv2%2Ftags&post=5350"}],"curies":[{"name":"wp","href":"https:\/\/api.w.org\/{rel}","templated":true}]}}