{"id":5361,"date":"2021-10-15T01:32:58","date_gmt":"2021-10-15T01:32:58","guid":{"rendered":"http:\/\/www.movimientocaamanista.com\/?p=5361"},"modified":"2021-10-15T01:33:04","modified_gmt":"2021-10-15T01:33:04","slug":"desmintiendo-los-mitos-del-liberalismo","status":"publish","type":"post","link":"http:\/\/www.movimientocaamanista.com\/?p=5361","title":{"rendered":"Desmintiendo los mitos del liberalismo"},"content":{"rendered":"\n<p>Alexander Zevin<\/p>\n\n\n\n<p>Fuente: <a href=\"https:\/\/sinpermiso.info\/textos\/desmintiendo-los-mitos-del-liberalismo\">Sin Permiso<\/a><\/p>\n\n\n\n<p><em>Marx llam\u00f3 una vez a&nbsp;<\/em>The Economist<em>&nbsp;\u201cla tribuna de la aristocracia financiera\u201d. Como revista dominante entre los liberales de \u00e9lite, ha jugado un papel importante en la formaci\u00f3n y promoci\u00f3n de la ideolog\u00eda del liberalismo, siguiendo sus cambios y continuidades, desde su fundaci\u00f3n en 1843 hasta hoy dia. Alexander Zevin, profesor asistente de historia en la City University of New York y editor de&nbsp;<\/em>New Left Review,<em>&nbsp;public\u00f3 recientemente un nuevo libro,&nbsp;<a href=\"https:\/\/www.versobooks.com\/books\/3090-liberalism-at-large\">Liberalism at Large: The World According to \u2018The Economist<\/a>, que estudia la historia del liberalismo a trav\u00e9s de la mirada de&nbsp;<\/em>The Economist<em>. Recientemente, en un episodio del podcast de Tribune,&nbsp;<a href=\"https:\/\/tribunemag.co.uk\/2021\/06\/42-what-is-liberalism-an-interview-with-alexander-zevin\">A World To Win<\/a>, Grace Blakeley entrevist\u00f3 a Zevin para hablar de la historia de la ideolog\u00eda liberal, si esta se encuentra en crisis y hacia d\u00f3nde se dirige el orden mundial basado en reglas liberales.<\/em><\/p>\n\n\n\n<p><strong>Grace Blakeley:&nbsp;\u00bfQu\u00e9 es el liberalismo?<\/strong><\/p>\n\n\n\n<p>Alexander Zevin: Mi libro rechaza algunas ideas sobre lo que es el liberalismo para llegar a una mejor definici\u00f3n. A lo que estoy respondiendo son estas ideas de que el liberalismo comienza en el siglo XVII con John Locke y sus ideas y teor\u00edas pol\u00edticas o con Adam Smith en el siglo XVIII en&nbsp;<em>La riqueza de las naciones<\/em>&nbsp;y cosas por el estilo.<\/p>\n\n\n\n<p>Sostengo en este libro que el liberalismo en realidad emerge y debe entenderse en el contexto hist\u00f3rico del per\u00edodo posterior a las guerras napole\u00f3nicas. Es el momento en Europa, Espa\u00f1a y luego en Francia, en que la gente se describe a s\u00ed misma por primera vez como &#8216;liberal&#8217;. Tenemos que hablar de qu\u00e9 es el liberalismo en virtud de esa autodescripci\u00f3n. Cuando usamos ese momento como punto de partida, vemos muy claramente que se trata de una reacci\u00f3n a varios acontecimientos, uno de los cuales es la eliminaci\u00f3n de los viejos reg\u00edmenes en Europa para que surja una nueva forma de pol\u00edtica de clase media.<\/p>\n\n\n\n<p>Por un lado, esta pol\u00edtica est\u00e1 en contra del absolutismo, quiere un gobierno responsable, quiere elecciones, al menos en un cierto sentido y para determinadas personas, y quiere derechos constitucionales y cosas as\u00ed. Pero, por otro lado, los art\u00edfices de este nuevo orden social se asustan pronto de las masivas movilizaciones populares. Es en esta suerte de espacio intermedio en que comienza el liberalismo.<\/p>\n\n\n\n<p>Tambi\u00e9n es el momento en que el capitalismo industrial de verdad se pone en marcha. Son las cosas en las que la gente piensa cuando se trata de formar un gobierno limitado, establecer controles y contrapesos y un gobierno responsable, pero tambi\u00e9n es este fen\u00f3meno que solo puede surgir realmente a principios del siglo XIX, cuando los liberales se enfrentan a desaf\u00edos como la demanda del voto de la gente com\u00fan, la expansi\u00f3n del capitalismo y lo que eso significa para la gobernabilidad y la econom\u00eda.<\/p>\n\n\n\n<p><strong>Desde esa perspectiva, algo as\u00ed como el argumento de que los neoliberales en la d\u00e9cada de 1980 vieron la democracia como un impedimento para la introducci\u00f3n de las pol\u00edticas econ\u00f3micas que quer\u00edan es en realidad una tensi\u00f3n que ha sido inherente al liberalismo desde sus inicios: la tensi\u00f3n entre democracia, representaci\u00f3n democr\u00e1tica y los intereses del capital. \u00bfEs eso correcto?<\/strong><\/p>\n\n\n\n<p>Exactamente. Una de las cosas que se olvidaron durante la Guerra Fr\u00eda y tambi\u00e9n hoy en d\u00eda es la idea de que lo liberal y la democracia van de la mano; que existen cosas llamadas democracias liberales, que vivimos en ellas y que es imposible separar estas dos cosas.<\/p>\n\n\n\n<p>De hecho, hist\u00f3ricamente, los liberales no fueron dem\u00f3cratas. Idearon muchas estrategias diferentes para tratar de limitar el voto a aquellos con educaci\u00f3n o aquellos que pagaban una cierta cantidad de impuestos sobre la renta o la propiedad, todo tipo de formas ingeniosas de dise\u00f1ar l\u00edmites constitucionales a la capacidad de voto de la clase trabajadora, o sea de la chusma.<\/p>\n\n\n\n<p>Lo interesante es que los neoliberales abordan una cuesti\u00f3n (en un nuevo contexto, eso s\u00ed) en el que los liberales han pensado desde los albores del liberalismo. En cierto sentido, las democracias ya est\u00e1n bien establecidas en el momento en que voces neoliberales empiezan a tener eco, a principios de la d\u00e9cada de 1980, pero hay nuevas formas y nuevos medios a su disposici\u00f3n para tratar de resolver problemas tales como redistribuci\u00f3n y las demandas de derechos econ\u00f3micos, las cuales interferir\u00edan con el libre funcionamiento del mercado y con el mecanismo de precios, el cual, a su vez, ser\u00eda fundamental para la libertad individual y el buen funcionamiento del capitalismo.<\/p>\n\n\n\n<p><strong>El t\u00edtulo completo de su libro es&nbsp;<em>Liberalism at Large: The World According to the Economist<\/em>. \u00bfPor qu\u00e9 estudiar el liberalismo desde la perspectiva de un<\/strong><strong>a revista<\/strong><strong>?<\/strong><\/p>\n\n\n\n<p>Es un proyecto extra\u00f1o. Una de las razones por las que lo hice fue que quer\u00eda cuestionar las formas convencionales de hablar sobre el liberalismo. En lugar de mirar el canon (Locke, Mill, Rawls, y otros liberales muy conocidos) me qued\u00f3 claro que &#8211;al mirar una revista que, como en este caso, es fruto de un esfuerzo colectivo, sale cada semana y en realidad ha estado en el centro de los eventos de la actualidad mundial desde hace mucho tiempo, con editores que, aunque an\u00f3nimos, han ocupado puestos importantes en el Tesoro, en el Ministerio de Relaciones Exteriores, como Primeros Ministros, como Gobernadores del Banco de Inglaterra&#8211; podr\u00eda contar una historia de liberalismo que acomodara el concepto de cambio y transformaci\u00f3n.<\/p>\n\n\n\n<p>El liberalismo no siempre ha sido la misma cosa, porque siempre ha respondido a nuevos desaf\u00edos, nuevas amenazas, nuevos acontecimientos:&nbsp;<em>The Economist<\/em>&nbsp;tiene que responder a los eventos todas las semanas durante m\u00e1s de 175 a\u00f1os. Yo he pretendido definir el liberalismo de una manera mucho m\u00e1s flexible y tambi\u00e9n m\u00e1s contextual.<\/p>\n\n\n\n<p>Pienso que hay algo un poco pesado o aburrido en los libros sobre peri\u00f3dicos, pero este no es un libro aburrido, creo yo. Esto es as\u00ed porque en realidad no intento hacer una biograf\u00eda de un peri\u00f3dico de forma convencional. El libro estudia la revista como un n\u00facleo de intercambios e idas y vueltas intelectuales, de ideas, as\u00ed como el resultado del conjunto de desaf\u00edos, crisis, debates que ocurren dentro del peri\u00f3dico y con el peri\u00f3dico y otros pensadores.<\/p>\n\n\n\n<p>En cada cap\u00edtulo, desde la d\u00e9cada de 1840 hasta la actualidad, siempre ubico lo que est\u00e1 sucediendo dentro de&nbsp;<em>The Economist<\/em>, sus diversas posiciones, frente a pensadores clave a la izquierda o la derecha del liberalismo. En los a\u00f1os 1850-70, es un debate con John Stuart Mill. En los a\u00f1os 20, 30 y 40 del siglo XX, se da un debate con John Maynard Keynes. Mi libro hace cosas poco usuales y m\u00e1s divertidas de lo que podr\u00eda pensarse, trat\u00e1ndose de una historia de un peri\u00f3dico.<\/p>\n\n\n\n<p><strong>Es muy interesante la forma en que estudias el liberalismo desde la perspectiva de&nbsp;<\/strong><strong>esta<\/strong>&nbsp;<strong>revista<\/strong><strong>. Si fueras a estudiar<\/strong><strong>&nbsp;el<\/strong><strong>&nbsp;liberalismo, como&nbsp;<\/strong><strong>yo y&nbsp;<\/strong><strong>muchos otros lo hicimos en nuestros cursos&nbsp;<\/strong><strong>de filosof\u00eda&nbsp;<\/strong><strong>pol\u00edtica<\/strong><strong>&nbsp;en la universidad<\/strong><strong>,&nbsp;<\/strong><strong>se hablar\u00eda de<\/strong><strong>&nbsp;Locke y Mill<\/strong><strong>&nbsp;para seguir hasta&nbsp;<\/strong><strong>Rawls y&nbsp;<\/strong><strong>de esta manera ver\u00edas<\/strong><strong>&nbsp;el desarrollo de este canon del pensamiento liberal.<\/strong><\/p>\n\n\n\n<p><strong>Pero cuando&nbsp;<\/strong><strong>observas<\/strong>&nbsp;<strong>el liberalismo en la pr\u00e1ctica<\/strong><strong>, como siempre ocurre con la aplicaci\u00f3n de cualquier teor\u00eda, es muy diferente de lo que&nbsp;<\/strong><strong>uno se imagina al estudiar&nbsp;<\/strong><strong>el canon ideol\u00f3gico.&nbsp;<\/strong><strong>T\u00fa consideras esta diferencia entre teor\u00eda y pr\u00e1ctica en<\/strong><strong>&nbsp;el libro<\/strong><strong>,&nbsp;<\/strong><strong>mira<\/strong><strong>ndo<\/strong>&nbsp;<strong>las<\/strong><strong>&nbsp;tensiones de<\/strong><strong>sde<\/strong><strong>&nbsp;diferentes&nbsp;<\/strong><strong>perspectivas y&nbsp;<\/strong><strong>durante un per\u00edodo de tiempo muy largo, usando evidencia excepcionalmente interesante de archivos y un mont\u00f3n de fuentes diferentes. Me preguntaba si podr\u00edamos repasar algunos de estos ejemplos de divisiones dentro del liberalismo, entre la pr\u00e1ctica y la teor\u00eda del liberalismo, siendo el primero, por supuesto, el libre comercio.<\/strong><\/p>\n\n\n\n<p><strong>En la mitolog\u00eda del liberalismo, se&nbsp;<\/strong><strong>da por supuesto<\/strong><strong>&nbsp;que el libre comercio es&nbsp;<\/strong><strong>lo que distingue el liberalismo de sus competidores ideol\u00f3gicos y que&nbsp;<\/strong><strong>los partidos liberales&nbsp;<\/strong><strong>llevan<\/strong><strong>&nbsp;siglos<\/strong><strong>&nbsp;defendiendo el libre comercio de manera ininterrumpida<\/strong><strong>. Pero&nbsp;<\/strong><strong>hubo<\/strong>&nbsp;<strong>mucho<\/strong>&nbsp;<strong>m\u00e1s debate entre liberales<\/strong><strong>&nbsp;de lo que&nbsp;<\/strong><strong>se suele pensar<\/strong><strong>&nbsp;sobre c\u00f3mo&nbsp;<\/strong><strong>deb\u00eda funcionar<\/strong><strong>&nbsp;el libre comercio, particularmente en el contexto del imperio.<\/strong><\/p>\n\n\n\n<p>La teor\u00eda del libre comercio era supuestamente una teor\u00eda de la paz y la buena voluntad: que con mayor intercambio comercial, habr\u00eda interacciones m\u00e1s pac\u00edficas entre las naciones. Aqu\u00ed hay una idea que viene de la ilustraci\u00f3n: que el comercio refinar\u00e1 los modales y formar\u00e1 la base de unas buenas relaciones entre personas de diferentes culturas y zonas geogr\u00e1ficas.<\/p>\n\n\n\n<p>Esta es la teor\u00eda de Richard Cobden, uno de los h\u00e9roes de la&nbsp;<em>Anti-Corn Law League<\/em>, este famoso grupo que surge en las d\u00e9cadas de 1830 y 40 en Inglaterra en la lucha contra las&nbsp;<em>Corn<\/em>&nbsp;<em>Laws<\/em>, que eran mercantilistas y, como tales, manten\u00edan altos los precios de los cereales en Inglaterra tras las guerras napole\u00f3nicas. Las clases medias las ve\u00edan como un vestigio del privilegio aristocr\u00e1tico de la clase terrateniente. Junto con la idea seg\u00fan la cual si derogas las&nbsp;<em>Corn<\/em>&nbsp;<em>Laws<\/em>&nbsp;habr\u00e1 una mayor prosperidad, tambi\u00e9n tienes la idea de que la derogaci\u00f3n acabar\u00e1 con la guerra. Existe la idea de que la guerra es tambi\u00e9n un vestigio de la clase guerrera aristocr\u00e1tica o de una mentalidad b\u00e9lica propia del Antiguo R\u00e9gimen, que es fundamental para la teor\u00eda del comercio.<\/p>\n\n\n\n<p>James Wilson, el fundador de&nbsp;<em>The Economist<\/em>, no es muy conocido, pero es una figura fascinante, que era de origen escoc\u00e9s e hijo de un fabricante textil. Tambi\u00e9n promovi\u00f3 esta idea que acabo de describir. Lo que vemos en la d\u00e9cada de 1850 es una divisi\u00f3n radical entre James Wilson y Richard Cobden y John Bright, la cual no se comprende en su justa dimensi\u00f3n ni en los estudios acad\u00e9micos sobre el libre comercio ni en&nbsp;<em>The Economist<\/em>. Pero es important\u00edsimo que entendamos la corriente dominante del liberalismo tal y como surge en la d\u00e9cada de 1850.<\/p>\n\n\n\n<p>Para la d\u00e9cada de 1850, les queda bastante claro a los directores de&nbsp;<em>The Economist<\/em>&nbsp;que, para que el libre comercio llegue a ser, como ellos esperaban, el sistema dominante de la econom\u00eda mundial, depender\u00e1 de m\u00e1s que de una simple cuesti\u00f3n de comercio. Tienes que obligar a la gente a comerciar libremente, por as\u00ed decirlo. Hay una serie de conflictos en el siglo XIX, que comienzan con la Guerra de Crimea, y luego se extienden a China con la Guerra del Opio, y luego tambi\u00e9n el levantamiento y la rebeli\u00f3n de la India, sobre los cuales&nbsp;<em>The Economist<\/em>&nbsp;toma posiciones que abogan por el uso de la fuerza para &#8220;romper renuencias ruinosas\u201d (o \u201ccrack the cake of custom\u201d como se dec\u00eda en ingl\u00e9s) a fin de penetrar en lo que se ve\u00eda como una &#8220;resistencia asi\u00e1tica&#8221; al libre comercio y el progreso.<\/p>\n\n\n\n<p>Hay una dimensi\u00f3n moral y econ\u00f3mica en el argumento: que esto requerir\u00e1 el uso de la&nbsp;<em>Royal Navy<\/em>, el despliegue de tropas y la colaboraci\u00f3n con otras potencias, como Francia, para abrir la econom\u00eda mundial. Tambi\u00e9n ves a James Wilson denunciar a Richard Cobden y John Bright en el Parlamento porque en ese momento \u00e9l tiene un puesto en el Tesoro, en que crea pol\u00edticas gubernamentales y obtiene pr\u00e9stamos para luchar en estas guerras. El papel de&nbsp;<em>The<\/em>&nbsp;<em>Economist<\/em>&nbsp;en este cambio dentro de Gran Breta\u00f1a y la pol\u00edtica brit\u00e1nica hacia una postura mucho m\u00e1s liberal-imperialista agresiva es uno de los hallazgos del libro.<\/p>\n\n\n\n<p><strong>Otra gran ruptura dentro del liberalismo fue el nacimiento del keynesianismo. El aumento del apoyo a una mayor intervenci\u00f3n por parte del estado y el nacimiento de las instituciones de Bretton Woods a nivel internacional se present<\/strong><strong>aron<\/strong><strong>&nbsp;como&nbsp;<\/strong><strong>dos elementos de una<\/strong><strong>&nbsp;gran transici\u00f3n que dividi\u00f3 el liberalismo y&nbsp;<\/strong><strong>a&nbsp;<\/strong><strong>los liberales entre izquierd<\/strong><strong>a<\/strong><strong>&nbsp;y derecha, y el declive de los movimientos socialistas reales durante los \u00faltimos cuarenta a\u00f1os aproximadamente nos ha dejado con este eje&nbsp;<\/strong><strong>que define<\/strong><strong>&nbsp;izquierda y derecha en funci\u00f3n de si&nbsp;<\/strong><strong>se&nbsp;<\/strong><strong>cree o no que el estado deber\u00eda estar haciendo m\u00e1s o menos.<\/strong><\/p>\n\n\n\n<p><strong>\u00bfHasta qu\u00e9 punto es una ruptura el nacimiento del keynesianismo, la pol\u00edtica econ\u00f3mica keynesiana y lo que a menudo se conoce en el Reino Unido como el consenso de posguerra, con el liberalismo del laissez-faire que vino antes, y c\u00f3mo lo ve&nbsp;<em>The<\/em>&nbsp;<em>Economist<\/em>?<\/strong><\/p>\n\n\n\n<p>En el libro presento un debate entre Keynes y&nbsp;<em>The Economist<\/em>, y, al mirar este debate, vemos que Keynes cambia de opini\u00f3n. Lo vemos discutiendo consigo mismo porque tantos de los valores de&nbsp;<em>The Economist<\/em>&nbsp;tambi\u00e9n son suyos. Es estudiante de Alfred Marshall, la figura principal de la econom\u00eda neocl\u00e1sica en Gran Breta\u00f1a, quien m\u00e1s que nadie cre\u00f3 el estudio de la econom\u00eda en Gran Breta\u00f1a en un sentido cient\u00edfico moderno, en Cambridge. Tambi\u00e9n es estudiante de Walter Layton, quien llega a ser editor de&nbsp;<em>The Economist<\/em>&nbsp;y trabaja con \u00e9l en el gobierno durante las dos guerras mundiales. Existe un di\u00e1logo personal real entre ellos.<\/p>\n\n\n\n<p>Tambi\u00e9n hay una frase famosa en&nbsp;<em>The Economic Consequences of the Peace<\/em>&nbsp;(en espa\u00f1ol,&nbsp;<em>Las consecuencias econ\u00f3micas de la paz<\/em>), en que Keynes habla sobre el mundo anterior a 1914 y se describe a s\u00ed mismo acostado en la cama leyendo sobre los precios de las acciones y sabiendo que la libra en su bolsillo, porque est\u00e1 respaldada por oro, es la misma en todas partes. No se necesita pasaporte para viajar. Tengo la sensaci\u00f3n de que esta famosa frase, que es tan evocadora sobre c\u00f3mo era el mundo eduardiano globalizado antes de que llegara la Primera Guerra Mundial y lo destrozara, en realidad describe a Keynes leyendo&nbsp;<em>The Economist<\/em>&nbsp;en la cama.&nbsp;<em>The Economist<\/em>&nbsp;es esa ventana al mundo de las altas finanzas y el capital globalizado en ese per\u00edodo antes de 1914.<\/p>\n\n\n\n<p>En 1925, Gran Breta\u00f1a vuelve al patr\u00f3n oro junto con el d\u00f3lar estadounidense, y de esta manera impone una dura austeridad deflacionaria mientras que ya hab\u00eda habido austeridad durante varios a\u00f1os hasta ese momento. Despu\u00e9s de 1925,&nbsp;<em>The Economist<\/em>&nbsp;y Keynes inician una lucha de ideas. Keynes comienza a cuestionar muchas de las suposiciones sobre el libre comercio que ten\u00eda hasta ese momento y a experimentar con ideas sobre un patr\u00f3n oro flexible o comercio flexible e ideas sobre tarifas de ingresos y otras cosas por el estilo.<\/p>\n\n\n\n<p>Sin embargo, sostengo que, hasta 1925, pero incluso posteriormente,&nbsp;<em>The Economist<\/em>&nbsp;y Keynes comparten ciertas suposiciones sobre, en particular, la importancia de la City de Londres para la posici\u00f3n de Gran Breta\u00f1a como potencia global en el mundo y la idea de la libra como moneda de reserva importante.<\/p>\n\n\n\n<p>Al contar esta historia, reconozco que, s\u00ed, en efecto, hay desacuerdos fundamentales entre&nbsp;<em>The Economist<\/em>&nbsp;y Keynes, que de hecho son muy agudos a principios de la d\u00e9cada de 1930. Keynes comienza a mantener que es necesario algo que podr\u00edamos llamar gasto deficitario, algo como crear un cierto nivel de inflaci\u00f3n. Aunque muchos editores de&nbsp;<em>The Economist<\/em>&nbsp;son estudiantes de Keynes a estas alturas y est\u00e1n discutiendo sus ideas, la revista se resiste mucho a sus nuevas posturas, en parte porque temen c\u00f3mo responder\u00e1 la City de Londres a la idea de que las decisiones de inversi\u00f3n ya se van a tomar en otro lado. Quer\u00eda abrir una serie de preguntas, debates, discusiones entre Keynes y la City de Londres y ciertas ideas sobre las finanzas, Gran Breta\u00f1a y el mundo.<\/p>\n\n\n\n<p><strong>Aqu\u00ed tambi\u00e9n hay una pregunta m\u00e1s amplia sobre el v\u00ednculo entre&nbsp;<\/strong><strong>el liberalismo y&nbsp;<\/strong><strong>la econom\u00eda como&nbsp;<\/strong><strong>tema de estudio acad\u00e9mico<\/strong><strong>. Muchos de los primeros liberales eran economistas pol\u00edticos. Las grandes preguntas que se hac\u00edan&nbsp;<\/strong><strong>ten\u00edan que ver con&nbsp;<\/strong><strong>el comercio, el inter\u00e9s nacional, las pol\u00edticas soberanas. Alrededor de los a\u00f1os 60, se produjo el auge del keynesianismo. En los a\u00f1os 60 y 70, tambi\u00e9n&nbsp;<\/strong><strong>vemos<\/strong><strong>&nbsp;el nacimiento de la econom\u00eda neocl\u00e1sica, la s\u00edntesis keynesiana<\/strong><strong>,<\/strong><strong>&nbsp;que re\u00fane parte de la econom\u00eda pol\u00edtica temprana y el pensamiento sobre los marginalistas junto con las ideas de Keynes, as\u00ed como el surgimiento de la microeconom\u00eda y el modelado matem\u00e1tico.&nbsp;<\/strong><strong>Ello<\/strong><strong>&nbsp;va de la mano de la transici\u00f3n hacia el neoliberalismo. Est<\/strong><strong>os cambios&nbsp;<\/strong><strong>pol\u00edtic<\/strong><strong>o<\/strong><strong>s parecen ir de la mano de l<\/strong><strong>os cambios&nbsp;<\/strong><strong>econ\u00f3micas. En su opini\u00f3n, \u00bfcu\u00e1l es el v\u00ednculo entre&nbsp;<\/strong><strong>ambos<\/strong><strong>?<\/strong><\/p>\n\n\n\n<p>Ya que estoy pensando en el liberalismo, en lugar del neo u ordoliberalismo u otra de las variantes que surgen durante estas d\u00e9cadas a medida que la econom\u00eda mundial cambia y se producen nuevas ideas, veo continuidad donde otros ven rupturas. Con David Edgerton, quien escribi\u00f3 un libro titulado&nbsp;<em>The Rise and Fall of the British Nation<\/em>, he tenido un intercambio productivo sobre hasta qu\u00e9 punto el a\u00f1o 1945 en realidad supuso un cambio fundamental en la econom\u00eda pol\u00edtica de Gran Breta\u00f1a, y hasta qu\u00e9 punto, digamos, el a\u00f1o 1979 fue tambi\u00e9n un momento crucial. Ciertamente, son rupturas tanto la elecci\u00f3n del gobierno laborista en 1945 y los cambios que este hizo al estado de bienestar como luego la elecci\u00f3n de Thatcher y la reversi\u00f3n de esas reformas.<\/p>\n\n\n\n<p>Pero hay una gran continuidad del liberalismo durante este periodo. Esto incluye una total falta de reflexi\u00f3n sobre qu\u00e9 consecuencias tiene la City de Londres y el control privado de la funci\u00f3n de inversi\u00f3n sobre la econom\u00eda brit\u00e1nica, y el apego a una determinada teor\u00eda del libre comercio, tanto dentro de la derecha como de la izquierda del Partido Laborista. A veces, surgen nuevas soluciones y adaptaciones porque el movimiento sindical es fuerte o porque la Segunda Guerra Mundial muestra que el estado puede desempe\u00f1ar un papel m\u00e1s activo en la econom\u00eda, y las advertencias de Hayek en&nbsp;<em>C<\/em><em>amino de servidumbre<\/em>&nbsp;parecen un poco exageradas. Pero resulta dif\u00edcil explicar c\u00f3mo llegamos a 1979 y Thatcher.<\/p>\n\n\n\n<p>Thatcher no sali\u00f3 de la nada. Ella no anul\u00f3 una forma de socialdemocracia completamente funcional, libre de crisis y nada contradictoria. Ella aprovech\u00f3 esas contradicciones. Explot\u00f3 la desorientaci\u00f3n dentro del Partido Laborista entre los socialdem\u00f3cratas. Tengamos en cuenta que James Callaghan, quien fue l\u00edder del Partido Laborista y primer ministro a finales de los 70, ya hab\u00eda adoptado una forma de monetarismo y hab\u00eda aceptado los pr\u00e9stamos de austeridad del FMI.<\/p>\n\n\n\n<p>Creo que esos cambios se dieron de forma m\u00e1s gradual, porque el liberalismo nunca desaparece. La forma de liberalismo que defiende&nbsp;<em>The Economist<\/em>&nbsp;cambia de muchas maneras a lo largo de la d\u00e9cada de 1840 y hasta la d\u00e9cada de 1940, pero algunos elementos de esta historia est\u00e1n presentes a lo largo de esas transiciones dentro del estudio de la econom\u00eda.<\/p>\n\n\n\n<p><strong>Voy a formular esta pregunta&nbsp;<\/strong><strong>de manera intencionadamente&nbsp;<\/strong><strong>simplista.<\/strong><\/p>\n\n\n\n<p><strong>Es<\/strong><strong>t<\/strong><strong>e punto sobre continuidad versus ruptura es&nbsp;<\/strong><strong>muy<\/strong><strong>&nbsp;interesante. Podr\u00eda volver y decir que si ve el liberalismo como la ideolog\u00eda generalmente sostenida por la clase dominante capitalista, que est\u00e1 debatiendo c\u00f3mo esta ideolog\u00eda debe interpretarse e implementarse en algo como las p\u00e1ginas de&nbsp;<em>The Economist<\/em>, entonces puede ver muchos de los cambios<\/strong>&nbsp;<strong>que&nbsp;<\/strong><strong>se dan<\/strong><strong>&nbsp;en la ideolog\u00eda liberal como respuestas a los cambios materiales que tienen lugar y que requieren innovaci\u00f3n dentro de esta ideolog\u00eda para facilitar la acumulaci\u00f3n de capital en curso.<\/strong><\/p>\n\n\n\n<p><strong>Eso podr\u00eda centrarse demasiado en la base econ\u00f3mica, pero \u00bfhasta qu\u00e9 punto cree que hay algo all\u00ed que explica parte de la continuidad, pero tambi\u00e9n los innegables cambios que hemos visto en la ideolog\u00eda liberal durante los \u00faltimos 100 a\u00f1os?<\/strong><\/p>\n\n\n\n<p>No me parece tan simplista. Como materialista o marxista vulgar, acepto esta idea. Lo que vemos es que a lo mejor los liberales est\u00e1n formulando preguntas similares durante estos dos siglos, pero las respuestas cambian seg\u00fan las circunstancias y el contexto hist\u00f3rico.<\/p>\n\n\n\n<p>\u00bfQu\u00e9 hacer ante la irrupci\u00f3n de la clase obrera en el escenario pol\u00edtico? \u00bfC\u00f3mo limitarla? \u00bfRestringir el sufragio? \u00bfAceptar el sufragio universal, pero limitar lo que pueden hacer los parlamentos? \u00bfEntregar el control de los intereses y la pol\u00edtica monetaria a un banco central para que ese tipo de cuestiones, que son tan fundamentales para la acumulaci\u00f3n de capital, no competa a las legislaturas?<\/p>\n\n\n\n<p>Las respuestas a estas preguntas cambian seg\u00fan lo que sea posible en un momento dado. Pero las preguntas son bastante parecidas a lo largo de la historia del liberalismo.<\/p>\n\n\n\n<p>En el libro, subrayo la forma en que cambia el liberalismo, pero no hablo tanto como habr\u00eda podido sobre ese punto de inflexi\u00f3n en la d\u00e9cada de 1980, es decir, de la entrada de, como dijo David Harvey, &#8216;la larga marcha de los neoliberales a trav\u00e9s de las instituciones&#8217;. En los a\u00f1os 20 y 30, estos todav\u00eda estaban esperando su momento. Para los a\u00f1os 80, su momento hab\u00eda llegado.<\/p>\n\n\n\n<p>En cierto sentido, esa historia es innegablemente cierta. Sin embargo, lo que me interesa es que los periodistas de&nbsp;<em>The Economist<\/em>&nbsp;no se describen a s\u00ed mismos como neoliberales. De hecho, hace poco yo estuve mirando los archivos de la revista y vi que el t\u00e9rmino &#8216;neoliberal&#8217; en realidad siempre se pone entre comillas, como un concepto empleado por los izquierdistas latinoamericanos para describir un conjunto de pol\u00edticas aplicadas en sus pa\u00edses despu\u00e9s del golpe de Estado en Chile.<\/p>\n\n\n\n<p>No se considera una descripci\u00f3n fiel de una visi\u00f3n del mundo pol\u00edtico-econ\u00f3mico, y mucho menos una que adoptar\u00eda&nbsp;<em>The Economist<\/em>. Y esto a pesar del hecho de que, a finales de la d\u00e9cada de 1980,&nbsp;<em>The Economist<\/em>&nbsp;se ve, con raz\u00f3n, como un basti\u00f3n del pensamiento de libre mercado. Se celebra a Reagan y Thatcher en las p\u00e1ginas de&nbsp;<em>The Economist<\/em>, donde se realiza una defensa sin fisuras de la globalizaci\u00f3n. No se lee el t\u00e9rmino &#8220;neoliberal&#8221; en el&nbsp;<em>Financial Times<\/em>,&nbsp;<em>The Economist<\/em>&nbsp;u otros peri\u00f3dicos financieros. El FMI no pareci\u00f3 reconocer que esta corriente de pensamiento exist\u00eda hasta hace relativamente poco.<\/p>\n\n\n\n<p>Ello me hace pensar que, desde el punto de vista de quienes la defend\u00edan, esta transici\u00f3n entre liberalismo y neoliberalismo no siempre es tan clara. Muchas de las formas en que se implementa el neoliberalismo como un conjunto de pol\u00edticas, ya sea de austeridad, desregulaci\u00f3n o privatizaci\u00f3n, surgen a trav\u00e9s de personas que se ven a s\u00ed mismas como liberales cl\u00e1sicos o incluso liberales de centro izquierda. Esa es la clave para comprender la forma en que se lleva a cabo la transici\u00f3n.<\/p>\n\n\n\n<p><strong>Hoy en d\u00eda,&nbsp;<\/strong><strong>se est\u00e1 produciendo<\/strong><strong>&nbsp;un cambio en el sentido com\u00fan econ\u00f3mico, ya sea que se observe la reacci\u00f3n contra la austeridad en algunas de las grandes instituciones econ\u00f3micas internacionales o simplemente las pol\u00edticas econ\u00f3micas m\u00e1s dirigistas que se est\u00e1n implementando en respuesta a la pandemia. Todo esto tiene lugar en respuesta a las necesidades cambiantes del capital.<\/strong><\/p>\n\n\n\n<p><strong>\u00bfCree que esto se va a reflejar en otro cambio de&nbsp;<\/strong><strong>la&nbsp;<\/strong><strong>ideolog\u00eda liberal? Si es as\u00ed, \u00bfhasta qu\u00e9 punto ser\u00e1 este un nuevo cambio o un intento de volver a un modelo m\u00e1s socialdem\u00f3crata para intentar reinsertar los mercados en un contexto nacional?&nbsp;<\/strong><strong>Y en cualquier caso, \u00bff<\/strong><strong>uncionar\u00e1?<\/strong><\/p>\n\n\n\n<p>EE. UU., Gran Breta\u00f1a y varios otros pa\u00edses han abierto los grifos, han gastado ampliamente a fin de apuntalar la econom\u00eda durante la pandemia, han hecho m\u00e1s generoso el seguro de desempleo y, en general, han hecho todo tipo de cosas en favor de las empresas para que la econom\u00eda siga funcionando.<\/p>\n\n\n\n<p>Cuando entr\u00f3 Biden, hab\u00eda una sensaci\u00f3n desde el principio de que \u00e9l iba a implementar pol\u00edticas m\u00e1s econ\u00f3micamente impresionantes en su amplitud de lo que muchos en la izquierda hab\u00edan imaginado. Ciertamente, vimos el paquete que extend\u00eda el tipo de gasto que Trump ya hab\u00eda implementado, as\u00ed como algo de ayuda a los estados, de modo que se pudiera evitar algo de la austeridad a nivel estatal que se hab\u00eda dado posterior a la crisis de 2008. (Los estados no pueden tener d\u00e9ficits en los EE. UU., y muchos municipios, como donde estoy en la ciudad de Nueva York, fueron devastados por Covid de una manera muy particular, ya que la econom\u00eda aqu\u00ed depende mucho del turismo).<\/p>\n\n\n\n<p>Pero ahora, cuando Biden comienza a enfrentarse a una resistencia real a su agenda dentro del Partido Dem\u00f3crata, as\u00ed como por parte de los republicanos, para aumentar las tasas de impuestos corporativos, para implementar realmente un plan de infraestructura en su totalidad, no est\u00e1 claro hasta qu\u00e9 punto va a haber una ruptura.<\/p>\n\n\n\n<p>Sin una resistencia real por parte de sindicatos y la izquierda, me pregunto hasta qu\u00e9 punto el simple hecho de que el estado aumente el gasto p\u00fablico y que se acumulen d\u00e9ficits cuando las tasas de inter\u00e9s son bajas puede de verdad traer un cambio duradero a la econom\u00eda pol\u00edtica. No tengo ninguna respuesta clara al respecto, y las cosas est\u00e1n cambiando muy r\u00e1pidamente en este momento en respuesta a una crisis sin precedentes.<\/p>\n\n\n\n<p>Hace poco, C\u00e9dric Durand escribi\u00f3 muy bien sobre este tema en el&nbsp;<a href=\"https:\/\/newleftreview.org\/sidecar\/posts\/1979-in-reverse\"><em>New Left Review<\/em>\u2018s&nbsp;<em>Sidecar<\/em><\/a>, y formul\u00f3 algunas preguntas muy interesantes sobre lo que podr\u00eda significar este momento en que estamos viviendo. El neoliberalismo ya no es la descripci\u00f3n correcta. \u00bfQu\u00e9 es? Tengo algo de escepticismo sobre el alcance de esa ruptura, pero en realidad tengo bastante curiosidad por saber lo que piensas t\u00fa.<\/p>\n\n\n\n<p><strong>Los puntos que comentaba anteriormente sobre las tensiones entre el liberalismo y la democracia desde sus inicios son&nbsp;<\/strong><strong>muy<\/strong><strong>&nbsp;importantes. Creo que estamos viendo resurgir&nbsp;<\/strong><strong>esta tensi\u00f3n&nbsp;<\/strong><strong>hoy. La visi\u00f3n tradicional de la izquierda sobre por qu\u00e9 un estado capitalista podr\u00eda simplemente aumentar continuamente su gasto de la manera que hemos visto en algunos estados durante la pandemia habr\u00eda sido una especie de visi\u00f3n kaletsk<\/strong><strong>i<\/strong><strong>ana: que va a empoderar a los trabajadores&nbsp;<\/strong><strong>e interrumpir&nbsp;<\/strong><strong>la acumulaci\u00f3n de capital en el favor del trabajo, que es un argumento ligeramente diferente dado el ataque contra el movimiento obrero que hemos tenido en los \u00faltimos cuarenta a\u00f1os, pero tambi\u00e9n dado el papel masivo que ya jugaba el estado dentro de la acumulaci\u00f3n de capital.<\/strong><\/p>\n\n\n\n<p><strong>La gran mentira del neoliberalismo, que se ha desvelado muchas veces, es que&nbsp;<\/strong><strong>iba de la mano<\/strong>&nbsp;<strong>de&nbsp;<\/strong><strong>la contracci\u00f3n del&nbsp;<\/strong><strong>e<\/strong><strong>stado, que por supuesto no fue as\u00ed. Simplemente implic\u00f3 una reorientaci\u00f3n del estado y un cambio hacia el establecimiento de las reglas del juego, hacia aumentos masivos en la regulaci\u00f3n, particularmente la regulaci\u00f3n en el sector financiero, que era necesaria para apuntalar esa gran burbuja que vimos. No era menos estado, sino un tipo diferente de estado. Fue la erosi\u00f3n del poder de los trabajadores y el uso del estado para impulsar el poder del capital.<\/strong><\/p>\n\n\n\n<p><strong>Pero eso tambi\u00e9n se asoci\u00f3 con que el estado era m\u00e1s visible y&nbsp;<\/strong><strong>participada<\/strong><strong>&nbsp;en much<\/strong><strong>o<\/strong><strong>s m\u00e1s \u00e1<\/strong><strong>mbitos&nbsp;<\/strong><strong>de la vida. Creo que el desaf\u00edo actual no es necesariamente que<\/strong><strong>,<\/strong><strong>&nbsp;si gastas m\u00e1s dinero,&nbsp;<\/strong><strong>habr\u00e1<\/strong><strong>&nbsp;m\u00e1s empleo, inclinando la balanza a favor del trabajo. El desaf\u00edo actual es que un estado que est\u00e1 haciendo muchas cosas tiene que justificar por qu\u00e9 est\u00e1 haciendo algunas cosas y no otras. Tiene que ser capaz de justificar eso ante una poblaci\u00f3n que, especialmente en los lugares donde el neoliberalismo ha llegado m\u00e1s lejos, es cada vez m\u00e1s insegura, precaria, mal pagada y&nbsp;<\/strong><strong>obligada a arregl\u00e1rselas<\/strong><strong>&nbsp;con<\/strong><strong>&nbsp;p\u00e9simos<\/strong><strong>&nbsp;servicios p\u00fablicos. Mientras que la gente&nbsp;<\/strong><strong>de a pie<\/strong><strong>&nbsp;experimenta<\/strong><strong>&nbsp;todo<\/strong><strong>&nbsp;es<\/strong><strong>t<\/strong><strong>o, tambi\u00e9n&nbsp;<\/strong><strong>observamos<\/strong><strong>&nbsp;demostraciones masivas y muy abiertas del poder del capital con respecto al estado, ya sea que est\u00e9n&nbsp;<\/strong><strong>consiguiendo<\/strong>&nbsp;<strong>enormes<\/strong><strong>&nbsp;recortes de impuestos<\/strong><strong>,<\/strong><strong>&nbsp;subsidios o lo que sea.<\/strong><\/p>\n\n\n\n<p><strong>El desaf\u00edo&nbsp;<\/strong><strong>de<\/strong><strong>&nbsp;hoy, y la cuerda floja por la que caminan muchos pol\u00edticos liberales, es entre poder satisfacer las necesidades del capital y usar el estado para satisfacer las necesidades del capital,&nbsp;<\/strong><strong>pero<\/strong><strong>&nbsp;al mismo tiempo&nbsp;<\/strong><strong>tener que<\/strong><strong>&nbsp;decir que&nbsp;<\/strong><strong>el papel del estado debe tener l\u00edmites<\/strong><strong>. Si estamos en un sistema democr\u00e1tico, ellos tienen que&nbsp;<\/strong><strong>convencer a la gente de<\/strong><strong>&nbsp;que hay ciertas cosas que&nbsp;<\/strong><strong>el pueblo&nbsp;<\/strong><strong>no&nbsp;<\/strong><strong>puede<\/strong><strong>&nbsp;pedir.&nbsp;<\/strong><strong>Por ejemplo,&nbsp;<\/strong><strong>no&nbsp;<\/strong><strong>se&nbsp;<\/strong><strong>puede pedir que&nbsp;<\/strong><strong>se anulen<\/strong><strong>&nbsp;la<\/strong><strong>s<\/strong><strong>&nbsp;privatizaci<\/strong><strong>ones<\/strong><strong>, o&nbsp;<\/strong><strong>que se deroguen<\/strong><strong>&nbsp;las leyes antisindicales, o que saquen del mecanismo del mercado algunas de las cosas que&nbsp;<\/strong><strong>este&nbsp;<\/strong><strong>necesita para sobrevivir, o que&nbsp;<\/strong><strong>se construya<\/strong><strong>&nbsp;m\u00e1s vivienda&nbsp;<\/strong><strong>p\u00fablica<\/strong><strong>.&nbsp;<\/strong><strong>Todo esto se\u00f1ala las dificultades que tendr\u00e1n los liberales a la hora de legitimar el sistema a partir de ahora.<\/strong><\/p>\n\n\n\n<p><strong>Para la izquierda, lo importante&nbsp;<\/strong><strong>va a ser<\/strong><strong>&nbsp;preguntar c\u00f3mo afirmamos la democracia y nuestro derecho a decir &#8220;no&#8221;, c\u00f3mo podemos realmente pedir estas cosas, pedir, exigir y hacer campa\u00f1a por estas cosas.&nbsp;<\/strong><strong>Todo lo cual nos trae nuevamente&nbsp;<\/strong><strong>a la tensi\u00f3n entre liberalismo y democracia.<\/strong><\/p>\n\n\n\n<p>Parece que hubo un momento durante la pandemia en que, de una manera muy clara, surgieron preguntas sobre la equidad, la justicia y qui\u00e9n obtiene qu\u00e9. Para la izquierda, se trata de extender ese \u00e1mbito de politizaci\u00f3n en torno a cuestiones de qui\u00e9n hace qu\u00e9 trabajo, qu\u00e9 formas de compensaci\u00f3n reciben, c\u00f3mo se clasifican, qui\u00e9n es esencial y tambi\u00e9n el asunto de c\u00f3mo se deciden estas cuestiones y qui\u00e9n las decide.<\/p>\n\n\n\n<p><strong>Para el liberalismo, p<\/strong><strong>odr\u00eda decirse que<\/strong><strong>, a largo plazo,<\/strong><strong>&nbsp;un desaf\u00edo mayor que&nbsp;<\/strong><strong>el&nbsp;<\/strong><strong>Covid es el ascenso de China. Por el momento, estamos viendo a Biden intentar construir&nbsp;<\/strong><strong>un<\/strong><strong>&nbsp;eje anti-China. Podr\u00eda decirse que much<\/strong><strong>as de sus concesiones&nbsp;<\/strong><strong>en t\u00e9rminos de aceptar,&nbsp;<\/strong><strong>por fin<\/strong><strong>, que&nbsp;<\/strong><strong>tiene que<\/strong><strong>&nbsp;trabajar con Europa para tomar medidas dr\u00e1sticas contra la&nbsp;<\/strong><strong>evasi\u00f3n<\/strong><strong>&nbsp;fiscal, principalmente por parte de los gigantes tecnol\u00f3gicos de EE. UU.,&nbsp;<\/strong><strong>tiene como objetivo<\/strong><strong>&nbsp;alentar a los pa\u00edses europeos a&nbsp;<\/strong><strong>resistir de forma m\u00e1s agresiva&nbsp;<\/strong><strong>el ascenso de China.<\/strong><\/p>\n\n\n\n<p><strong>\u00bfCu\u00e1les ser\u00e1n las&nbsp;<\/strong><strong>consecuencias<\/strong><strong>&nbsp;para lo que algunos llaman el orden mundial basado en reglas liberales? Claramente, esta no fue una crisis que comenz\u00f3 y termin\u00f3 con Trump. Es algo mucho m\u00e1s estructural. \u00bfC\u00f3mo van a reaccionar y responder los liberales?<\/strong><\/p>\n\n\n\n<p>Est\u00e1 claro que aquello de \u2018America First\u2019 que o\u00edamos bajo Trump y la manera en que este empleaba una ret\u00f3rica que hac\u00eda pensar en una nueva Guerra Fr\u00eda con China ya exist\u00edan bajo Obama. Si miramos lo que Biden ha hecho hasta ahora y escuchamos la incre\u00edble entrevista que dio Hillary Clinton, en que habl\u00f3 sobre el ascenso de China y los medios de producci\u00f3n, mientras Trump la utiliz\u00f3 de manera muy efectiva como una herramienta ret\u00f3rica y de movilizaci\u00f3n ante sus votantes, est\u00e1 claro que Biden est\u00e1 haciendo lo mismo.<\/p>\n\n\n\n<p>Varias de las medidas de est\u00edmulo se expresan en el lenguaje de la necesidad de competir con China: trasladar a suelo nacional la producci\u00f3n de semiconductores, impedir que los fabricantes chinos se apropien de esta tecnolog\u00eda, proteger la propiedad intelectual, formar una mano de obra que pueda volver a capacitarse y ser competitiva en industrias de mayor valor, etc. Todo este lenguaje sobre la industria en los EE. UU., su declive y su reactivaci\u00f3n est\u00e1n codificados en una ret\u00f3rica anti-china que parece venir de una hoja de ruta distribuida a los dem\u00f3cratas en el Senado, el Congreso y la Casa Blanca.<\/p>\n\n\n\n<p>Veo eso como algo que est\u00e1 aqu\u00ed para quedarse, y no lo veo como algo positivo, a diferencia de algunos de la izquierda, que podr\u00edan pensar que es una forma inteligente de lograr objetivos progresistas. En realidad, lo veo como bastante caracter\u00edstico de la manera en que el liberalismo puede lograr y, en efecto, logra sacar partido del nacionalismo. El liberalismo no siempre ha sido una doctrina de cosmopolitas desarraigados. A menudo ha echado mano del nacionalismo para conseguir sus fines o para alcanzar el poder.<\/p>\n\n\n\n<p>Pensando en el caso brit\u00e1nico, abundaban los imperialistas en el Partido Liberal a principios del siglo XX. Hicieron hincapi\u00e9 en esta idea de eficiencia despu\u00e9s de la Segunda Guerra de los B\u00f3ers. La clase trabajadora que fue y pele\u00f3 en esa guerra estaba desnutrida, se consideraba demasiado baja de estatura, etc. Hubo todo tipo de quejas sobre el &#8220;linaje racial&#8221; del pueblo brit\u00e1nico, lo que dio lugar a una serie de elementos de legislaci\u00f3n social progresista que buscaban garantizar que se realizaran controles m\u00e9dicos en la escuela o que se distribuyeran alimentos y leche.<\/p>\n\n\n\n<p>Este es solo un ejemplo para hablar sobre la forma en que la idea de eficiencia y la idea de imperio pueden ser un acicate dentro del liberalismo hacia una legislaci\u00f3n social m\u00e1s progresista en casa. Este tipo de estrategias contra el caso del ascenso de China parece bastante consistente con, por un lado, el fin de lograr una reforma social y, por el otro, el de intensificar un proyecto imperial. Y en lugar de que los dos est\u00e9n separados, en la historia del liberalismo, a menudo van de la mano.<\/p>\n\n\n\n<p>No hay raz\u00f3n alguna para aceptar esta idea hip\u00f3crita de parte de Occidente, que es el contrincante m\u00e1s fuerte. Otra cuesti\u00f3n importante a considerar en estas discusiones sobre pol\u00edtica exterior es qui\u00e9n es m\u00e1s poderoso y qui\u00e9n tiene m\u00e1s que ganar con este moralismo en torno a la idea de democracia y derechos humanos. Desde Carter, y tal vez incluso desde antes, la respuesta es Estados Unidos. Para m\u00e1s ejemplos, podr\u00edamos hablar de c\u00f3mo esta idea se usa en otros contextos: Ir\u00e1n, que se halla completamente rodeado por bases militares estadounidenses, Corea del Norte, China y Cuba.<\/p>\n\n\n\n<p>Cuba, pese a un embargo econ\u00f3mico, ya cre\u00f3 dos vacunas gracias a un sector de biotecnolog\u00eda que es uno de los m\u00e1s fuertes del mundo, a apenas noventa millas de la costa de Florida. Pero les ha sido imposible conseguir las jeringas y el equipo t\u00e9cnico que necesitan. Es un crimen y no tiene nada que ver con las cualidades morales de ese r\u00e9gimen.<\/p>\n\n\n\n<p>La cuesti\u00f3n de la pol\u00edtica exterior y el imperialismo liberal es fundamental para comprender toda la orientaci\u00f3n de la izquierda. Una de las cosas tan refrescantes de Corbyn fue que represent\u00f3 una verdadera ruptura con un Partido Laborista que siempre hab\u00eda sido bastante nacionalista en su perspectiva. Por supuesto, esa fue una de las cosas menos aceptables para sus correligionarios y \u200b\u200buna de las razones por las que la derecha laborista hizo todo lo posible para tumbarlo.<\/p>\n\n\n\n<p><strong>Finalmente, \u00bfpor qu\u00e9&nbsp;<\/strong><strong>la izquierda no tiene su&nbsp;<em>The&nbsp;<\/em><\/strong><strong><em>Economist<\/em><\/strong><strong>&nbsp;&#8211; y podemos&nbsp;<\/strong><strong>cambiar esta realidad<\/strong><strong>?<\/strong><\/p>\n\n\n\n<p>Al leer&nbsp;<em>The Economist<\/em>&nbsp;y sus archivos, queda bastante claro que la izquierda siempre se ha estado interesado por \u00e9l. Marx le\u00eda&nbsp;<em>The Economist<\/em>&nbsp;en la&nbsp;<em>British Library<\/em>&nbsp;en las d\u00e9cadas de 1840 y 50 para intentar comprender por qu\u00e9 las revoluciones de 1848 hab\u00edan fracasado. En su opini\u00f3n, se debi\u00f3 en parte a la mejora de las condiciones econ\u00f3micas, lo cual confirm\u00f3 por medio de su estudio de los precios, las citas y los \u00edndices en&nbsp;<em>The Economist<\/em>. Isaac Deutscher, el gran bi\u00f3grafo de Trotsky e historiador de la Revoluci\u00f3n rusa, en realidad escribi\u00f3 para&nbsp;<em>The Economist<\/em>&nbsp;y fue corresponsal durante la Segunda Guerra Mundial sobre lo que estaba sucediendo en Europa del Este y Rusia.<\/p>\n\n\n\n<p>La izquierda siempre ha mirado&nbsp;<em>The Economist<\/em>&nbsp;con cierta fascinaci\u00f3n, as\u00ed que me veo a m\u00ed mismo como parte de esa tradici\u00f3n que la ve como tribuna de una clase dominante liberal, de una aristocracia financiera \u2014as\u00ed la llam\u00f3 Marx, &#8216;la tribuna de la aristocracia de las finanzas&#8217;\u2014 para comprender la orientaci\u00f3n pol\u00edtica de estos l\u00edderes y mercados y c\u00f3mo cambian y se desplazan.<\/p>\n\n\n\n<p><em>The Economist<\/em>&nbsp;cumple una funci\u00f3n particular para una clase dominante global. Siempre ha tenido una orientaci\u00f3n internacional y siempre se ha enviado al exterior a Buenos Aires, a Par\u00eds, a todo tipo de ciudades del mundo interesadas en el comercio y la inversi\u00f3n de capital extranjero. Estructuralmente, la izquierda, que es esencialmente opositora, no hegem\u00f3nica e intenta crear una nueva modalidad pol\u00edtica, no podr\u00eda haber creado de manera org\u00e1nica nada parecido a&nbsp;<em>The Economist<\/em>&nbsp;porque no exigir cuentas al capital como lo hace esta revista. Tal vez sea un objetivo de la izquierda ser tan comprehensiva y totalizadora como&nbsp;<em>The Economist<\/em>&nbsp;al informar sobre la actualidad del mundo entero, al pensar en las formas en que la pol\u00edtica interna y la pol\u00edtica exterior est\u00e1n conectadas, y al ser muy inteligente y clara en las formas en que el surgimiento de los nuevos movimientos pol\u00edticos de izquierda en alg\u00fan lugar como M\u00e9xico o Brasil no solo va a desafiar a los capitalistas nacionales, sino a los capitalistas internacionales.<\/p>\n\n\n\n<p>No tengo una respuesta a la pregunta de por qu\u00e9 la izquierda no tiene nada como&nbsp;<em>The Economist<\/em>, pero a m\u00ed me parece que tiene que ver con una verdad estructural sobre la forma en que funciona la izquierda insurgente y la clase dominante. Al leer&nbsp;<em>The Economist<\/em>, la izquierda ha encontrado una herramienta para comprender el capital de manera clara. David Singer, un periodista de izquierda que antes trabaj\u00f3 para&nbsp;<em>The Economist<\/em>, lleg\u00f3 a decir: &#8220;en&nbsp;<em>The Economist<\/em>&nbsp;uno escucha a la clase dominante hablar consigo misma y se da cuenta de que lo hace con bastante claridad&#8221;. Quiz\u00e1s la pregunta no sea exactamente por qu\u00e9 la izquierda no tiene su propia versi\u00f3n de&nbsp;<em>The Economist<\/em>, sino c\u00f3mo la izquierda, al leer&nbsp;<em>The Economist<\/em>&nbsp;y tomarse en serio tanto la revista como la visi\u00f3n del mundo que esta defiende, puede hacerse m\u00e1s fuerte y ganar cierta aceptaci\u00f3n en este mundo que quieren derrocar.<\/p>\n","protected":false},"excerpt":{"rendered":"<p>Alexander Zevin Fuente: Sin Permiso Marx llam\u00f3 una vez a&nbsp;The Economist&nbsp;\u201cla tribuna de la aristocracia financiera\u201d. Como revista dominante entre los liberales de \u00e9lite, ha jugado un papel importante en la formaci\u00f3n y promoci\u00f3n de la ideolog\u00eda del liberalismo, siguiendo sus cambios y continuidades, desde su fundaci\u00f3n en 1843 hasta hoy dia. Alexander Zevin, profesor [&hellip;]<\/p>\n","protected":false},"author":1,"featured_media":3182,"comment_status":"open","ping_status":"open","sticky":false,"template":"","format":"standard","meta":{"footnotes":""},"categories":[4],"tags":[],"_links":{"self":[{"href":"http:\/\/www.movimientocaamanista.com\/index.php?rest_route=\/wp\/v2\/posts\/5361"}],"collection":[{"href":"http:\/\/www.movimientocaamanista.com\/index.php?rest_route=\/wp\/v2\/posts"}],"about":[{"href":"http:\/\/www.movimientocaamanista.com\/index.php?rest_route=\/wp\/v2\/types\/post"}],"author":[{"embeddable":true,"href":"http:\/\/www.movimientocaamanista.com\/index.php?rest_route=\/wp\/v2\/users\/1"}],"replies":[{"embeddable":true,"href":"http:\/\/www.movimientocaamanista.com\/index.php?rest_route=%2Fwp%2Fv2%2Fcomments&post=5361"}],"version-history":[{"count":1,"href":"http:\/\/www.movimientocaamanista.com\/index.php?rest_route=\/wp\/v2\/posts\/5361\/revisions"}],"predecessor-version":[{"id":5362,"href":"http:\/\/www.movimientocaamanista.com\/index.php?rest_route=\/wp\/v2\/posts\/5361\/revisions\/5362"}],"wp:featuredmedia":[{"embeddable":true,"href":"http:\/\/www.movimientocaamanista.com\/index.php?rest_route=\/wp\/v2\/media\/3182"}],"wp:attachment":[{"href":"http:\/\/www.movimientocaamanista.com\/index.php?rest_route=%2Fwp%2Fv2%2Fmedia&parent=5361"}],"wp:term":[{"taxonomy":"category","embeddable":true,"href":"http:\/\/www.movimientocaamanista.com\/index.php?rest_route=%2Fwp%2Fv2%2Fcategories&post=5361"},{"taxonomy":"post_tag","embeddable":true,"href":"http:\/\/www.movimientocaamanista.com\/index.php?rest_route=%2Fwp%2Fv2%2Ftags&post=5361"}],"curies":[{"name":"wp","href":"https:\/\/api.w.org\/{rel}","templated":true}]}}