{"id":5365,"date":"2021-10-16T11:12:27","date_gmt":"2021-10-16T11:12:27","guid":{"rendered":"http:\/\/www.movimientocaamanista.com\/?p=5365"},"modified":"2021-10-16T11:12:29","modified_gmt":"2021-10-16T11:12:29","slug":"dificil-y-necesario","status":"publish","type":"post","link":"http:\/\/www.movimientocaamanista.com\/?p=5365","title":{"rendered":"Dif\u00edcil y necesario"},"content":{"rendered":"\n<p>David Brooks<\/p>\n\n\n\n<p>Fuente: <a href=\"https:\/\/rebelion.org\/dificil-y-necesario\/\">Rebeli\u00f3n<\/a><\/p>\n\n\n\n<p>Las fuerzas progresistas en Estados Unidos son las que han impulsado el giro antineoliberal del gobierno de Joe Biden; son estos movimientos los que est\u00e1n logrando lo que el senador Bernie Sanders (en imagen de hace unos d\u00edas) considera potencialmente las reformas econ\u00f3micas y sociales m\u00e1s grandes en el pa\u00eds desde el New Deal. <\/p>\n\n\n\n<p>Es demasiado f\u00e1cil decir que Biden es peor que Trump usando esa imagen intolerable y simb\u00f3lica, de tanta de la historia m\u00e1s oscura de este pa\u00eds, de los haitianos en la frontera perseguidos por agentes a caballo, no se necesita hacer un gran esfuerzo mental (no importa que eso fue una pesadilla pol\u00edtica que da\u00f1\u00f3 al presidente igual que le ha ocurrido a tantos l\u00edderes en otros pa\u00edses que han tenido que distanciarse de los abusos de migrantes por sus autoridades). Es demasiado f\u00e1cil decir que Estados Unidos es racista, imperialista, sionista, pero todos los d\u00edas s\u00ed es necesario recordar su larga historia de violencia oficial en guerras (el \u00fanico pa\u00eds en la historia que ha usado armas de destrucci\u00f3n masiva), invasiones, intervenciones, operaciones clandestinas, todos actos impunes, brutales, la mayor\u00eda injustificables. Es f\u00e1cil. Es necesario. Hablar verdades es lo m\u00e1s urgente en este mundo. Pero es f\u00e1cil porque es parcial; no es todo el cuento, ni el de ahora, ni nunca.<\/p>\n\n\n\n<p>M\u00e1s dif\u00edcil, y tarea constante de cualquier periodista, medio, intelectual o pol\u00edtico que se identifica como progresista, es acercarse a una verdad m\u00e1s completa, a veces compleja que suele no ser reducible a un tuit o una frase en un discurso. Irse por la f\u00e1cil es, pues, acto de pereza, parece explicar todo pero a fin de cuentas no revela nada.<\/p>\n\n\n\n<p>Vale repetir en esta coyuntura que casi ning\u00fan progresista en Estados Unidos considera a Biden o su equipo como uno de ellos, ni necesariamente un aliado. De hecho, las cr\u00edticas contra su gobierno, desde su manejo de la migraci\u00f3n, a las guerras que siguen adelante (todas, cuando iniciaron, apoyadas por Biden y su gente), como su pol\u00edtica sorprendentemente mediocre y torpe hacia Am\u00e9rica Latina, entre otras, son expresadas de manera cotidiana. M\u00e1s a\u00fan, las fuerzas progresistas en este pa\u00eds son justo las que han impulsado el giro anti-neoliberal de este a\u00fan nuevo gobierno y est\u00e1n logrando lo que Bernie Sanders considera potencialmente las reformas econ\u00f3micas y sociales m\u00e1s grandes desde el&nbsp;<em>New Deal<\/em>.<\/p>\n\n\n\n<p>Movimientos progresistas dentro de Estados Unidos \u2013a pesar de divisiones, limitaciones, amnesias y arrogancias\u2013 han obligado la inclusi\u00f3n al centro de la agenda nacional de los temas justicia econ\u00f3mica, una reforma migratoria ambiciosa \u2013que incluye v\u00edas a la legalizaci\u00f3n de 11 millones de indocumentados\u2013 el salario digno y los derechos laborales, el cambio clim\u00e1tico \u2013incluido el fin de subsidios de la industria de hidrocarburos\u2013, el rescate de las conquistas sociales de hace medio siglo en derechos civiles, derechos de las mujeres, los ind\u00edgenas, los derechos gay, el control de las armas de fuego, la impunidad de las autoridades policiacas y la defensa de la libertad de la prensa (que involucra la defensa, bajo este rubro, de Assange y Snowden, entre otros).<\/p>\n\n\n\n<p>No reconocer la existencia de estas luchas \u2013sus triunfos, sus avances, sus derrotas, sus canciones, sus lamentos, sus idiomas, sus poemas, su ira, su humor\u2013 no s\u00f3lo es optar por una visi\u00f3n distorsionada e incompleta de otro pa\u00eds, descartar a potenciales aliados, es finalmente una sencilla falta de respeto (adem\u00e1s de un regalo a los enemigos comunes).<\/p>\n\n\n\n<p>Lo m\u00e1s importante de la elecci\u00f3n presidencial pasada no fue el triunfo de Biden en s\u00ed, sino la derrota de un proyecto neofascista, donde fue clave el papel del mosaico de movimientos y actores progresistas. Pero no pasa d\u00eda en Estados Unidos en que no se advierta del peligro existencial de la democracia en esta rep\u00fablica por la amenaza de una derecha elevada a un nivel sin precedente por el triunfo de Trump hace cinco a\u00f1os y que est\u00e1 dispuesta a destruir el orden constitucional para imponerse, al igual que en tantos otros pa\u00edses.<\/p>\n\n\n\n<p>Esa lucha com\u00fan contra la vieja guardia neoliberal y la amenaza de una derecha populista de corte fascista requiere de la solidaridad y el mutuo reconocimiento entre los que defienden la dignidad humana y se atreven en so\u00f1ar con la posibilidad de otro mundo.<\/p>\n\n\n\n<p>Eso no es f\u00e1cil, s\u00f3lo necesario.<\/p>\n","protected":false},"excerpt":{"rendered":"<p>David Brooks Fuente: Rebeli\u00f3n Las fuerzas progresistas en Estados Unidos son las que han impulsado el giro antineoliberal del gobierno de Joe Biden; son estos movimientos los que est\u00e1n logrando lo que el senador Bernie Sanders (en imagen de hace unos d\u00edas) considera potencialmente las reformas econ\u00f3micas y sociales m\u00e1s grandes en el pa\u00eds desde [&hellip;]<\/p>\n","protected":false},"author":1,"featured_media":5366,"comment_status":"open","ping_status":"open","sticky":false,"template":"","format":"standard","meta":{"footnotes":""},"categories":[5,3],"tags":[],"_links":{"self":[{"href":"http:\/\/www.movimientocaamanista.com\/index.php?rest_route=\/wp\/v2\/posts\/5365"}],"collection":[{"href":"http:\/\/www.movimientocaamanista.com\/index.php?rest_route=\/wp\/v2\/posts"}],"about":[{"href":"http:\/\/www.movimientocaamanista.com\/index.php?rest_route=\/wp\/v2\/types\/post"}],"author":[{"embeddable":true,"href":"http:\/\/www.movimientocaamanista.com\/index.php?rest_route=\/wp\/v2\/users\/1"}],"replies":[{"embeddable":true,"href":"http:\/\/www.movimientocaamanista.com\/index.php?rest_route=%2Fwp%2Fv2%2Fcomments&post=5365"}],"version-history":[{"count":1,"href":"http:\/\/www.movimientocaamanista.com\/index.php?rest_route=\/wp\/v2\/posts\/5365\/revisions"}],"predecessor-version":[{"id":5367,"href":"http:\/\/www.movimientocaamanista.com\/index.php?rest_route=\/wp\/v2\/posts\/5365\/revisions\/5367"}],"wp:featuredmedia":[{"embeddable":true,"href":"http:\/\/www.movimientocaamanista.com\/index.php?rest_route=\/wp\/v2\/media\/5366"}],"wp:attachment":[{"href":"http:\/\/www.movimientocaamanista.com\/index.php?rest_route=%2Fwp%2Fv2%2Fmedia&parent=5365"}],"wp:term":[{"taxonomy":"category","embeddable":true,"href":"http:\/\/www.movimientocaamanista.com\/index.php?rest_route=%2Fwp%2Fv2%2Fcategories&post=5365"},{"taxonomy":"post_tag","embeddable":true,"href":"http:\/\/www.movimientocaamanista.com\/index.php?rest_route=%2Fwp%2Fv2%2Ftags&post=5365"}],"curies":[{"name":"wp","href":"https:\/\/api.w.org\/{rel}","templated":true}]}}