{"id":5502,"date":"2021-11-08T11:11:15","date_gmt":"2021-11-08T11:11:15","guid":{"rendered":"http:\/\/www.movimientocaamanista.com\/?p=5502"},"modified":"2021-11-08T11:11:16","modified_gmt":"2021-11-08T11:11:16","slug":"los-retos-de-una-transicion-ecosocial","status":"publish","type":"post","link":"http:\/\/www.movimientocaamanista.com\/?p=5502","title":{"rendered":"Los retos de una transici\u00f3n ecosocial"},"content":{"rendered":"\n<p>Estanislao Cantos<\/p>\n\n\n\n<p>Fuente: <a href=\"https:\/\/rebelion.org\/los-retos-de-una-transicion-ecosocial\/\">Rebeli\u00f3n<\/a><\/p>\n\n\n\n<p>El reciente informe del&nbsp;<a href=\"http:\/\/xn--grupo%20intergubernamental%20de%20expertos%20sobre%20el%20cambio%20climtico-xcg\/\" target=\"_blank\" rel=\"noreferrer noopener\">IPCC<\/a>&nbsp;no deja lugar a dudas: \u201ces inequ\u00edvoco que la influencia humana ha calentado la atm\u00f3sfera, el oc\u00e9ano y la tierra\u201d. Es m\u00e1s, seg\u00fan las filtraciones del borrador del documento del grupo III, se llega a afirmar que el sistema capitalista es el responsable directo de dicho cambio. Pues bien, en este art\u00edculo voy a tratar de hablar de cu\u00e1les ser\u00edan los retos para la transici\u00f3n y, adem\u00e1s, por qu\u00e9 la transici\u00f3n debe ser planificada y ecosocialista y no bajo una din\u00e1mica de mercado.<\/p>\n\n\n\n<p><strong>\u00bfCu\u00e1les son los retos para la transici\u00f3n?<\/strong><\/p>\n\n\n\n<p>En general, hablar de transici\u00f3n ecosocial y hablar de transici\u00f3n energ\u00e9tica en sentido amplio no son sin\u00f3nimos, pero casi. La transici\u00f3n energ\u00e9tica,&nbsp; lejos de lo que se suele pensar, va mucho m\u00e1s all\u00e1 del sistema el\u00e9ctrico: el 77% de la energ\u00eda final consumida es distinta de la electricidad. Por ello, una transici\u00f3n energ\u00e9tica hacia un modelo completamente sostenible implica un cambio muy profundo del conjunto de las estructuras y din\u00e1micas sociales.<\/p>\n\n\n\n<p>Al margen de consideraciones de tipo pol\u00edtico, se pueden identificar cuatro grandes retos para esa transici\u00f3n, ya sea desde una perspectiva neoliberal, social-liberal o ecosocialista:<\/p>\n\n\n\n<p><strong>1- El agotamiento de los combustibles f\u00f3siles<\/strong><\/p>\n\n\n\n<p>Que los combustibles f\u00f3siles se van a agotar es un hecho dado el car\u00e1cter finito de nuestro planeta. Pero en realidad, el problema inminente no es tanto que se agoten como que la oferta no sea capaz de suplir la demanda. Al desequilibrarse la oferta y la demanda, suben los precios y eso es precisamente lo que est\u00e1 empezando a ocurrir.<\/p>\n\n\n\n<p>Por otra parte, si la oferta no satisface la demanda, entonces, con el petr\u00f3leo disponible hay que decidir para qu\u00e9 hay y para qu\u00e9 no. En este punto, el gran problema del sistema capitalista es que la decisi\u00f3n final no es fruto de una deliberaci\u00f3n democr\u00e1tica, sino de una imposici\u00f3n v\u00eda precio cuando no de una imposici\u00f3n militar. Y al margen de la profunda crisis en la que puede entrar la econom\u00eda mundial, recordemos que para fabricar las fuentes renovables se sigue necesitando quemar f\u00f3siles.<\/p>\n\n\n\n<p><strong>2- Los materiales para la transici\u00f3n<\/strong><\/p>\n\n\n\n<p>Seg\u00fan el informe de la Agencia Internacional de la Energ\u00eda, para llevar a cabo la transici\u00f3n (su modelo de transici\u00f3n), en 2040 la cantidad de materiales escasos a emplear ser\u00e1 ingente. Pero de todos los materiales que se requieren, los destinados a los coches y las bater\u00edas supondr\u00edan en torno al 45%. Igualmente, la red el\u00e9ctrica consumir\u00eda el 35% de los materiales, pero tambi\u00e9n es cierto que sin electrificar toda la flota de veh\u00edculos no ser\u00eda necesario aumentar la red el\u00e9ctrica en tan gran escala. Aunque los aerogeneradores requieren de algunas tierras, no as\u00ed la fotovoltaica basada en silicio, parece que los materiales no tendr\u00edan por qu\u00e9 ser un mayor problema si la transici\u00f3n llevada a cabo es de tipo ecosocial y&nbsp;<em>comedida<\/em>. El problema vendr\u00e1 si se quiere mantener el est\u00e1ndar de consumo actual.<\/p>\n\n\n\n<p><strong>3- El almacenamiento<\/strong><\/p>\n\n\n\n<p>El almacenamiento es de las cuestiones m\u00e1s estrat\u00e9gicas en el \u00e1mbito de la energ\u00eda en el medio plazo, porque, en \u00faltima instancia, es lo que va a marcar la disponibilidad energ\u00e9tica. Las distintas tecnolog\u00edas renovables se complementan entre s\u00ed, pero a\u00fan as\u00ed habr\u00e1 huecos por la noche y en invierno que deber\u00e1n ser cubiertos: bien quemando f\u00f3siles, aprovechando la energ\u00eda almacenada en las horas de excedente o bien racionalizando la energ\u00eda; o, lo que es lo mismo, asumiendo que haya cortes.&nbsp; Si el almacenamiento est\u00e1 en manos p\u00fablicas, podr\u00e1 ser gestionado de forma democr\u00e1tica, pero si est\u00e1 en manos privadas, ser\u00e1 una gran fuente de lucro para una minor\u00eda y de privaci\u00f3n de derechos b\u00e1sicos para la mayor\u00eda. Por eso es tan importante la creaci\u00f3n de una empresa p\u00fablica que gestione el almacenamiento.<\/p>\n\n\n\n<p>El gran problema es que el almacenamiento de energ\u00eda no es f\u00e1cil de conseguir. Y cuanto m\u00e1s consumo haya, mayor ser\u00e1 la necesidad de almacenamiento. Por tanto, si se quiere un escenario 100% renovable, es imperativo reducir el consumo de forma dr\u00e1stica.<\/p>\n\n\n\n<p><strong>4- La electrificaci\u00f3n de los consumos<\/strong><\/p>\n\n\n\n<p>El cuarto de los grandes retos es la cuesti\u00f3n de la electrificaci\u00f3n. Del actual consumo energ\u00e9tico final en el Estado espa\u00f1ol, s\u00f3lo el 23% es electricidad y el 7% renovable directa. Esto quiere decir que el otro 70% procedente de fuentes f\u00f3siles, principalmente derivados del petr\u00f3leo y gas, hay que hacerlo renovable. Y eso implica electrificar los consumos (por ejemplo, el coche el\u00e9ctrico), emplear renovables directas (por ejemplo, los viejos molinos para moler el trigo), y reducir el consumo energ\u00e9tico de esos sectores.<\/p>\n\n\n\n<p>Aqu\u00ed el problema es que ni todos los procesos son electrificables (o al menos no son sencillos de electrificar) ni tampoco es posible emplear renovables directas en muchas ocasiones. Por ello, cuando se habla de un escenario 100% renovable, aun con propuestas de reducciones dr\u00e1sticas de consumo energ\u00e9tico, es mucho m\u00e1s f\u00e1cil enunciarlo que ponerlo en pr\u00e1ctica.<\/p>\n\n\n\n<p><strong>\u00bfCu\u00e1l es el modelo de transici\u00f3n actual?<\/strong><\/p>\n\n\n\n<p>La principal caracter\u00edstica del modelo de transici\u00f3n que se est\u00e1 llevando a cabo es que sigue la din\u00e1mica de mercado. El Estado&nbsp;<em>deja hacer<\/em>&nbsp;a las entidades privadas, que ven en la transici\u00f3n un gran nicho para hacer negocio a nuestra costa. Pero otro problema a\u00fan m\u00e1s crucial es que, lejos de ser una transici\u00f3n medianamente ordenada, en la que a cada apag\u00f3n f\u00f3sil le acompa\u00f1a un encendido simult\u00e1neo renovable, ser\u00e1 una transici\u00f3n completamente ca\u00f3tica. Dado que bajo el sistema de mercado el mecanismo de ajuste entre oferta y demanda es v\u00eda precio, cuando se rompa ese equilibrio en la sustituci\u00f3n de f\u00f3siles por renovables, los precios de la energ\u00eda se van a disparar, impactando en el conjunto del sistema econ\u00f3mico.<\/p>\n\n\n\n<p>As\u00ed, una transici\u00f3n bajo din\u00e1mica de mercado ser\u00e1 ca\u00f3tica, generar\u00e1 grandes sufrimientos sociales y probablemente desencadenar\u00e1 una conflictividad e inestabilidad pol\u00edtica global.<\/p>\n\n\n\n<p><strong>Entonces, \u00bfqu\u00e9 transici\u00f3n y por qu\u00e9?<\/strong><\/p>\n\n\n\n<p>Frente a una transici\u00f3n ca\u00f3tica, injusta y generadora de desigualdades, necesitamos una transici\u00f3n planificada, porque es la \u00fanica forma de garantizar que sea efectiva, adem\u00e1s de justa y democr\u00e1tica. Modelos de transici\u00f3n planificada puede haber muchos, pero la propuesta que se defiende aqu\u00ed&nbsp;es una combinaci\u00f3n p\u00fablica y comunitaria. La parte p\u00fablica es fundamental porque hay una serie de infraestructuras que tiene que garantizar el Estado y, en especial, todo lo que tiene que ver con la distribuci\u00f3n, el almacenamiento o la garant\u00eda en el suministro. Por otra parte, la titularidad comunitaria es imprescindible para garantizar la soberan\u00eda energ\u00e9tica de las comunidades con la suficiente autonom\u00eda respecto a los vaivenes del mercado o del Estado. Previene frente a movimientos especulativos o futuras privatizaciones, adem\u00e1s de permitir una gesti\u00f3n democr\u00e1tica y m\u00e1s cercana al territorio.<\/p>\n\n\n\n<p>No obstante, y dados los retos expuestos, dos cosas se deben hacer a la vez y adem\u00e1s r\u00e1pido: instalar renovables masivamente y reducir el consumo energ\u00e9tico dr\u00e1sticamente. Incluso en un escenario de reducci\u00f3n del consumo del 70%, la fotovoltaica en tejados s\u00f3lo cubrir\u00eda del orden del 40% del total de fotovoltaica que habr\u00eda que instalar en ese escenario de reducci\u00f3n extrema, la e\u00f3lica habr\u00eda que multiplicarla por 2, la solar t\u00e9rmica por 5 o por 6\u2026 Es much\u00edsima la potencia renovable que a\u00fan faltar\u00eda por instalar.<\/p>\n\n\n\n<p>Siendo conscientes de que reducci\u00f3n va a haber s\u00ed o s\u00ed, ya sea por un acto consciente, ya sea por el agotamiento de los combustibles f\u00f3siles, o ya sea porque no existan suficientes materiales, la decisi\u00f3n de \u00e9poca es si el mecanismo de reducci\u00f3n va a ser v\u00eda mercado o v\u00eda planificaci\u00f3n democr\u00e1tica. Bajo la v\u00eda de mercado ser\u00e1 un s\u00e1lvese quien pueda, bajo la v\u00eda de la planificaci\u00f3n democr\u00e1tica, podr\u00e1 ser un aterrizaje lo m\u00e1s suave e igualitario posible. Primero deber\u00e1n reducir su consumo las actividades que m\u00e1s derrochan, pero sobre todo, los fuertes descensos en el consumo energ\u00e9tico se van a producir mediante cambios sist\u00e9micos en nuestro modelo de vida como el modelo productivo o el modelo de ciudad. Adem\u00e1s, si hay escasez energ\u00e9tica, habr\u00e1 que prepararse para racionalizarla bajo criterios como el establecimiento de un consumo m\u00e1ximo por actividades y\/o por habitantes.<\/p>\n\n\n\n<p>La tarea a realizar es realmente \u00e9pica teniendo en cuenta que, durante lo m\u00e1s duro del confinamiento, tan s\u00f3lo se consigui\u00f3 reducir el consumo energ\u00e9tico en torno al 30%. Llevar a cabo el gran reto que tenemos como sociedad implica no s\u00f3lo una socializaci\u00f3n del sistema el\u00e9ctrico y energ\u00e9tico, implica la socializaci\u00f3n del conjunto de actividades econ\u00f3micas productivas y reproductivas.<\/p>\n\n\n\n<p><em>Estanislao Cantos<\/em>&nbsp;es ingeniero aeron\u00e1utico y miembro del \u00c1rea de Ecolog\u00eda de Anticapitalistas<\/p>\n","protected":false},"excerpt":{"rendered":"<p>Estanislao Cantos Fuente: Rebeli\u00f3n El reciente informe del&nbsp;IPCC&nbsp;no deja lugar a dudas: \u201ces inequ\u00edvoco que la influencia humana ha calentado la atm\u00f3sfera, el oc\u00e9ano y la tierra\u201d. Es m\u00e1s, seg\u00fan las filtraciones del borrador del documento del grupo III, se llega a afirmar que el sistema capitalista es el responsable directo de dicho cambio. Pues [&hellip;]<\/p>\n","protected":false},"author":1,"featured_media":5503,"comment_status":"open","ping_status":"open","sticky":false,"template":"","format":"standard","meta":{"footnotes":""},"categories":[4],"tags":[],"_links":{"self":[{"href":"http:\/\/www.movimientocaamanista.com\/index.php?rest_route=\/wp\/v2\/posts\/5502"}],"collection":[{"href":"http:\/\/www.movimientocaamanista.com\/index.php?rest_route=\/wp\/v2\/posts"}],"about":[{"href":"http:\/\/www.movimientocaamanista.com\/index.php?rest_route=\/wp\/v2\/types\/post"}],"author":[{"embeddable":true,"href":"http:\/\/www.movimientocaamanista.com\/index.php?rest_route=\/wp\/v2\/users\/1"}],"replies":[{"embeddable":true,"href":"http:\/\/www.movimientocaamanista.com\/index.php?rest_route=%2Fwp%2Fv2%2Fcomments&post=5502"}],"version-history":[{"count":1,"href":"http:\/\/www.movimientocaamanista.com\/index.php?rest_route=\/wp\/v2\/posts\/5502\/revisions"}],"predecessor-version":[{"id":5504,"href":"http:\/\/www.movimientocaamanista.com\/index.php?rest_route=\/wp\/v2\/posts\/5502\/revisions\/5504"}],"wp:featuredmedia":[{"embeddable":true,"href":"http:\/\/www.movimientocaamanista.com\/index.php?rest_route=\/wp\/v2\/media\/5503"}],"wp:attachment":[{"href":"http:\/\/www.movimientocaamanista.com\/index.php?rest_route=%2Fwp%2Fv2%2Fmedia&parent=5502"}],"wp:term":[{"taxonomy":"category","embeddable":true,"href":"http:\/\/www.movimientocaamanista.com\/index.php?rest_route=%2Fwp%2Fv2%2Fcategories&post=5502"},{"taxonomy":"post_tag","embeddable":true,"href":"http:\/\/www.movimientocaamanista.com\/index.php?rest_route=%2Fwp%2Fv2%2Ftags&post=5502"}],"curies":[{"name":"wp","href":"https:\/\/api.w.org\/{rel}","templated":true}]}}