{"id":5505,"date":"2021-11-08T11:14:53","date_gmt":"2021-11-08T11:14:53","guid":{"rendered":"http:\/\/www.movimientocaamanista.com\/?p=5505"},"modified":"2021-11-08T11:14:54","modified_gmt":"2021-11-08T11:14:54","slug":"abinader-el-escogido","status":"publish","type":"post","link":"http:\/\/www.movimientocaamanista.com\/?p=5505","title":{"rendered":"ABINADER: EL ESCOGIDO"},"content":{"rendered":"\n<p>Narciso Isa Conde<\/p>\n\n\n\n<p>El Presidente Abinader ha sido la ficha escogida para impulsar y darle a una nueva modalidad de intervenci\u00f3n militar  de EE.UU y Uni\u00f3n Europea-U.E. en Hait\u00ed, el car\u00e1cter de invasi\u00f3n militar \u201csolicitada\u201d por el \u201cJefe de Estado\u201d del pa\u00eds vecino, acompa\u00f1ado de sus colegas Panam\u00e1 y Costa Rica.<\/p>\n\n\n\n<p>El teatro ha sido bien montado, presentando el tema migratorio como supuesta \u201ccarga\u201d para la parte dominicana y el dominio caotizante de bandas armadas haitianas como la otra gran bandera a enarbolar por Abinader y las huestes racistas anti-haitianas, para \u201cjustificar\u201d la  ocupaci\u00f3n militar imperialista de Hait\u00ed; calific\u00e1ndolo contradictoriamente como pa\u00eds invalido e incapaz y como  \u201cgran amenaza\u201d para nuestro pa\u00eds y nuestra Am\u00e9rica.<\/p>\n\n\n\n<p>Es dif\u00edcil encontrar otro caso donde  la cuesti\u00f3n migratoria entre pa\u00edses vecinos, v\u00edctimas del colonialismo, sea tratado de manera tan agresiva y soez; asumiendo un l\u00e9xico insultante y ofensivo, estimulante de confrontaciones sangrientas dadas las graves heridas existentes, todav\u00eda abiertas y supurantes.<\/p>\n\n\n\n<p> Ni siquiera los entreguistas gobernantes de la IV Rep\u00fablica de Venezuela osaron hacerlo frente a una migraci\u00f3n a su territorio de 5 millones de colombianos.<\/p>\n\n\n\n<p>Es que los globalizadores del gran capital y del coloniaje postmoderno, con sus \u201cS\u00faper Estados Canallas\u201d promotores de supremac\u00eda blanca y gansterizaci\u00f3n  de su sistema de dominaci\u00f3n, son expertos en crear \u201cEstados fallidos\u201d; escenarios de pueblos empobrecidos, v\u00edctimas de grandes fechor\u00edas y saqueos imperiales, para presentarlos entonces como victimarios apestosos, en tanto una parte emigra para sobrevivir y otra delinque para consumir, siguiendo los patrones de las \u00e9lites mafiosas a nivel mundial y local. Y Abinader no tiene el valor de ser un poquito diferente.<\/p>\n\n\n\n<p>Definitivamente el caos en HAIT\u00cd es culpa de EE.UU, U.E y mafias pol\u00edticas y empresariales afines a sus intereses. Las bandas se formaron en convivencia con C\u00cdA, MINUSTAH, mercenarios colombianos y dos narco-presidentes impuestos por EEUU: Martely y Moises. Pero obviando esa realidad THE Washington Post proclam\u00f3 que \u201coponerse a las intervenciones es ser c\u00f3mplice del caos y el sufrimiento resultante\u201d, el gobierno dominicano asemeja control migratorio a penalizaciones racistas contra estudiantes, parturientas, enfermos e indocumentados procedentes de Hait\u00ed, y Abinader -actuando por encargo y violando su Constituci\u00f3n- llama teatralmente a auspiciar una intervenci\u00f3n imperialista supuestamente \u201csalvadora\u201d.<\/p>\n\n\n\n<p>Y si el Post habla de intervenciones y a la vez Abinader condena a Nicaragua, pacta con Comando Sur, anuncia entrega a IV Flota-USA del  Puerto de Manzanillo, despliega hostilidad contra Venezuela bolivariana y Cuba, es leg\u00edtimo sospechar se preparan otras diabluras  para darle continuidad a las \u201cGuerras de quinta generaci\u00f3n\u201d con que procuran desestabilizar esos pa\u00edses soberanos.<\/p>\n","protected":false},"excerpt":{"rendered":"<p>Narciso Isa Conde El Presidente Abinader ha sido la ficha escogida para impulsar y darle a una nueva modalidad de intervenci\u00f3n militar de EE.UU y Uni\u00f3n Europea-U.E. en Hait\u00ed, el car\u00e1cter de invasi\u00f3n militar \u201csolicitada\u201d por el \u201cJefe de Estado\u201d del pa\u00eds vecino, acompa\u00f1ado de sus colegas Panam\u00e1 y Costa Rica. El teatro ha sido [&hellip;]<\/p>\n","protected":false},"author":1,"featured_media":3946,"comment_status":"open","ping_status":"open","sticky":false,"template":"","format":"standard","meta":{"footnotes":""},"categories":[5,16],"tags":[],"_links":{"self":[{"href":"http:\/\/www.movimientocaamanista.com\/index.php?rest_route=\/wp\/v2\/posts\/5505"}],"collection":[{"href":"http:\/\/www.movimientocaamanista.com\/index.php?rest_route=\/wp\/v2\/posts"}],"about":[{"href":"http:\/\/www.movimientocaamanista.com\/index.php?rest_route=\/wp\/v2\/types\/post"}],"author":[{"embeddable":true,"href":"http:\/\/www.movimientocaamanista.com\/index.php?rest_route=\/wp\/v2\/users\/1"}],"replies":[{"embeddable":true,"href":"http:\/\/www.movimientocaamanista.com\/index.php?rest_route=%2Fwp%2Fv2%2Fcomments&post=5505"}],"version-history":[{"count":1,"href":"http:\/\/www.movimientocaamanista.com\/index.php?rest_route=\/wp\/v2\/posts\/5505\/revisions"}],"predecessor-version":[{"id":5506,"href":"http:\/\/www.movimientocaamanista.com\/index.php?rest_route=\/wp\/v2\/posts\/5505\/revisions\/5506"}],"wp:featuredmedia":[{"embeddable":true,"href":"http:\/\/www.movimientocaamanista.com\/index.php?rest_route=\/wp\/v2\/media\/3946"}],"wp:attachment":[{"href":"http:\/\/www.movimientocaamanista.com\/index.php?rest_route=%2Fwp%2Fv2%2Fmedia&parent=5505"}],"wp:term":[{"taxonomy":"category","embeddable":true,"href":"http:\/\/www.movimientocaamanista.com\/index.php?rest_route=%2Fwp%2Fv2%2Fcategories&post=5505"},{"taxonomy":"post_tag","embeddable":true,"href":"http:\/\/www.movimientocaamanista.com\/index.php?rest_route=%2Fwp%2Fv2%2Ftags&post=5505"}],"curies":[{"name":"wp","href":"https:\/\/api.w.org\/{rel}","templated":true}]}}