{"id":5527,"date":"2021-11-14T12:27:50","date_gmt":"2021-11-14T12:27:50","guid":{"rendered":"http:\/\/www.movimientocaamanista.com\/?p=5527"},"modified":"2021-11-14T12:27:51","modified_gmt":"2021-11-14T12:27:51","slug":"el-padre-de-la-realidad-aumentada-alerta-del-lado-oscuro-del-metaverso-nuestro-entorno-se-llenara-de-personas-inexistentes","status":"publish","type":"post","link":"http:\/\/www.movimientocaamanista.com\/?p=5527","title":{"rendered":"El padre de la realidad aumentada alerta del \u2018lado oscuro\u2019 del metaverso: \u201cNuestro entorno se llenar\u00e1 de personas inexistentes\u201d"},"content":{"rendered":"\n<p>Fuente: <a href=\"https:\/\/kaosenlared.net\/el-padre-de-la-realidad-aumentada-alerta-del-lado-oscuro-del-metaverso-nuestro-entorno-se-llenara-de-personas-inexistentes\/\">Kaos en la Red<\/a><\/p>\n\n\n\n<p><em>Louis Rosenberg cree que desconectarse de la nueva multiplicidad virtual no ser\u00e1 una opci\u00f3n, de tal forma que la realidad podr\u00eda desaparecer por completo, pues los l\u00edmites con lo ficticio ser\u00edan imperceptibles<\/em><\/p>\n\n\n\n<p>Louis Rosenberg, el cient\u00edfico inform\u00e1tico que desarroll\u00f3 el primer sistema de realidad aumentada cuando trabajaba en el Laboratorio de Investigaci\u00f3n de la Fuerza A\u00e9rea de EE.UU.,&nbsp;advierte&nbsp;en un art\u00edculo&nbsp;<a href=\"https:\/\/bigthink.com\/the-future\/metaverse-augmented-reality-danger\/\" target=\"_blank\" rel=\"noreferrer noopener\">publicado<\/a>&nbsp;en Big Think&nbsp;de los peligros potenciales que representa el metaverso.<\/p>\n\n\n\n<p>El cient\u00edfico cree que la&nbsp;realidad aumentada se convertir\u00e1 en esta d\u00e9cada en el epicentro de todos los aspectos de la vida y se muestra preocupado por las consecuencias negativas del uso de esa enorme potencialidad por parte de los proveedores de plataformas. Una de sus mayores preocupaciones radica en el eventual uso de las potencialidades de la realidad aumentada para&nbsp;<strong>manipular el sentido de la realidad,<\/strong>&nbsp;reforzar las diferencias que ya nos dividen e imbuirnos cada vez m\u00e1s en&nbsp;<strong>una burbuja individual&nbsp;<\/strong>que nos aparte de la realidad colectiva.<\/p>\n\n\n\n<p>\u201cLa realidad aumentada y el&nbsp;<a href=\"https:\/\/bigthink-com.translate.goog\/the-future\/metaverse\/?_x_tr_sl=auto&amp;_x_tr_tl=es&amp;_x_tr_hl=en-US&amp;_x_tr_pto=nui\">metaverso<\/a>&nbsp;\u2014explica Rosenberg\u2014 son tecnolog\u00edas de medios que tienen como objetivo presentar contenido de la forma m\u00e1s natural posible, integrando a la perfecci\u00f3n im\u00e1genes, sonidos e incluso sentimientos simulados, en nuestra percepci\u00f3n del mundo real\u201d. \u201c<strong>Nuestro entorno se llenar\u00e1 de personas, lugares, objetos y actividades que, en realidad, no existen<\/strong>&nbsp;y, sin embargo, nos parecer\u00e1n profundamente aut\u00e9nticos\u201d, pronostica el cient\u00edfico.<\/p>\n\n\n\n<p>Una de las alertas se justifica porque el metaverso, al igual que las dem\u00e1s plataformas, funcionar\u00eda a trav\u00e9s de filtros que controlar\u00edan la informaci\u00f3n que podemos ver o no, de manera que podr\u00eda haber&nbsp;<strong>globos de texto flotando sobre las cabezas<\/strong>&nbsp;de las personas, a la manera de etiquetas, como \u201calcoh\u00f3lico\u201d o \u201cinmigrante\u201d, \u201cateo\u201d o \u201cracista\u201d, \u201cdem\u00f3crata\u201d o \u201crepublicano\u201d, que ser\u00edan manejadas&nbsp;incluso sin el conocimiento de esas personas. Este tipo de superposiciones virtuales podr\u00eda utilizarse, seg\u00fan \u00e9l, para&nbsp;<strong>amplificar males ya existentes en la sociedad actual<\/strong>, como la divisi\u00f3n pol\u00edtica, el aislamiento de grupos e incluso para impulsar el odio y la desconfianza.<\/p>\n\n\n\n<p>A&nbsp;la pregunta de por qu\u00e9 ser\u00edan mayores los peligros del metaverso, que los de las plataformas que conocemos hasta ahora, el experto explica que, si bien las tecnolog\u00edas de los medios nos han hecho vulnerables,&nbsp;<strong>a\u00fan tenemos la opci\u00f3n de apagar nuestros tel\u00e9fonos<\/strong>&nbsp;y de tener experiencias aut\u00e9nticas en un mundo real. En cambio, desconectarse del metaverso no va a ser una opci\u00f3n, pudiendo la realidad desaparecer por completo, ya que los l\u00edmites con lo ficticio ser\u00edan imperceptibles. De hecho, el universo digital podr\u00eda&nbsp;incluso bloquear la realidad, a voluntad de quienes manejen las plataformas.<\/p>\n\n\n\n<p>\u201cLa realidad aumentada puede ser una fuerza para el bien, para hacer del mundo un lugar m\u00e1gico y expandir lo que significa ser humano. Pero para protegernos contra los peligros potenciales, debemos proceder con cuidado y consideraci\u00f3n, anticip\u00e1ndonos a los problemas que podr\u00edan corromper lo que deber\u00eda ser una tecnolog\u00eda edificante\u201d, advierte Rosenberg.<\/p>\n","protected":false},"excerpt":{"rendered":"<p>Fuente: Kaos en la Red Louis Rosenberg cree que desconectarse de la nueva multiplicidad virtual no ser\u00e1 una opci\u00f3n, de tal forma que la realidad podr\u00eda desaparecer por completo, pues los l\u00edmites con lo ficticio ser\u00edan imperceptibles Louis Rosenberg, el cient\u00edfico inform\u00e1tico que desarroll\u00f3 el primer sistema de realidad aumentada cuando trabajaba en el Laboratorio [&hellip;]<\/p>\n","protected":false},"author":1,"featured_media":5528,"comment_status":"open","ping_status":"open","sticky":false,"template":"","format":"standard","meta":{"footnotes":""},"categories":[4],"tags":[],"_links":{"self":[{"href":"http:\/\/www.movimientocaamanista.com\/index.php?rest_route=\/wp\/v2\/posts\/5527"}],"collection":[{"href":"http:\/\/www.movimientocaamanista.com\/index.php?rest_route=\/wp\/v2\/posts"}],"about":[{"href":"http:\/\/www.movimientocaamanista.com\/index.php?rest_route=\/wp\/v2\/types\/post"}],"author":[{"embeddable":true,"href":"http:\/\/www.movimientocaamanista.com\/index.php?rest_route=\/wp\/v2\/users\/1"}],"replies":[{"embeddable":true,"href":"http:\/\/www.movimientocaamanista.com\/index.php?rest_route=%2Fwp%2Fv2%2Fcomments&post=5527"}],"version-history":[{"count":1,"href":"http:\/\/www.movimientocaamanista.com\/index.php?rest_route=\/wp\/v2\/posts\/5527\/revisions"}],"predecessor-version":[{"id":5529,"href":"http:\/\/www.movimientocaamanista.com\/index.php?rest_route=\/wp\/v2\/posts\/5527\/revisions\/5529"}],"wp:featuredmedia":[{"embeddable":true,"href":"http:\/\/www.movimientocaamanista.com\/index.php?rest_route=\/wp\/v2\/media\/5528"}],"wp:attachment":[{"href":"http:\/\/www.movimientocaamanista.com\/index.php?rest_route=%2Fwp%2Fv2%2Fmedia&parent=5527"}],"wp:term":[{"taxonomy":"category","embeddable":true,"href":"http:\/\/www.movimientocaamanista.com\/index.php?rest_route=%2Fwp%2Fv2%2Fcategories&post=5527"},{"taxonomy":"post_tag","embeddable":true,"href":"http:\/\/www.movimientocaamanista.com\/index.php?rest_route=%2Fwp%2Fv2%2Ftags&post=5527"}],"curies":[{"name":"wp","href":"https:\/\/api.w.org\/{rel}","templated":true}]}}