{"id":5532,"date":"2021-11-14T12:33:58","date_gmt":"2021-11-14T12:33:58","guid":{"rendered":"http:\/\/www.movimientocaamanista.com\/?p=5532"},"modified":"2021-11-27T02:01:46","modified_gmt":"2021-11-27T02:01:46","slug":"ocho-cosas-que-hay-que-saber-sobre-el-calentamiento-global-y-la-cumbre-del-clima-de-glasgow","status":"publish","type":"post","link":"http:\/\/www.movimientocaamanista.com\/?p=5532","title":{"rendered":"Ocho cosas que hay que saber sobre el calentamiento global y la cumbre del clima de Glasgow"},"content":{"rendered":"\n<p>Marc Vandepitte<\/p>\n\n\n\n<p>Fuente: <a href=\"https:\/\/rebelion.org\/ocho-cosas-que-hay-que-saber-sobre-el-calentamiento-global-y-la-cumbre-del-clima-de-glasgow\/\">Rebeli\u00f3n<\/a><\/p>\n\n\n\n<p>\n\nTraducido del neerland\u00e9s por Sven Magnus<\/p>\n\n\n\n<p>\u00bfEs demasiado tarde para evitar una crisis clim\u00e1tica? \u00bfQu\u00e9 consecuencias nos esperan? \u00bfCu\u00e1l es la diferencia entre 1,5\u00b0C y 2\u00b0C? \u00bfQui\u00e9n pagar\u00e1 la factura? \u00bfEs esta la cumbre de la \u00faltima oportunidad? Aqu\u00ed puede leer las respuestas a estas y otras preguntas frecuentes.<\/p>\n\n\n\n<h3 class=\"wp-block-heading\">1. \u00bfCu\u00e1les son las principales causas del calentamiento global?<\/h3>\n\n\n\n<p>El calentamiento es una consecuencia de la cantidad de di\u00f3xido de carbono, o CO<sub>2<\/sub>, que entra en nuestra atm\u00f3sfera. Desde la revoluci\u00f3n industrial, el nivel de CO<sub>2<\/sub>&nbsp;es el m\u00e1s alto de los \u00faltimos&nbsp;<a href=\"https:\/\/www.theguardian.com\/environment\/2021\/nov\/01\/the-climate-crisis-explained-in-10-charts\">4 millones de a\u00f1os<\/a>.<\/p>\n\n\n\n<p>Hay tres razones principales que explican este alto nivel. La m\u00e1s importante es la quema de combustibles f\u00f3siles: carb\u00f3n, petr\u00f3leo y gas. Los quemamos para generar la enorme cantidad de energ\u00eda en la que se basa toda nuestra&nbsp;<a href=\"https:\/\/www.ft.com\/intl\/cms\/s\/0\/c926f6e8-bbf9-11e2-a4b4-00144feab7de.html#axzz2TLtaAsQV\">civilizaci\u00f3n industrial y moderna<\/a>. Pr\u00e1cticamente toda nuestra prosperidad y tecnolog\u00eda se basa en la energ\u00eda procedente de los combustibles f\u00f3siles, lo que libera miles de toneladas de CO<sub>2<\/sub>&nbsp;a la atm\u00f3sfera cada a\u00f1o.<\/p>\n\n\n\n<p>Una segunda causa es la deforestaci\u00f3n, porque mientras los \u00e1rboles&nbsp;<a href=\"https:\/\/www.klimaathelpdesk.org\/answers\/kunnen-we-de-opwarming-van-de-aarde-stoppen-door-bomen-te-planten\/\">crecen<\/a>, sacan el di\u00f3xido de carbono de la atm\u00f3sfera. Por tanto, la tala de bosques para la madera, la agricultura o la industria aumenta las emisiones de carbono. Desde 2010 la&nbsp;<a href=\"https:\/\/scientias.nl\/amazonewoud-stoot-sinds-2010-meer-co2-uit-dan-het-opslaat\/\">selva amaz\u00f3nica<\/a>&nbsp;emite m\u00e1s CO<sub>2&nbsp;<\/sub>del que almacena.<\/p>\n\n\n\n<p>Una tercera causa son las emisiones de metano. El metano es un potente gas de efecto invernadero que tiene hasta&nbsp;<a href=\"https:\/\/unece.org\/challenge\">80 veces<\/a>&nbsp;m\u00e1s efecto de calentamiento que el CO<sub>2<\/sub>&nbsp;a corto plazo. La ganader\u00eda, la extracci\u00f3n de combustibles f\u00f3siles y los vertederos son los principales responsables de las emisiones de metano. Desde que comenzaron las mediciones en 1983 el nivel de metano en la atm\u00f3sfera ha aumentado&nbsp;<a href=\"https:\/\/www.ft.com\/content\/a967f863-1bf8-448b-9448-b67540e80b4d\">m\u00e1s r\u00e1pido que nunca<\/a>. Esto tambi\u00e9n es un hecho preocupante para el planeta.<\/p>\n\n\n\n<h3 class=\"wp-block-heading\">2. \u00bfQui\u00e9nes son los mayores emisores?<\/h3>\n\n\n\n<p>El di\u00f3xido de carbono permanece en la atm\u00f3sfera durante siglos. El efecto es acumulativo. Las emisiones se distribuyen de forma muy desigual, tanto hoy como en el pasado.<\/p>\n\n\n\n<p><a href=\"https:\/\/link.springer.com\/article\/10.1007\/s10584-013-0986-y?fbclid=IwAR0JxRJM_tJW-NSzZQSaA3T1yvvjDi1Yz-fIllzR0B63tlcimy7T69VpTGA\">Apenas 90 grandes empresas<\/a>&nbsp;son responsables hist\u00f3ricamente de casi dos tercios de las emisiones de gases de efecto invernadero de los \u00faltimos 200 a\u00f1os. Se trata casi exclusivamente de empresas de los pa\u00edses del Norte.<\/p>\n\n\n\n<p>Si nos fijamos en los propios pa\u00edses, los pa\u00edses ricos e industrializados representan en conjunto el&nbsp;<a href=\"https:\/\/www.economist.com\/special-report\/2021\/10\/27\/the-economics-of-the-climate\">64%<\/a>&nbsp;de las emisiones acumuladas de di\u00f3xido de carbono. Por otro lado, los 54 pa\u00edses africanos s\u00f3lo representan&nbsp;<a href=\"https:\/\/www.ft.com\/content\/6ad9c521-b5ae-4876-be89-97d978485d48\">el 4%<\/a>&nbsp;de las emisiones mundiales de carbono, pero hoy en d\u00eda son responsables de cerca&nbsp;<a href=\"https:\/\/library.wmo.int\/doc_num.php?explnum_id=10833\">del 80%<\/a>&nbsp;del impacto del cambio clim\u00e1tico.<\/p>\n\n\n\n<p>Pero tambi\u00e9n hay una gran diferencia dentro de los propios pa\u00edses. Tanto en Estados Unidos como en el Reino Unido, el 10% m\u00e1s rico causa al menos cinco veces m\u00e1s emisiones que el 50% m\u00e1s pobre. El 10% m\u00e1s rico del planeta emite hasta&nbsp;<a href=\"https:\/\/www.socialeurope.eu\/emissions-inequality\">175 veces<\/a>&nbsp;m\u00e1s que el 10% m\u00e1s pobre.<\/p>\n\n\n\n<p>En t\u00e9rminos absolutos, China es hoy el mayor emisor de CO<sub>2<\/sub>. Pero si se mira la cifra por habitante, el pa\u00eds s\u00f3lo ocupa&nbsp;<a href=\"https:\/\/www.worldometers.info\/co2-emissions\/co2-emissions-per-capita\/\">el puesto 42<\/a>, precedido por muchos pa\u00edses europeos. Son principalmente los Estados del Golfo y pa\u00edses como Canad\u00e1, Estados Unidos y Australia los grandes culpables.<\/p>\n\n\n\n<p>E incluso esas cifras dan una imagen distorsionada. La mayor\u00eda de los pa\u00edses altamente industrializados consumen m\u00e1s emisiones de las que producen. En pa\u00edses como China, es justo al rev\u00e9s. Las exportaciones chinas representan alrededor del&nbsp;<a href=\"https:\/\/www.economist.com\/finance-and-economics\/2019\/10\/17\/greta-thunberg-accuses-rich-countries-of-creative-carbon-accounting\">5%<\/a>&nbsp;de las emisiones mundiales de combustibles f\u00f3siles. Dos tercios de estas exportaciones de emisiones van a los pa\u00edses de la OCDE (el club de los 38 pa\u00edses ricos).<\/p>\n\n\n\n<h3 class=\"wp-block-heading\">3. \u00bfCu\u00e1les son los principales impactos?<\/h3>\n\n\n\n<p>Hace dos siglos, la temperatura media empez\u00f3 a aumentar de forma constante. Pero desde la Segunda Guerra Mundial el aumento ha sido exponencial. Esto provoca una serie de efectos nocivos.<\/p>\n\n\n\n<figure class=\"wp-block-image\"><img decoding=\"async\" src=\"https:\/\/www.dewereldmorgen.be\/wp-content\/uploads\/2021\/11\/IPCC-curve-kopie-480x448.png\" alt=\"\"\/><\/figure>\n\n\n\n<h4 class=\"wp-block-heading\">Condiciones meteorol\u00f3gicas extremas<\/h4>\n\n\n\n<p>En primer lugar, las condiciones meteorol\u00f3gicas extremas. Las olas de calor y las sequ\u00edas extremas ser\u00e1n&nbsp;<a href=\"https:\/\/www.theguardian.com\/environment\/ng-interactive\/2021\/oct\/14\/climate-change-happening-now-stats-graphs-maps-cop26\">de 4 a 9 veces<\/a>&nbsp;m\u00e1s frecuentes que en el pasado. Si nos acercamos a los 3\u00b0C, casi toda Am\u00e9rica del Norte y Europa tendr\u00e1n un mayor riesgo de incendios forestales. Los r\u00edos de Francia, y por tanto del resto de Europa, podr\u00edan perder&nbsp;<a href=\"https:\/\/www.ft.com\/content\/6b46014e-cbf6-4152-a8ad-087cddd51706\">hasta un 40%<\/a>&nbsp;de su caudal y volverse en gran medida innavegables.<\/p>\n\n\n\n<p>Las lluvias extremas, que causaron inundaciones mortales en Alemania y B\u00e9lgica el pasado verano, ser\u00e1n hasta&nbsp;<a href=\"https:\/\/www.worldweatherattribution.org\/heavy-rainfall-which-led-to-severe-flooding-in-western-europe-made-more-likely-by-climate-change\/\">nueve veces<\/a>&nbsp;m\u00e1s frecuentes. El n\u00famero de fen\u00f3menos meteorol\u00f3gicos excepcionales que provocan inundaciones, como tormentas y tsunamis, podr\u00eda&nbsp;<a href=\"https:\/\/www.ft.com\/content\/6f8fe212-b2e6-49f4-b6b5-c8143ac5392f\">multiplicarse por diez<\/a>.<\/p>\n\n\n\n<p>Una media de&nbsp;<a href=\"https:\/\/www.thelancet.com\/journals\/lanplh\/article\/PIIS2542-5196(21)00081-4\/fulltext\">cinco millones de personas<\/a>&nbsp;mueren ya cada a\u00f1o como consecuencia de los fen\u00f3menos meteorol\u00f3gicos extremos. Solo las condiciones meteorol\u00f3gicas extremas han sumado una media de&nbsp;<a href=\"https:\/\/www.internal-displacement.org\/disasters-and-climate-change\">25,3 millones de desplazados<\/a>&nbsp;anuales desde 2008. En 2060 unos 1.400 millones de personas podr\u00edan ser&nbsp;<a href=\"https:\/\/news.cornell.edu\/stories\/2017\/06\/rising-seas-could-result-2-billion-refugees-2100\">refugiados clim\u00e1ticos<\/a>.<\/p>\n\n\n\n<h4 class=\"wp-block-heading\">Deshielo y aumento del nivel del mar<\/h4>\n\n\n\n<p>Una segunda consecuencia importante del calentamiento del clima es el deshielo. El Polo Norte, el Polo Sur y Groenlandia contienen cantidades gigantescas de hielo, que ahora se est\u00e1 derritiendo lentamente. El&nbsp;<a href=\"https:\/\/www.ft.com\/content\/6f1c8216-f2fd-4cdd-85a1-9fd8164fc57a\">\u00c1rtico<\/a>&nbsp;se est\u00e1 calentando casi tres veces m\u00e1s r\u00e1pido que la Tierra en su conjunto.&nbsp;<a href=\"https:\/\/www.theguardian.com\/commentisfree\/2021\/sep\/13\/greenland-ice-sheet-melting-fridtjof-nansen\">Groenlandia<\/a>&nbsp;ha perdido m\u00e1s hielo en la \u00faltima d\u00e9cada que en el \u00faltimo siglo.<\/p>\n\n\n\n<p>Esto, a su vez, est\u00e1 causando varios efectos. El hielo deja paso a aguas m\u00e1s oscuras, que absorben m\u00e1s calor solar que el hielo, calentando a\u00fan&nbsp;<a href=\"https:\/\/www.theguardian.com\/environment\/2021\/nov\/01\/the-climate-crisis-explained-in-10-charts\">m\u00e1s el planeta<\/a>. Adem\u00e1s, el&nbsp;<a href=\"https:\/\/www.standaard.be\/cnt\/dmf20211008_97607636\">permafrost<\/a>&nbsp;(zona cuyo subsuelo nunca se descongela del todo) del \u00c1rtico contiene suficiente metano como para calentar el planeta 20\u00baC. Ya se est\u00e1 liberando en grandes cantidades en el norte de Rusia. Puede que no todo ese metano se libere a corto plazo, pero al menos deber\u00edamos evitarlo a largo plazo.<\/p>\n\n\n\n<p>Un \u00faltimo efecto, pero no menos importante, es la subida del nivel del mar. Los cient\u00edficos estiman que, en el mejor de los casos, el nivel del mar subir\u00e1 entre 1 y 2 metros para el a\u00f1o 2100. Pero ese aumento continuar\u00e1 durante milenios y podr\u00eda producir oc\u00e9anos hasta 6 metros m\u00e1s altos que los actuales. Megaciudades como Londres, Yakarta, Nueva York y Shanghai no pueden sobrevivir a una subida del nivel del mar de este tipo.<a href=\"https:\/\/rebelion.org\/ocho-cosas-que-hay-que-saber-sobre-el-calentamiento-global-y-la-cumbre-del-clima-de-glasgow\/#sdendnote1sym\"><sup>i<\/sup><\/a>&nbsp;En 2100,&nbsp;<a href=\"https:\/\/news.cornell.edu\/stories\/2017\/06\/rising-seas-could-result-2-billion-refugees-2100\">una quinta parte de la poblaci\u00f3n mundial<\/a>&nbsp;podr\u00eda verse desplazada por la subida del nivel del mar.<\/p>\n\n\n\n<p>No s\u00f3lo se est\u00e1 derritiendo el hielo marino. Los&nbsp;<a href=\"https:\/\/www.ft.com\/content\/6f43819a-2327-11ea-b8a1-584213ee7b2b\">glaciares<\/a>&nbsp;tambi\u00e9n se ven afectados. Son los dep\u00f3sitos del 95% del agua dulce del planeta. En la actualidad, el 2% de su masa se derrite cada a\u00f1o. Se prev\u00e9 que m\u00e1s de la mitad de los grandes glaciares del mundo habr\u00e1n desaparecido a finales de este siglo.<\/p>\n\n\n\n<h4 class=\"wp-block-heading\">Puntos de inflexi\u00f3n y efectos de autorrefuerzo<\/h4>\n\n\n\n<p>Hasta ahora, el calentamiento del planeta ha sido bastante predecible y a un ritmo bastante uniforme. Pero esto puede cambiar una vez superados ciertos umbrales o por efectos de autorrefuerzo.<\/p>\n\n\n\n<p>Un ejemplo de este efecto de autorrefuerzo: la quema de combustibles f\u00f3siles provoca temperaturas m\u00e1s c\u00e1lidas y largos periodos sin lluvia. Esto lleva a m\u00e1s incendios, liberando m\u00e1s carbono a la atm\u00f3sfera, lo que a su vez lleva a condiciones a\u00fan m\u00e1s calientes y secas, y a m\u00e1s incendios.<a href=\"https:\/\/rebelion.org\/ocho-cosas-que-hay-que-saber-sobre-el-calentamiento-global-y-la-cumbre-del-clima-de-glasgow\/#sdendnote2sym\"><sup>ii<\/sup><\/a><\/p>\n\n\n\n<p>Los cient\u00edficos ya han se\u00f1alado&nbsp;<a href=\"https:\/\/en.wikipedia.org\/wiki\/Climate_change_feedback\">varios<\/a>&nbsp;de estos efectos de autorrefuerzo. Se\u00f1alan que el calentamiento global es algo&nbsp;<a href=\"https:\/\/www.economist.com\/schools-brief\/2020\/05\/16\/damage-from-climate-change-will-be-widespread-and-sometimes-surprising\">muy complejo<\/a>&nbsp;y que los cambios graduales en el clima pueden provocar repentinamente consecuencias dr\u00e1sticas cuando se supera un determinado umbral. Estos umbrales no est\u00e1n necesariamente predeterminados y un punto de inflexi\u00f3n clim\u00e1tico puede provocar la ca\u00edda de otro, al igual que&nbsp;<a href=\"https:\/\/www.theguardian.com\/environment\/2021\/jun\/03\/climate-tipping-points-could-topple-like-dominoes-warn-scientists\">las fichas de domin\u00f3<\/a>.<\/p>\n\n\n\n<h3 class=\"wp-block-heading\">4. \u00bfCu\u00e1l es la diferencia entre 1,5\u00b0C y 2\u00b0C?<\/h3>\n\n\n\n<p>La cumbre del clima de Par\u00eds apuntaba principalmente a un calentamiento de 2\u00b0C,<a href=\"https:\/\/rebelion.org\/ocho-cosas-que-hay-que-saber-sobre-el-calentamiento-global-y-la-cumbre-del-clima-de-glasgow\/#sdendnote3sym\"><sup>iii<\/sup><\/a>&nbsp;ahora el consenso se dirige cada vez m\u00e1s hacia los&nbsp;<a href=\"https:\/\/www.theguardian.com\/environment\/2021\/oct\/30\/is-this-our-last-chance-to-act-on-the-climate-crisis\">1,5\u00b0C<\/a>. La diferencia no parece grande, pero las consecuencias s\u00ed lo son.<\/p>\n\n\n\n<p>Los&nbsp;<a href=\"https:\/\/www.theguardian.com\/environment\/2021\/oct\/30\/climate-experts-warn-world-leaders-15c-is-real-science-not-just-talking-point\">riesgos<\/a>&nbsp;del cambio clim\u00e1tico y su&nbsp;<a href=\"https:\/\/www.theguardian.com\/environment\/2021\/oct\/30\/climate-experts-warn-world-leaders-15c-is-real-science-not-just-talking-point\">irreversibilidad<\/a>&nbsp;aumentan r\u00e1pidamente entre 1,5\u00b0C y 2\u00b0C de calentamiento. Eso es lo que muestran los modelos cient\u00edficos. En los \u00faltimos a\u00f1os ya hemos visto -tambi\u00e9n en nuestro propio pa\u00eds, B\u00e9lgica- las consecuencias de un mundo entre 1,1 y 1,2\u00b0C m\u00e1s c\u00e1lido. No son muy tranquilizadores.<\/p>\n\n\n\n<p>Con un aumento de la temperatura de m\u00e1s de 1,5 \u00b0C, es probable que el \u00c1rtico pierda su hielo de verano, con consecuencias nefastas para el resto del clima (v\u00e9ase m\u00e1s arriba). La capa de hielo de Groenlandia tambi\u00e9n podr\u00eda entrar en un estado de declive irreversible.<\/p>\n\n\n\n<p>Un aumento de m\u00e1s de 1,5\u00b0C podr\u00eda alterar irremediablemente la&nbsp;<a href=\"https:\/\/www.theguardian.com\/environment\/2021\/oct\/30\/climate-experts-warn-world-leaders-15c-is-real-science-not-just-talking-point\">corriente del Golfo<\/a>, con consecuencias desastrosas para la agricultura y la biodiversidad. Con 2\u00b0C, las islas peque\u00f1as y las zonas costeras bajas de todo el mundo se&nbsp;<a href=\"https:\/\/www.theguardian.com\/environment\/2021\/oct\/30\/is-this-our-last-chance-to-act-on-the-climate-crisis\">inundar\u00edan<\/a>.<\/p>\n\n\n\n<p>\u201cCon 1,5\u00b0C, 700 millones de personas estar\u00edan en riesgo de sufrir olas de calor extremas. A 2\u00b0C, habr\u00eda 2.000 millones. Con 1,5\u00b0C, el 70% de los arrecifes de coral del mundo morir\u00e1n. A 2\u00b0C han desaparecido todos\u201d, afirma&nbsp;<a href=\"https:\/\/www.theguardian.com\/environment\/2021\/oct\/30\/is-this-our-last-chance-to-act-on-the-climate-crisis\">Alok Sharma<\/a>, presidente de la cumbre clim\u00e1tica de Glasgow.<\/p>\n\n\n\n<p>Podemos considerar que 1,5\u00b0C es uno de esos umbrales del calentamiento global anteriormente mencionados. El&nbsp;<a href=\"https:\/\/www.ipcc.ch\/report\/ar6\/wg1\/downloads\/report\/IPCC_AR6_WGI_Full_Report.pdf\">\u00faltimo informe<\/a>&nbsp;del IPCC (Grupo Intergubernamental de Expertos sobre el Cambio Clim\u00e1tico) afirma que cada fracci\u00f3n de grado cuenta. Cada d\u00e9cima de grado cent\u00edgrado de calentamiento que podamos evitar har\u00e1 que el planeta sea mucho m\u00e1s habitable para las generaciones futuras.<\/p>\n\n\n\n<h3 class=\"wp-block-heading\">5. \u00bfEs demasiado tarde para detener el calentamiento global?<\/h3>\n\n\n\n<p>Despu\u00e9s de cada informe del IPCC se escucha que casi no queda tiempo para evitar una crisis clim\u00e1tica. En agosto, el Secretario General de la ONU, Ant\u00f3nio Guterres, calific\u00f3 el \u00faltimo informe del IPCC de&nbsp;<a href=\"https:\/\/unric.org\/en\/guterres-the-ipcc-report-is-a-code-red-for-humanity\/#:~:text=UN%20Secretary%2DGeneral%20Ant%C3%B3nio%20Guterres,%E2%80%9Ccode%20red%20for%20humanity.%E2%80%9D&amp;text=However%2C%20strong%20and%20sustained%20reductions,gases%20would%20limit%20climate%20change\">\u00abc\u00f3digo rojo para la humanidad<\/a>\u00ab.\u201d.<\/p>\n\n\n\n<p>Todav\u00eda no es demasiado tarde, pero el tiempo que queda es muy corto. Seg\u00fan la Organizaci\u00f3n Meteorol\u00f3gica Mundial (OMM), hay un 40% de posibilidades de que&nbsp;<a href=\"https:\/\/public.wmo.int\/en\/media\/press-release\/new-climate-predictions-increase-likelihood-of-temporarily-reaching-15-%C2%B0c-next-5\">dentro de cinco a\u00f1os<\/a>&nbsp;tengamos ya una media anual superior a 1,5\u00b0C por encima de los niveles preindustriales.<\/p>\n\n\n\n<p>Para tener una oportunidad de limitar el calentamiento global a 1,5\u00baC, tenemos \u201cocho a\u00f1os para reducir casi a la mitad las emisiones de gases de efecto invernadero\u201d, seg\u00fan&nbsp;<a href=\"https:\/\/wedocs.unep.org\/bitstream\/handle\/20.500.11822\/36990\/EGR21.pdf\">Inger Andersen<\/a>, Directora Ejecutiva del Programa de las Naciones Unidas para el Medio Ambiente (Pnuma). \u201cOcho a\u00f1os para elaborar planes, adoptar pol\u00edticas, aplicarlas y, en definitiva, reducir las emisiones. El tiempo corre.\u201d<\/p>\n\n\n\n<p>No en vano, los cient\u00edficos y los pol\u00edticos llaman a la d\u00e9cada de 2020 la d\u00e9cada crucial para el clima.<\/p>\n\n\n\n<p>En otras palabras, hay que poner toda la carne en el asador y&nbsp;<a href=\"https:\/\/www.theguardian.com\/environment\/2021\/oct\/28\/world-failing-make-changes-avoid-climate-breakdown-report\">acelerar<\/a>&nbsp;los esfuerzos actuales. Para mantenerse por debajo de 1,5 \u00b0C, el carb\u00f3n, por ejemplo, tendr\u00e1 que ser eliminado cinco veces m\u00e1s r\u00e1pido que en la actualidad. La reforestaci\u00f3n tiene que producirse tres veces m\u00e1s r\u00e1pido, la financiaci\u00f3n del clima tiene que crecer 13 veces m\u00e1s r\u00e1pido y la intensidad energ\u00e9tica de los edificios tiene que disminuir casi tres veces m\u00e1s r\u00e1pido que ahora. En los pa\u00edses pr\u00f3speros el consumo de carne de vacuno debe disminuir una vez y media m\u00e1s r\u00e1pido que ahora. Y as\u00ed sucesivamente.<\/p>\n\n\n\n<p>No es una cuesti\u00f3n de falta de recursos o de tecnolog\u00eda para evitar una crisis clim\u00e1tica. Seg\u00fan&nbsp;<a href=\"https:\/\/www.vaticannews.va\/en\/pope\/news\/2021-10\/pope-bbc-climate-crisis-covid-video-message.html\">el Papa<\/a>, \u201cla humanidad nunca ha tenido tantos medios a su disposici\u00f3n para lograr este objetivo\u201d. Es m\u00e1s bien una cuesti\u00f3n de voluntad pol\u00edtica y mucho valor.&nbsp;<a href=\"https:\/\/www.theguardian.com\/commentisfree\/2021\/oct\/21\/climate-leaders-cop26-uk-climate-crisis-glasgow\">Greta Thunberg<\/a>&nbsp;lo expresa con fuerza: \u201cPara que la Cop26 de Glasgow sea un \u00e9xito, hace falta mucho. Pero sobre todo hace falta honestidad, solidaridad y coraje\u201d.<\/p>\n\n\n\n<h3 class=\"wp-block-heading\">6. \u00bfQu\u00e9 hay que hacer para evitar una crisis clim\u00e1tica?<\/h3>\n\n\n\n<p>Seg\u00fan la&nbsp;<a href=\"https:\/\/iea.blob.core.windows.net\/assets\/888004cf-1a38-4716-9e0c-3b0e3fdbf609\/WorldEnergyOutlook2021.pdf\">Agencia Internacional de la Energ\u00eda<\/a>&nbsp;(AIE), sabemos exactamente qu\u00e9 hacer. El reto nunca se ha visto, ya que se ha hecho necesaria nada menos que una revoluci\u00f3n de nuestro sistema energ\u00e9tico. Sin embargo, seg\u00fan la AIE, esta revoluci\u00f3n es t\u00e9cnicamente factible y asequible (v\u00e9ase m\u00e1s abajo).<\/p>\n\n\n\n<p>Hay que tener en cuenta que entre 1850 y 2000 el consumo de energ\u00eda de la humanidad se multiplic\u00f3 por 15. En los pr\u00f3ximos 30 a\u00f1os, el&nbsp;<a href=\"https:\/\/www.economist.com\/schools-brief\/2020\/05\/23\/the-worlds-energy-system-must-be-transformed-completely\">90%<\/a>&nbsp;o m\u00e1s de la energ\u00eda mundial producida actualmente a partir de combustibles f\u00f3siles tendr\u00e1 que ser suministrada por fuentes alternativas. Se trata, sin duda, de una tarea gigantesca.<\/p>\n\n\n\n<p>Seg\u00fan&nbsp;<a href=\"https:\/\/iea.blob.core.windows.net\/assets\/888004cf-1a38-4716-9e0c-3b0e3fdbf609\/WorldEnergyOutlook2021.pdf\">la AIE<\/a>, la electrificaci\u00f3n basada en fuentes de energ\u00eda renovables es el n\u00facleo del nuevo sistema energ\u00e9tico. Para el transporte y ciertas aplicaciones industriales, tambi\u00e9n se necesitan otras fuentes de energ\u00eda, como el hidr\u00f3geno, la bioenerg\u00eda o las centrales el\u00e9ctricas de combustibles f\u00f3siles que entierran sus residuos en lugar de emitirlos. La energ\u00eda nuclear tambi\u00e9n es recomendada por algunos, pero no es recomendable.<a href=\"https:\/\/rebelion.org\/ocho-cosas-que-hay-que-saber-sobre-el-calentamiento-global-y-la-cumbre-del-clima-de-glasgow\/#sdendnote4sym\"><sup>iv<\/sup><\/a><\/p>\n\n\n\n<p>La eliminaci\u00f3n del carb\u00f3n es urgente y esencial. Las emisiones de metano deben reducirse sustancialmente a corto plazo. Esto significa, entre otras cosas, que la agricultura y el consumo de alimentos necesitan un serio reajuste. La revoluci\u00f3n energ\u00e9tica tambi\u00e9n implica que la gran mayor\u00eda de las reservas de combustibles f\u00f3siles deben permanecer bajo tierra.<a href=\"https:\/\/rebelion.org\/ocho-cosas-que-hay-que-saber-sobre-el-calentamiento-global-y-la-cumbre-del-clima-de-glasgow\/#sdendnote5sym\"><sup>v<\/sup><\/a>&nbsp;Este ser\u00e1 uno de los retos m\u00e1s dif\u00edciles, pero es crucial. Adem\u00e1s de la revoluci\u00f3n energ\u00e9tica, la reforestaci\u00f3n tambi\u00e9n ser\u00e1 importante para frenar el calentamiento del clima.<\/p>\n\n\n\n<p>La revoluci\u00f3n energ\u00e9tica tendr\u00e1 que ser&nbsp;<a href=\"ttps:\/\/www.ft.com\/content\/799b7b93-9ec5-4318-9ac1-1c82cb81f96d\">global<\/a>. Lo que ocurra en los pa\u00edses en desarrollo ser\u00e1 decisivo. All\u00ed es donde la poblaci\u00f3n crece m\u00e1s r\u00e1pidamente y donde la demanda de energ\u00eda es mayor. Esto significa que los pa\u00edses ricos deben poner a disposici\u00f3n recursos financieros y conocimientos tecnol\u00f3gicos para que estos pa\u00edses tambi\u00e9n puedan dar el salto a una econom\u00eda sostenible.<\/p>\n\n\n\n<h3 class=\"wp-block-heading\">7. \u00bfEs asequible y qui\u00e9n debe pagar?<\/h3>\n\n\n\n<p>Para lograr las emisiones cero, la Agencia Internacional de la Energ\u00eda (AIE) calcula que se necesitar\u00e1n&nbsp;<a href=\"https:\/\/rebelion.org\/C:\/Users\/Marc\/Documents\/artikels%20lopend\/lopend\/21%2010%20klimaatopwarmingen%20Q&amp;A\/%E2%80%A2%09https:\/www.ft.com\/content\/799b7b93-9ec5-4318-9ac1-1c82cb81f96d\">4 billones de d\u00f3lares anuales<\/a>&nbsp;de aqu\u00ed a 2030, frente al bill\u00f3n actual. Estas elevadas inversiones se ver\u00e1n compensadas en parte por unos costes de explotaci\u00f3n m\u00e1s bajos y, en algunos casos, pueden incluso generar&nbsp;<a href=\"https:\/\/www.economist.com\/schools-brief\/2020\/05\/30\/climate-adaptation-policies-are-needed-more-than-ever\">importantes beneficios netos<\/a>.<\/p>\n\n\n\n<p>Aparte de la miseria humana, el coste de la inacci\u00f3n es asombroso: se calcula que habr\u00e1&nbsp;<a href=\"https:\/\/rebelion.org\/C:\/Users\/Marc\/Documents\/artikels%20lopend\/lopend\/21%2010%20klimaatopwarmingen%20Q&amp;A\/%E2%80%A2%09https:\/www.ft.com\/content\/9e832c8a-8961-11ea-a109-483c62d17528\">600 billones de d\u00f3lares<\/a>&nbsp;a finales de siglo. En otras palabras, las p\u00e9rdidas debidas a la degradaci\u00f3n del clima superan con creces las inversiones necesarias para evitarlas.<\/p>\n\n\n\n<p>En la ceremonia de apertura de la cumbre&nbsp;<a href=\"https:\/\/youtu.be\/oofxDQQKE7M\">sobre el clima<\/a>, el Primer Ministro de Barbados se\u00f1al\u00f3 que los bancos centrales han inyectado 25 billones de d\u00f3lares en los mercados financieros desde la crisis financiera, incluido 9 billones en los \u00faltimos 18 meses para luchar contra el Covid-19. Se pregunta por qu\u00e9 no se puede repetir eso para combatir el calentamiento global.<\/p>\n\n\n\n<p>\u201cSi hubi\u00e9ramos utilizado esos 25 billones de d\u00f3lares para comprar bonos para financiar la transici\u00f3n energ\u00e9tica, para la transici\u00f3n de la forma en que comemos o c\u00f3mo nos movemos en el transporte, ahora estar\u00edamos alcanzando ese l\u00edmite de 1,5\u00b0C que es tan vital para nosotros.\u201d<\/p>\n\n\n\n<p>Pero ni siquiera hay que buscar tan lejos. En la actualidad, se&nbsp;<a href=\"https:\/\/www.ft.com\/content\/e32dfada-1ffa-11e9-b126-46fc3ad87c65\">gastan 5 billones<\/a>&nbsp;de d\u00f3lares anuales en subvenciones a los combustibles f\u00f3siles. Si dirigimos ese dinero hacia la tan necesaria transici\u00f3n energ\u00e9tica, el trabajo estar\u00e1 hecho.<\/p>\n\n\n\n<p>Una cuesti\u00f3n importante es qui\u00e9n debe pagar la factura. El movimiento de los chalecos amarillos ha dejado claro que un plan clim\u00e1tico s\u00f3lo puede tener \u00e9xito si se hace de forma equitativa. Hay que proteger a los vulnerables y los m\u00e1s responsables deben soportar la mayor parte de la carga.<a href=\"https:\/\/rebelion.org\/ocho-cosas-que-hay-que-saber-sobre-el-calentamiento-global-y-la-cumbre-del-clima-de-glasgow\/#sdendnote6sym\"><sup>vi<\/sup><\/a>&nbsp;Para&nbsp;<a href=\"https:\/\/www.lecho.be\/opinions\/general\/thomas-piketty-economiste-nous-sommes-dans-une-situation-tres-proche-de-celle-de-la-revolution-francaise\/10331365.html\">Thomas Piketty<\/a>, \u201cno hay otra soluci\u00f3n al problema clim\u00e1tico que una reducci\u00f3n muy fuerte de la desigualdad\u201d.<\/p>\n\n\n\n<p>Seg\u00fan&nbsp;<a href=\"https:\/\/www.theguardian.com\/environment\/2021\/nov\/05\/carbon-top-1-percent-could-jeopardise-1point5c-global-heating-limit\">Al Gore<\/a>, exvicepresidente de EE.UU., la crisis clim\u00e1tica y la desigualdad en la sociedad deben abordarse conjuntamente y se puede apuntar a los ricos: \u201cPara cerrar la brecha de emisiones para 2030, los gobiernos deben centrar sus acciones en los contaminadores m\u00e1s ricos. (\u2026) Esto incluye medidas para frenar el consumo de carbono de lujo, como los megayates, los jets privados y los viajes espaciales, as\u00ed como las inversiones intensivas en clima, como la propiedad de acciones en la industria de los combustibles f\u00f3siles\u201d.<\/p>\n\n\n\n<p>A escala mundial, esto significa que los pa\u00edses del Norte tendr\u00e1n que ayudar a los del Sur. La AIE estima que alrededor del&nbsp;<a href=\"https:\/\/www.theguardian.com\/environment\/2021\/oct\/13\/carbon-emissions-will-drop-just-40-by-2050-with-countries-current-pledges\">70%<\/a>&nbsp;de los 4 billones de d\u00f3lares anuales de inversi\u00f3n deber\u00edan ir a parar a los pa\u00edses emergentes y en desarrollo. La cifra asciende a 2,8 billones de d\u00f3lares, y est\u00e1 muy lejos de la ayuda anual prometida de 100.000 millones, que a\u00fan no se ha alcanzado. Por lo tanto, ser\u00e1 necesario un giro completo en este \u00e1mbito.<\/p>\n\n\n\n<h3 class=\"wp-block-heading\">8. \u00bfQu\u00e9 importancia tiene la Cumbre de Glasgow?<\/h3>\n\n\n\n<p>Las expectativas de una cumbre sobre el clima suelen ser altas. Y con raz\u00f3n, porque est\u00e1 en juego nada menos que el futuro de nuestro planeta. Sin embargo, estas cumbres no suelen dar lugar a los avances esperados.<\/p>\n\n\n\n<p>Esto se debe en parte a que el proceso de toma de decisiones en una cumbre clim\u00e1tica de este tipo es muy complejo. Los contrastes entre los distintos actores son a veces muy grandes y, en ausencia de un gobierno mundial, no existe ninguna forma de exigibilidad. Adem\u00e1s, muchos gobernantes negocian adentro de las posibilidades que les imponen los grandes grupos de capital de sus pa\u00edses. Por ejemplo, Estados Unidos no firma el pacto del carb\u00f3n porque Biden&nbsp;<a href=\"https:\/\/www.ft.com\/content\/1b203a3e-efdf-49b8-8fa9-72f9ec963501\">necesita<\/a>&nbsp;el&nbsp;<a href=\"https:\/\/www.ft.com\/content\/1b203a3e-efdf-49b8-8fa9-72f9ec963501\">apoyo<\/a>&nbsp;en el Congreso&nbsp;<a href=\"https:\/\/www.ft.com\/content\/1b203a3e-efdf-49b8-8fa9-72f9ec963501\">de un senador<\/a>&nbsp;patrocinado por la industria del carb\u00f3n.<\/p>\n\n\n\n<p>Dadas estas circunstancias, es t\u00edpico de estas cumbres que se hagan grandes promesas ret\u00f3ricas, pero que se carezca de medidas concretas para llevarlas a cabo, por no hablar de su cumplimiento. Desgraciadamente, ni siquiera es raro que se utilice una cumbre sobre el clima para hacer un lavado verde.<\/p>\n\n\n\n<p>Esta cumbre no es una excepci\u00f3n. La promesa de detener&nbsp;<a href=\"https:\/\/www.demorgen.be\/nieuws\/wereldleiders-beloven-einde-van-ontbossing-rond-2030-een-echte-doorbraak-of-alweer-loze-beloftes~b94a3475\/?utm_campaign=shared_earned&amp;utm_medium=social&amp;utm_source=copylink\">la deforestaci\u00f3n para 2030<\/a>&nbsp;es un buen ejemplo. Esta bonita promesa no es ni obligada ni transparente, y carece de un plan de financiaci\u00f3n. Adem\u00e1s, mientras tanto, la tala de \u00e1rboles puede continuar a buen ritmo.<\/p>\n\n\n\n<p>Algo similar puede verse con las promesas de los grandes grupos financieros de invertir el capital necesario en la transici\u00f3n energ\u00e9tica. Si los firmantes no presentan planes cre\u00edbles y concretos a corto plazo, esto huele m\u00e1s a lavado verde. Seg\u00fan un inversor, los&nbsp;<a href=\"https:\/\/www.ft.com\/content\/8f7323c8-3197-4a69-9fcd-1965f3df40a7\">compromisos voluntarios<\/a>&nbsp;no resuelven el problema. Lo que se necesita es una regulaci\u00f3n. Exactamente lo que esos grupos financieros no quieren, por supuesto.<\/p>\n\n\n\n<p>Lo importante en una cumbre de este tipo es que se alcance alg\u00fan tipo de consenso. Que se eviten divisiones o recriminaciones como las de Copenhague en 2009. Para esta cumbre, es muy importante establecer una&nbsp;<a href=\"https:\/\/www.theguardian.com\/environment\/2021\/oct\/11\/what-is-cop26-and-why-does-it-matter-the-complete-guide\">hoja de ruta clara<\/a>&nbsp;que pueda impedir de forma cre\u00edble que el mundo supere los 1,5 \u00b0C.<\/p>\n\n\n\n<p>La cuesti\u00f3n es entonces c\u00f3mo garantizar que esa hoja de ruta se haga realidad. La verdadera lucha al respecto no se librar\u00e1 en dicha cumbre. Mientras los gobernantes sigan el camino los grandes grupos de capital, estas cumbres seguir\u00e1n limit\u00e1ndose a promesas vagas y no vinculantes y nuestro planeta estar\u00e1 condenado.<\/p>\n\n\n\n<p>Depende de nosotros construir un equilibrio de poder diferente y obligar a los l\u00edderes del gobierno y a la \u00e9lite econ\u00f3mica a tomar un rumbo diferente. Una actuaci\u00f3n que no asegura los beneficios de los grandes grupos de capital sino los del planeta. Un rumbo que evite que la factura la pagaremos nosotros, la gente com\u00fan.<\/p>\n\n\n\n<p>Los j\u00f3venes lo han entendido bien con sus huelgas clim\u00e1ticas. Es fundamental que los trabajadores busquen tambi\u00e9n formas de lucha que garanticen la supervivencia de nuestro planeta y lo hagan de forma social.<\/p>\n\n\n\n<h3 class=\"wp-block-heading\">Notas:<\/h3>\n\n\n\n<p><a href=\"https:\/\/rebelion.org\/ocho-cosas-que-hay-que-saber-sobre-el-calentamiento-global-y-la-cumbre-del-clima-de-glasgow\/#sdendnote1anc\">i<\/a>&nbsp;Lynas M.,&nbsp;<em>Zes graden,<\/em>&nbsp;Berchem 2020, p. 92 y 185; Wallace-Wells D.,&nbsp;<em>The Uninhabitable Earth. Life After Warning,<\/em>&nbsp;Nueva York 2019, p. 61.<\/p>\n\n\n\n<p><a href=\"https:\/\/rebelion.org\/ocho-cosas-que-hay-que-saber-sobre-el-calentamiento-global-y-la-cumbre-del-clima-de-glasgow\/#sdendnote2anc\">ii<\/a>&nbsp;Klein N.,&nbsp;<em>On Fire. The Burning Case for a Green New Deal,<\/em>&nbsp;Londres 2019, p. 223-4.<\/p>\n\n\n\n<p><a href=\"https:\/\/rebelion.org\/ocho-cosas-que-hay-que-saber-sobre-el-calentamiento-global-y-la-cumbre-del-clima-de-glasgow\/#sdendnote3anc\">iii<\/a>&nbsp;Seg\u00fan el acuerdo de Par\u00eds de 2015, los pa\u00edses deb\u00edan mantener el aumento de la temperatura global \u201cmuy por debajo\u201d de 2\u00b0 C y \u201ccontinuar sus esfuerzos\u201d para limitar el aumento a 1,5 \u00b0 C.<\/p>\n\n\n\n<p><a href=\"https:\/\/rebelion.org\/ocho-cosas-que-hay-que-saber-sobre-el-calentamiento-global-y-la-cumbre-del-clima-de-glasgow\/#sdendnote4anc\">iv<\/a>&nbsp;La energ\u00eda nuclear no es apropiada debido a que es demasiado cara, no hay tiempo para nuevas plantas, la falta de fiabilidad de las plantas antiguas, el riesgo de desastres nucleares y los desechos peligrosos que deben almacenarse durante siglos.<\/p>\n\n\n\n<p><a href=\"https:\/\/rebelion.org\/ocho-cosas-que-hay-que-saber-sobre-el-calentamiento-global-y-la-cumbre-del-clima-de-glasgow\/#sdendnote5anc\">v<\/a>&nbsp;Seg\u00fan la revista cient\u00edfica&nbsp;<a href=\"https:\/\/doi.org\/10.1038\/s41586-021-03821-8\"><em>Nature<\/em><\/a>, esto afecta al 89% de las reservas probadas de carb\u00f3n, al 58% de las de petr\u00f3leo y al 59% de las de gas.<\/p>\n\n\n\n<p><a href=\"https:\/\/rebelion.org\/ocho-cosas-que-hay-que-saber-sobre-el-calentamiento-global-y-la-cumbre-del-clima-de-glasgow\/#sdendnote6anc\">vi<\/a>&nbsp;Klein N.,&nbsp;<em>This Changes Everything; Capitalism vs. the Climate,&nbsp;<\/em>Londres 2014, p. 21.<\/p>\n","protected":false},"excerpt":{"rendered":"<p>Marc Vandepitte Fuente: Rebeli\u00f3n Traducido del neerland\u00e9s por Sven Magnus \u00bfEs demasiado tarde para evitar una crisis clim\u00e1tica? \u00bfQu\u00e9 consecuencias nos esperan? \u00bfCu\u00e1l es la diferencia entre 1,5\u00b0C y 2\u00b0C? \u00bfQui\u00e9n pagar\u00e1 la factura? \u00bfEs esta la cumbre de la \u00faltima oportunidad? Aqu\u00ed puede leer las respuestas a estas y otras preguntas frecuentes. 1. \u00bfCu\u00e1les [&hellip;]<\/p>\n","protected":false},"author":1,"featured_media":5470,"comment_status":"open","ping_status":"open","sticky":false,"template":"","format":"standard","meta":{"footnotes":""},"categories":[4],"tags":[],"_links":{"self":[{"href":"http:\/\/www.movimientocaamanista.com\/index.php?rest_route=\/wp\/v2\/posts\/5532"}],"collection":[{"href":"http:\/\/www.movimientocaamanista.com\/index.php?rest_route=\/wp\/v2\/posts"}],"about":[{"href":"http:\/\/www.movimientocaamanista.com\/index.php?rest_route=\/wp\/v2\/types\/post"}],"author":[{"embeddable":true,"href":"http:\/\/www.movimientocaamanista.com\/index.php?rest_route=\/wp\/v2\/users\/1"}],"replies":[{"embeddable":true,"href":"http:\/\/www.movimientocaamanista.com\/index.php?rest_route=%2Fwp%2Fv2%2Fcomments&post=5532"}],"version-history":[{"count":1,"href":"http:\/\/www.movimientocaamanista.com\/index.php?rest_route=\/wp\/v2\/posts\/5532\/revisions"}],"predecessor-version":[{"id":5533,"href":"http:\/\/www.movimientocaamanista.com\/index.php?rest_route=\/wp\/v2\/posts\/5532\/revisions\/5533"}],"wp:featuredmedia":[{"embeddable":true,"href":"http:\/\/www.movimientocaamanista.com\/index.php?rest_route=\/wp\/v2\/media\/5470"}],"wp:attachment":[{"href":"http:\/\/www.movimientocaamanista.com\/index.php?rest_route=%2Fwp%2Fv2%2Fmedia&parent=5532"}],"wp:term":[{"taxonomy":"category","embeddable":true,"href":"http:\/\/www.movimientocaamanista.com\/index.php?rest_route=%2Fwp%2Fv2%2Fcategories&post=5532"},{"taxonomy":"post_tag","embeddable":true,"href":"http:\/\/www.movimientocaamanista.com\/index.php?rest_route=%2Fwp%2Fv2%2Ftags&post=5532"}],"curies":[{"name":"wp","href":"https:\/\/api.w.org\/{rel}","templated":true}]}}