{"id":5544,"date":"2021-11-16T10:56:43","date_gmt":"2021-11-16T10:56:43","guid":{"rendered":"http:\/\/www.movimientocaamanista.com\/?p=5544"},"modified":"2021-11-27T02:01:08","modified_gmt":"2021-11-27T02:01:08","slug":"flores-eternas-para-delta","status":"publish","type":"post","link":"http:\/\/www.movimientocaamanista.com\/?p=5544","title":{"rendered":"FLORES ETERNAS PARA DELTA"},"content":{"rendered":"\n<p>Narciso Isa Conde<\/p>\n\n\n\n<p>Apreciada familia, amigos\/as y compa\u00f1eros\/as de nuestra querida Delta Soto:<\/p>\n\n\n\n<p>Hoy es un d\u00eda para sentirnos muy orgullosos\/as de recordar a Delta en este lindo y merecido homenaje.<\/p>\n\n\n\n<p>Para m\u00ed, para Lul\u00fa, nuestra familia y nuestros camaradas  de tantas, dif\u00edciles y hermosas rebeld\u00edas,  este encuentro tiene un significado muy especial en este pa\u00eds donde se imponen desde la cima de los poderes establecidos tantos homenajes inmerecidos y no pocos  ofensivos a la dignidad de nuestro pueblo.<\/p>\n\n\n\n<p>Todav\u00eda sufrimos las consecuencias  de sobrevivir en un  mundo y un pa\u00eds al rev\u00e9s.<\/p>\n\n\n\n<p>Pero  en este reconocimiento, \u201cUNA FLOR PARA DELTA\u201d,  no hay equ\u00edvocos ni simulaciones posibles, sobre todo por el calibre de quien lo recibe.<br> Delta fue, es, una expresi\u00f3n sublime de una generaci\u00f3n, que al desplegarse la segunda mitad del Siglo XX, opt\u00f3 por la libertad, el socialismo y la dignidad humana.<\/p>\n\n\n\n<p>Delta fue IJ4, PSP-PCD, con sus respectivas improntas heroicas, anti trujillistas y revolucionarias.<\/p>\n\n\n\n<p>Fue Federaci\u00f3n de Mujeres Dominicanas (FMD) en los albores del combate  crucial del feminismo contra la cruel opresi\u00f3n patriarcal.<\/p>\n\n\n\n<p>Fue Arte y Liberaci\u00f3n.<\/p>\n\n\n\n<p>Fue  Abril 65 y Guerra Patria, primavera de una revoluci\u00f3n democr\u00e1tica todav\u00eda inconclusa.<\/p>\n\n\n\n<p>Fue la hermosa VOZ FEMENINA, m\u00e1s poderosa que  fusil, en aquella gesta inolvidable.<\/p>\n\n\n\n<p>Esa voz se escuch\u00f3 por primera vez luego de la toma de la emisora estatal Radio-Televisi\u00f3n Dominicana y continu\u00f3 escuch\u00e1ndose cada d\u00eda, despu\u00e9s de \u00e9sta ser bombardeada, a trav\u00e9s de la Radio Constitucionalista en la Zona Insurrecta, cercada por las tropas yanquis.<\/p>\n\n\n\n<p>Con ese estelar pr\u00f3logo juvenil, toda su vida estuvo marcada por el amor a su familia, a su pueblo y a la humanidad. <\/p>\n\n\n\n<p>Presente siempre su pasi\u00f3n por el teatro y la literatura, su insumisi\u00f3n frente a las injusticias y el abuso de poder en cualquier terreno de la vida en sociedad.<\/p>\n\n\n\n<p>Pasada la GUERRA DE ABRIl, opt\u00f3 por seguir desarrollando su singular talento, y junto a su joven esposo Rafael Villalona, tomaron la  audaz y atinada decisi\u00f3n de estudiar teatro en  la URSS con una beca gestionada por el PCD en plena Guerra Fr\u00eda y no tan fr\u00eda.<\/p>\n\n\n\n<p>Nos abrazamos militando en el PSP, transformado durante la revoluci\u00f3n de abril en PCD, y ese abrazo cari\u00f1oso y solidario dura todav\u00eda. Recuerdo su fr\u00e1gil, joven y tierna figura, acompa\u00f1ada de una inmensa firmeza y  enormes energ\u00edas contestatarias.<\/p>\n\n\n\n<p>No olvido nuestros lindos encuentros en Mosc\u00fa y sus emociones y amores por la carrera escogida.<\/p>\n\n\n\n<p>Nadie pudo doblegarla, ni siquiera los enormes sufrimientos que a ella y Rafael le repararon los incomprensibles, absurdos y desgarradores golpes de la vida. <\/p>\n\n\n\n<p>El Imperio,  el Estado terrorista de los 12 a\u00f1os y las seudo-democracias corruptas posteriores, fracasaron  innumerables veces en sus intentos de atemoralizarla o cooptarla. Delta siempre supo vencer el miedo y siempre dedic\u00f3 su capacidad de amar y su talento a cosas muy superiores al fatuo valor del dinero y las banalidades.<\/p>\n\n\n\n<p>DELTA termin\u00f3 su vida f\u00edsica como la inici\u00f3: plena de decoro, de sensibilidad social y humanidad sin l\u00edmites. Su memoria es una inmensa fuente de satisfacciones y alegr\u00edas capaces de vencer la tristeza de su partida y las adversidades de la vida.<\/p>\n\n\n\n<p>De ah\u00ed su trascendencia y el amor que hacia ella se siente en esta sala.<br> La inmensa y sencilla DELTA SOTO merece todas las flores de esta isla espectacular pr\u00f3diga  y maltratada, y todas las flores del planeta.<\/p>\n\n\n\n<p>P\/D: Palabras pronunciadas en ocasi\u00f3n del primer homenaje presencial a Delta Soto, una FLOR PARA DELTA.<\/p>\n","protected":false},"excerpt":{"rendered":"<p>Narciso Isa Conde Apreciada familia, amigos\/as y compa\u00f1eros\/as de nuestra querida Delta Soto: Hoy es un d\u00eda para sentirnos muy orgullosos\/as de recordar a Delta en este lindo y merecido homenaje. Para m\u00ed, para Lul\u00fa, nuestra familia y nuestros camaradas de tantas, dif\u00edciles y hermosas rebeld\u00edas, este encuentro tiene un significado muy especial en este [&hellip;]<\/p>\n","protected":false},"author":1,"featured_media":5545,"comment_status":"open","ping_status":"open","sticky":false,"template":"","format":"standard","meta":{"footnotes":""},"categories":[5,16],"tags":[],"_links":{"self":[{"href":"http:\/\/www.movimientocaamanista.com\/index.php?rest_route=\/wp\/v2\/posts\/5544"}],"collection":[{"href":"http:\/\/www.movimientocaamanista.com\/index.php?rest_route=\/wp\/v2\/posts"}],"about":[{"href":"http:\/\/www.movimientocaamanista.com\/index.php?rest_route=\/wp\/v2\/types\/post"}],"author":[{"embeddable":true,"href":"http:\/\/www.movimientocaamanista.com\/index.php?rest_route=\/wp\/v2\/users\/1"}],"replies":[{"embeddable":true,"href":"http:\/\/www.movimientocaamanista.com\/index.php?rest_route=%2Fwp%2Fv2%2Fcomments&post=5544"}],"version-history":[{"count":1,"href":"http:\/\/www.movimientocaamanista.com\/index.php?rest_route=\/wp\/v2\/posts\/5544\/revisions"}],"predecessor-version":[{"id":5546,"href":"http:\/\/www.movimientocaamanista.com\/index.php?rest_route=\/wp\/v2\/posts\/5544\/revisions\/5546"}],"wp:featuredmedia":[{"embeddable":true,"href":"http:\/\/www.movimientocaamanista.com\/index.php?rest_route=\/wp\/v2\/media\/5545"}],"wp:attachment":[{"href":"http:\/\/www.movimientocaamanista.com\/index.php?rest_route=%2Fwp%2Fv2%2Fmedia&parent=5544"}],"wp:term":[{"taxonomy":"category","embeddable":true,"href":"http:\/\/www.movimientocaamanista.com\/index.php?rest_route=%2Fwp%2Fv2%2Fcategories&post=5544"},{"taxonomy":"post_tag","embeddable":true,"href":"http:\/\/www.movimientocaamanista.com\/index.php?rest_route=%2Fwp%2Fv2%2Ftags&post=5544"}],"curies":[{"name":"wp","href":"https:\/\/api.w.org\/{rel}","templated":true}]}}