{"id":5576,"date":"2021-11-21T00:37:50","date_gmt":"2021-11-21T00:37:50","guid":{"rendered":"http:\/\/www.movimientocaamanista.com\/?p=5576"},"modified":"2021-12-31T10:21:59","modified_gmt":"2021-12-31T10:21:59","slug":"cambios-en-el-paradigma-represivo-del-capital","status":"publish","type":"post","link":"http:\/\/www.movimientocaamanista.com\/?p=5576","title":{"rendered":"Cambios en el paradigma represivo del capital"},"content":{"rendered":"\n<p>I\u00f1aki Gil de San Vicente<\/p>\n\n\n\n<p>Fuente: <a href=\"https:\/\/kaosenlared.net\/cambios-en-el-paradigma-represivo-del-capital\/\">Kaos en la Red<\/a><\/p>\n\n\n\n<p>\u00abDesde la mitad del tercer milenio en adelante, \u00e9poca del rey medio m\u00edtico sumerio Lugalannemundu, la conquista, o mejor, las invasiones por bot\u00edn contra los vecinos m\u00e1s d\u00e9biles forma una parte inherente de la pol\u00edtica exterior de cada reino, dentro y alrededor de Mesopotamia [\u2026] El palacio del rey consum\u00eda la mayor parte del bot\u00edn, recogido a base de campa\u00f1as institucionalizadas anualmente, pero subsist\u00eda b\u00e1sicamente con inversiones en la tierra labrada por prisioneros de guerra y deportados, complementadas por nuevas entregas de mercanc\u00edas de las naciones sometidas, aliadas, o bien amigas, llamadas \u201ctributo\u201d\u00bb<sup><a href=\"https:\/\/kaosenlared.net\/cambios-en-el-paradigma-represivo-del-capital\/#sdfootnote1sym\">1<\/a><\/sup>.<\/p>\n\n\n\n<p>\u00abEnormes cantidades de mano de obra se empleaban en trabajos forzados dentro de la misma provincia, y se deportaban esclavos y esclavas como propiedad de los templos, del palacio real o de los altos funcionarios. Anualmente se recog\u00edan tributos en especie, lo que nos da una imagen clara de los productos de Siria y Palestina. En primer lugar, hab\u00eda que entregar productos agrarios (trigo, aceite, especias) y, en segundo, madera del L\u00edbano, metales, sobre todo grandes cantidades de cobre, piedras semipreciosas, objetos art\u00edsticos y suntuarios y, naturalmente, armas. Aparte de esto, se transportaba a Egipto ganado en grandes cantidades, especialmente caballos, en cuya cr\u00eda destacaban las regiones perif\u00e9ricas de Siria y Palestina. Incluso animales ex\u00f3ticos de esos pa\u00edses, como el oso y el elefante de Siria septentrional, y diversas clases de plantas desconocidas en Egipto, pasaron a los jardines zool\u00f3gicos y bot\u00e1nicos reales para realzar el prestigio de los faraones y subrayar las dimensiones ilimitadas de su poder\u00bb<sup><a href=\"https:\/\/kaosenlared.net\/cambios-en-el-paradigma-represivo-del-capital\/#sdfootnote2sym\">2<\/a><\/sup><\/p>\n\n\n\n<ol><li>QU\u00c9 ES UN PARADIGMA REPRESIVO<\/li><li>CAMBIOS POL\u00cdTICO-MILITARES<\/li><li>CAMBIOS SOCIOPOL\u00cdTICOS<\/li><li>CAMBIOS PSICOPOL\u00cdTICOS<\/li><\/ol>\n\n\n\n<p>1.- QU\u00c9 ES UN PARADIGMA REPRESIVO<\/p>\n\n\n\n<p>La publicaci\u00f3n de dos textos<sup><a href=\"https:\/\/kaosenlared.net\/cambios-en-el-paradigma-represivo-del-capital\/#sdfootnote3sym\">3<\/a><\/sup>&nbsp;ha intensificado una muy necesaria reflexi\u00f3n colectiva sobre los cambios en el paradigma represivo del capital en respuesta a la agudizaci\u00f3n extrema de las contradicciones que le minan y a la recuperaci\u00f3n de las movilizaciones por los bienes comunes, que puede ser la antesala de la lucha por el comunismo. Es una cuesti\u00f3n eminentemente \u00abpol\u00edtica\u00bb en el sentido marxista de la palabra, es decir, el problema del poder de clase y por tanto el sentido de la teor\u00eda y de la praxis humana. Seg\u00fan el Diccionario, la palabra \u2018reprimir\u2019 significa contener, refrenar, templar o moderar, es decir, un amplio conjunto de m\u00e9todos destinados a mantener el orden imperante. El paradigma represivo es la totalidad que integra y coordina las doctrinas, sistemas, estrategias y t\u00e1cticas necesarias para, seg\u00fan los casos, contener, refrenar, templar o moderar las resistencias y luchas de las y los oprimidos. Si estos m\u00e9todos fallan en su accionar espec\u00edfico, el paradigma los va endureciendo hasta llegar al terror, al fascismo, a la contrarrevoluci\u00f3n.<\/p>\n\n\n\n<p>Generalmente recurrimos con raz\u00f3n a t\u00e9rminos como \u00abguerra de quinta generaci\u00f3n\u00bb<sup><a href=\"https:\/\/kaosenlared.net\/cambios-en-el-paradigma-represivo-del-capital\/#sdfootnote4sym\">4<\/a><\/sup>, \u00abguerra h\u00edbrida\u00bb, etc., para definir las estrategias imperialistas, en las que juegan un papel destacado la manipulaci\u00f3n psicol\u00f3gica de masas, la industria cultural, la mentira sistem\u00e1tica y una larga lista de m\u00e9todos que son muy antiguos, casi tanto como los primeros proto Estados, los Estados del modo de producci\u00f3n asi\u00e1tico o tributario tal como hemos visto en las dos citas iniciales, por no hablar de China, Grecia y Roma, maestras en la manipulaci\u00f3n de masas<sup><a href=\"https:\/\/kaosenlared.net\/cambios-en-el-paradigma-represivo-del-capital\/#sdfootnote5sym\">5<\/a><\/sup>. Podr\u00eda decirse que un cambio hist\u00f3rico de paradigma exitoso por cierto para las condiciones de su \u00e9poca, fue el Concilio de Trento (1545-1563) porque readecu\u00f3 m\u00e9todos psicof\u00edsicos, de terror moral como el sacramento de la confesi\u00f3n, e innovaciones educativas y propagand\u00edsticas, etc., del paradigma tardo feudal para derrotar a la Reforma burguesa con la Contrarreforma,&nbsp;resultando una contrarrevoluci\u00f3n internacional<sup><a href=\"https:\/\/kaosenlared.net\/cambios-en-el-paradigma-represivo-del-capital\/#sdfootnote6sym\">6<\/a><\/sup>&nbsp;con nefastas secuelas a\u00fan hoy, cuando la derecha espa\u00f1ola reprime con multas las utilizaci\u00f3n del lenguaje inclusivo<sup><a href=\"https:\/\/kaosenlared.net\/cambios-en-el-paradigma-represivo-del-capital\/#sdfootnote7sym\">7<\/a><\/sup>. En este sentido tambi\u00e9n podr\u00eda decirse que fue un&nbsp;intento de proto \u00abingenier\u00eda social\u00bb, tema al que volveremos luego.<\/p>\n\n\n\n<p>De entre estos m\u00e9todos destacaron desde muy pronto la compra, soborno o simple asalarizaci\u00f3n de la \u00abcasta intelectual\u00bb para legitimar al poder, algo normalizado, como la CIA termina reconoci\u00e9ndolo implicando a intelectuales tan famosos como Foucault, Braudel, Levi-Strauss y otros<sup><a href=\"https:\/\/kaosenlared.net\/cambios-en-el-paradigma-represivo-del-capital\/#sdfootnote8sym\">8<\/a><\/sup>. A muchas de estas personas o a todas podemos integrarlas en el rebuznante reba\u00f1o pesebrero de los \u00ab \u00bfilustres? recompensados ($)\u00bb seg\u00fan la feliz expresi\u00f3n de N. Manzanares Blanco<sup><a href=\"https:\/\/kaosenlared.net\/cambios-en-el-paradigma-represivo-del-capital\/#sdfootnote9sym\">9<\/a><\/sup>. Pero estas y otras t\u00e1cticas se implementan desde y para estrategias, sistemas y doctrinas que las engloban y dirigen, que a su vez pertenecen a un paradigma represivo superior, y es aqu\u00ed, en este nivel decisorio, donde radica el problema que debemos resolver porque, en efecto, la efectividad de toda \u00abguerra cultural\u00bb depende de la efectividad superior del paradigma represivo que la orienta. La \u00abguerra fr\u00eda cultural\u00bb<sup><a href=\"https:\/\/kaosenlared.net\/cambios-en-el-paradigma-represivo-del-capital\/#sdfootnote10sym\">10<\/a><\/sup>&nbsp;lanzada por el imperialismo a comienzos de 1950 obtuvo \u00e9xitos, desde luego, pero no evit\u00f3 decisivas victorias revolucionarias.<\/p>\n\n\n\n<p>Desde la victoria de la propiedad privada sobre la propiedad colectiva, comunal, los sucesivos modos de producci\u00f3n basados en esa forma de propiedad han tenido y tienen en esencia el mismo paradigma represivo destinado a impedir por cualquier medio, frecuentemente sanguinario en caso extremo, que vuelva a reinstaurarse la propiedad comunal, para ello su monopolio de la violencia material y simb\u00f3lica, de la manipulaci\u00f3n psicopol\u00edtica y de la pedagog\u00eda del miedo ha sido una constante. El modo capitalista de producci\u00f3n a\u00f1ade tres cualidades nuevas al paradigma: una, est\u00e1 absolutamente supeditado a la obtenci\u00f3n de la m\u00e1xima ganancia en el m\u00ednimo tiempo posible sin reparar en los efectos negativos que ello acarrea; dos, adem\u00e1s de recurrir al terror en situaciones cr\u00edticas para la burgues\u00eda, sobre todo se sostiene sobre la sorda coerci\u00f3n del capital, sobre el fetichismo y sobre la alienaci\u00f3n; y tres, que su enemigo mortal es el comunismo.<\/p>\n\n\n\n<p>Por esto, el paradigma represivo abarca la totalidad de medios para alcanzar un fin, para realizar un objetivo que no es otro que revertir la acci\u00f3n de la ley general de la acumulaci\u00f3n capitalista y la ley tendencial de la ca\u00edda de la tasa media de ganancia. Revertir durante un tiempo estas leyes tendenciales del capital para recuperar e incrementar la tasa media de ganancia, exige vencer en la lucha de clases mundial, mantener el saqueo imperialista de los pueblos, vencer la competencia de otros Estados y exprimir a burgues\u00edas d\u00e9biles, explotar la naturaleza, monopolizar la tecnociencia y la industria de la matanza humana, etc. Exige a la vez para impulsar la centralizaci\u00f3n y concentraci\u00f3n de capitales, facilitar la ley de perecuaci\u00f3n de capitales, reducir lo m\u00e1s posible los tiempos de realizaci\u00f3n de la plusval\u00eda, destrozar toda barrera a la dictadura financiera, multiplicar los contenidos fetichistas para imponer definitivamente la dictadura del dinero<sup><a href=\"https:\/\/kaosenlared.net\/cambios-en-el-paradigma-represivo-del-capital\/#sdfootnote11sym\">11<\/a><\/sup>, etc.<\/p>\n\n\n\n<p>Siendo el mismo en esencia, el paradigma imperialista cambia sus formas para aplastar las nuevas fases de lucha de clases seg\u00fan contextos y coyunturas, para derrotar a las potencias competidoras y para exprimir a las burgues\u00edas d\u00e9biles. El paradigma s\u00f3lo desaparecer\u00e1 con el capitalismo, mientras tanto y como sucede ahora mismo cambia sus doctrinas, sistemas, estrategias y t\u00e1cticas correspondientes. Las situaciones cr\u00edticas que aconsejan al capital endurecer el terror inherente a su paradigma b\u00e1sico son aquellas en las que est\u00e1 en juego su propiedad privada burguesa, su Estado y su monopolio de la violencia. Dicho en palabras de Marx, cuando: \u00ab El arma de la cr\u00edtica no puede soportar evidentemente la cr\u00edtica de las armas; la fuerza material debe ser superada por la fuerza material; pero tambi\u00e9n la teor\u00eda llega a ser fuerza material apenas se ense\u00f1orea de las masas\u2026\u00bb<sup><a href=\"https:\/\/kaosenlared.net\/cambios-en-el-paradigma-represivo-del-capital\/#sdfootnote12sym\">12<\/a><\/sup>, cuando se llega a este momento se activa el terror burgu\u00e9s.<\/p>\n\n\n\n<p>2.- CAMBIOS POL\u00cdTICO-MILITARES<\/p>\n\n\n\n<p>Michael T. Klare indic\u00f3 en 2018 que los m\u00e9todos imperialistas actuales para acaparar recursos pugnando con otras potencias son \u00abmuy parecidos\u00bb<sup><a href=\"https:\/\/kaosenlared.net\/cambios-en-el-paradigma-represivo-del-capital\/#sdfootnote13sym\">13<\/a><\/sup>&nbsp;a los de fines del siglo XIX e inicios del XX. Un a\u00f1o antes Klare hab\u00eda denunciado c\u00f3mo la burgues\u00eda utilizaba el cambio clim\u00e1tico para militarizar el control policial, din\u00e1mica expansiva a la que volveremos al estudiar c\u00f3mo la pandemia ha sido utilizada como campo de pruebas para mejorar el paradigma represivo en cuanto tal, preparando la militarizaci\u00f3n definitiva de la poblaci\u00f3n adulta<sup><a href=\"https:\/\/kaosenlared.net\/cambios-en-el-paradigma-represivo-del-capital\/#sdfootnote14sym\">14<\/a><\/sup>. Willian I. Robinson analiz\u00f3 en detalle qu\u00e9 es y por qu\u00e9 se desarrolla el \u00abEstado polic\u00edaco global\u00bb<sup><a href=\"https:\/\/kaosenlared.net\/cambios-en-el-paradigma-represivo-del-capital\/#sdfootnote15sym\">15<\/a><\/sup>&nbsp;integrando, coordinando y dirigiendo una totalidad represiva en lo econ\u00f3mico, pol\u00edtico, cultural, polic\u00edaco-militar, etc.; autor que en mayo de 2021 ha estudiado la sinergia entre la industria militar, el largo estancamiento del capitalismo y las sobre ganancias gigantescas que obtiene el sistema provocando situaciones cr\u00edticas de preguerra y con matanzas militares<sup><a href=\"https:\/\/kaosenlared.net\/cambios-en-el-paradigma-represivo-del-capital\/#sdfootnote16sym\">16<\/a><\/sup>. La sociedad burguesa entera es parte de esa totalidad, funcional a ella y no a la inversa, y lo es tanto para facilitar la ductilidad del paradigma represivo en los cuasi infinitos vericuetos de la explotaci\u00f3n social, como para legitimarla y a la vez ayudar al Estado a crear aterradoras fuerzas represivas encubiertas que golpean en el propio pa\u00eds como en el extranjero.<\/p>\n\n\n\n<p>Los m\u00e1s importantes Estados imperialistas tienen estas fuerzas encubiertas sin las cuales el paradigma represivo perder\u00eda mucha efectividad, destacando las de EEUU<sup><a href=\"https:\/\/kaosenlared.net\/cambios-en-el-paradigma-represivo-del-capital\/#sdfootnote17sym\">17<\/a><\/sup>. Cuando pierden capacidad a pesar de todos los aumentos de efectivos e innovaciones tecnocient\u00edficas invertidas en su mejora, es que han perdido eficacia partes importantes del paradigma represivo o en su totalidad, como contra Cuba, Vietnam, Nicaragua, Venezuela, Siria, Afganist\u00e1n, etc. Aunque cada derrota imperialista exige un an\u00e1lisis concreto, todas ellas tienen en com\u00fan el fracaso m\u00e1s o menos estruendoso del paradigma represivo en sus puntos b\u00e1sicos: las fuerzas productivas, que ya no son propiedad directa de EEUU y sus aliados, y de su monopolio de la violencia porque ahora estas naciones son propietarias de sus armas. La historia muestra que un pueblo desarmado es un pueblo vencido.<\/p>\n\n\n\n<p>La prensa burguesa achaca sus sucesivas derrotas desde 1945 a que no estaba preparado para vencer a guerrillas<sup><a href=\"https:\/\/kaosenlared.net\/cambios-en-el-paradigma-represivo-del-capital\/#sdfootnote18sym\">18<\/a><\/sup>&nbsp;en las guerras irregulares, pero en realidad no ha triunfado definitivamente en la guerra de clases mundial, no ha derrotado a pueblos dignos, la implosi\u00f3n de la URSS no fue debida a la superioridad imperialista sino a las contradicciones de la casta burocr\u00e1tica ex sovi\u00e9tica, no ha impedido el ascenso de un poderoso enemigo euroasi\u00e1tico, y ve furioso c\u00f3mo vuelve el fantasma del comunismo<sup><a href=\"https:\/\/kaosenlared.net\/cambios-en-el-paradigma-represivo-del-capital\/#sdfootnote19sym\">19<\/a><\/sup>, ya que la tarea central del paradigma imperialista en s\u00ed mismo y al margen de expresiones particulares, es la de liquidarlo para siempre. Una de las razones del fracaso imperialista es la incapacidad estructural de su Inteligencia<sup><a href=\"https:\/\/kaosenlared.net\/cambios-en-el-paradigma-represivo-del-capital\/#sdfootnote20sym\">20<\/a><\/sup>&nbsp;para conocer en profundidad las fuerzas y debilidades de las clases y pueblos trabajadores que quiere explotar, a pesar de la sistem\u00e1tica intervenci\u00f3n de las llamadas \u00abciencias sociales\u00bb como la antropolog\u00eda, sociolog\u00eda, etc., integradas en el paradigma represivo.<\/p>\n\n\n\n<p>Es obvio que s\u00ed se ha impuesto en algunos conflictos, pero no ha convencido definitivamente y para siempre en ninguno de ellos, y tampoco ha logrado imponer la legitimidad alienante que acabe con la lucha de clases que es el objetivo vital de la burgues\u00eda. Las lecciones de Irak y otros pueblos son concluyentes. La experiencia vasca tambi\u00e9n ense\u00f1a que las victorias parciales no logran una victoria definitiva, que no impiden que se (re)construya la izquierda independentista<sup><a href=\"https:\/\/kaosenlared.net\/cambios-en-el-paradigma-represivo-del-capital\/#sdfootnote21sym\">21<\/a><\/sup>. Tal incapacidad responde en el fondo y adem\u00e1s de todo lo visto, al hecho objetivo de que la lucha de clases nunca se extingue incluso aunque parezca que s\u00ed, que ya ha desaparecido para siempre, incluso entonces late en el fondo del malestar popular que se autoorganiza en silencio para emerger con estallidos volc\u00e1nicos.<\/p>\n\n\n\n<p>Una de las tareas de la Inteligencia como parte esencial del paradigma es captar e interpretar los leves movimientos tect\u00f3nicos para desactivarlos antes de que erupcionen. La permanencia de la guerra social con sus altibajos invisibles o visibles, con sus derrotas parciales, tambi\u00e9n explica lo opuesto, por qu\u00e9 las victorias parciales del proletariado mundial dif\u00edcilmente dan el salto cualitativo a victorias revolucionarias<sup><a href=\"https:\/\/kaosenlared.net\/cambios-en-el-paradigma-represivo-del-capital\/#sdfootnote22sym\">22<\/a><\/sup>. Pero desde al menos 2007-2010 en adelante, sus fracasos han llevado al imperialismo a dar un paso que puede ser suicida para \u00e9l o que puede desencadenar el holocausto, el Armaged\u00f3n. Para ese 2010&nbsp;las principales potencias imperialistas dispon\u00edan ya de prospectivas suficientemente serias sobre la nueva \u00abdecadencia de Occidente\u00bb.<\/p>\n\n\n\n<p>Sin embargo, ese inquietante \u00abdescubrimiento\u00bb no era nuevo como veremos luego, y menos a\u00fan para el marxismo que, bas\u00e1ndose en su teor\u00eda de la crisis confirmada de nuevo en 2007, no se sorprend\u00eda por lo que pasaba. Por citar un solo ejemplo entre cientos: en 2010 F. Cobarrubia G\u00f3mez escribi\u00f3 un texto premonitor publicado en 2011 sobre el ocaso del d\u00f3lar<sup><a href=\"https:\/\/kaosenlared.net\/cambios-en-el-paradigma-represivo-del-capital\/#sdfootnote23sym\">23<\/a><\/sup>&nbsp;como s\u00edmbolo del retroceso yanqui, y luego se sucedieron todos los acontecimientos conocidos de sobra, lo que explica por qu\u00e9&nbsp;desde 2014 EEUU declar\u00f3 definitivamente a China el enemigo a batir y comenz\u00f3 la propaganda sistem\u00e1tica seg\u00fan las reglas&nbsp;de la manipulaci\u00f3n psicopol\u00edtica, emocional, ego\u00edsta y machista con las que la burgues\u00eda intenta cambiar la mentalidad del proletariado para que acepte ser carne de ca\u00f1\u00f3n sumisa en las guerras injustas que el capital lanza en su exclusivo beneficio<sup><a href=\"https:\/\/kaosenlared.net\/cambios-en-el-paradigma-represivo-del-capital\/#sdfootnote24sym\">24<\/a><\/sup>. Veremos c\u00f3mo la Uni\u00f3n Europea recurre al mismo m\u00e9todo.<\/p>\n\n\n\n<p>Con Obama, Premio Nobel de la Paz, en la Casa Blanca, el Pent\u00e1gono decidi\u00f3 concentrar nada menos que el 60% de su fuerza a\u00e9reo-naval en el Indo-Pac\u00edfico para 2020 y desde 2018 comenz\u00f3 a retirar tropas de tierra de bases que ya no ten\u00edan tanta importancia estrat\u00e9gica seg\u00fan los cambios que se estaban introduciendo en el \u00e1rea pol\u00edtico-militar del paradigma represivo en remodelaci\u00f3n. Muy recientemente, EEUU baraja el plazo de dos a\u00f1os para atacar a China<sup><a href=\"https:\/\/kaosenlared.net\/cambios-en-el-paradigma-represivo-del-capital\/#sdfootnote25sym\">25<\/a><\/sup>, cuando anteriormente se hablaba de seis a\u00f1os. Washington est\u00e1 apretando la soga alrededor de China para medir hasta d\u00f3nde llegar\u00eda su decisi\u00f3n de lucha o rendici\u00f3n, siguiendo la misma estrategia de tensi\u00f3n creciente que emple\u00f3 contra Jap\u00f3n antes de la IIGM, hasta llevarle a la guerra para destruirla como potencia competidora. EEUU sab\u00eda que, en respuesta desesperada, Jap\u00f3n atacar\u00eda Pearl Harbor y lo prepar\u00f3 todo para presentarse como v\u00edctima<sup><a href=\"https:\/\/kaosenlared.net\/cambios-en-el-paradigma-represivo-del-capital\/#sdfootnote26sym\">26<\/a><\/sup>.&nbsp;Mientras tanto y hasta el presente EEUU refuerza la obediencia de sus Estados s\u00fabditos para que no s\u00f3lo le apoyen en el cambio de paradigma represivo, sino que a la vez le imploren mayor dureza nuclear contra China y Rusia<sup><a href=\"https:\/\/kaosenlared.net\/cambios-en-el-paradigma-represivo-del-capital\/#sdfootnote27sym\">27<\/a><\/sup>.<\/p>\n\n\n\n<p>Ante tantas amenazas,&nbsp;Rusia ha advertido muy seriamente a la OTAN por sus crecientes presiones econ\u00f3micas, pol\u00edticas y sobre todo militares y por las declaraciones de la ministra alemana de Defensa sobre la utilizaci\u00f3n de armas nucleares contra Rusia<sup><a href=\"https:\/\/kaosenlared.net\/cambios-en-el-paradigma-represivo-del-capital\/#sdfootnote28sym\">28<\/a><\/sup>. Al margen de que sean factibles esas amenazas que bordean el l\u00edmite<sup><a href=\"https:\/\/kaosenlared.net\/cambios-en-el-paradigma-represivo-del-capital\/#sdfootnote29sym\">29<\/a><\/sup>&nbsp;del caos, lo cierto es que su mera posibilidad confirma la rapidez con la que el imperialismo est\u00e1 adaptando su paradigma represivo, cambiando su doctrina pol\u00edtico-militar y cultural, mejorando sus sistemas tecnocient\u00edficos y armament\u00edsticos, precisando sus estrategias para cada \u00e1rea del choque global, y creando las t\u00e1cticas acordes con todo ello. Lo hace porque su situaci\u00f3n interna es cada vez m\u00e1s inestable no s\u00f3lo en EEUU como lo reconoce su propia burgues\u00eda<sup><a href=\"https:\/\/kaosenlared.net\/cambios-en-el-paradigma-represivo-del-capital\/#sdfootnote30sym\">30<\/a><\/sup>&nbsp;que urge a Biden que incumpla el grueso de las promesas electorales que hizo para multiplicar la explotaci\u00f3n social, recuperar la econom\u00eda productiva y el rearme intensivo para volver as\u00ed a dominar el mundo.<\/p>\n\n\n\n<p>Los s\u00edntomas de agravamiento de la crisis son mundiales: ya a finales de 2020 una instituci\u00f3n alemana advert\u00eda de la proximidad de la mayor crisis financiera de la historia capitalista<sup><a href=\"https:\/\/kaosenlared.net\/cambios-en-el-paradigma-represivo-del-capital\/#sdfootnote31sym\">31<\/a><\/sup>, tendencia que se confirma a finales de 2021<sup><a href=\"https:\/\/kaosenlared.net\/cambios-en-el-paradigma-represivo-del-capital\/#sdfootnote32sym\">32<\/a><\/sup>&nbsp;entre otras causas porque el imperialismo permanece pasivo ante el avance de la pandemia<sup><a href=\"https:\/\/kaosenlared.net\/cambios-en-el-paradigma-represivo-del-capital\/#sdfootnote33sym\">33<\/a><\/sup>, pudiendo desencadenarse la \u00abtormenta perfecta\u00bb<sup><a href=\"https:\/\/kaosenlared.net\/cambios-en-el-paradigma-represivo-del-capital\/#sdfootnote34sym\">34<\/a><\/sup>. Y la historia del capital muestra que la guerra imperialista y el fascismo son las dos salidas preferidas por el imperialismo en las situaciones cr\u00edticas. La ralentizaci\u00f3n econ\u00f3mica de China y sus problemas de fondo refuerzan esta tendencia, problemas que le han llevado a medidas que se asemejan a un \u00abeconom\u00eda de guerra\u00bb<sup><a href=\"https:\/\/kaosenlared.net\/cambios-en-el-paradigma-represivo-del-capital\/#sdfootnote35sym\">35<\/a><\/sup>.<\/p>\n\n\n\n<p>Las alarmas llevan tiempo sonando en la Uni\u00f3n Europea que muy recientemente ha tocado a rebato: para 2025 tiene que existir un efectivo n\u00facleo de ej\u00e9rcito europeo que defienda a la UE en sus fronteras y en los intereses exteriores porque \u00ablos europeos no siempre son conscientes\u00bb<sup><a href=\"https:\/\/kaosenlared.net\/cambios-en-el-paradigma-represivo-del-capital\/#sdfootnote36sym\">36<\/a><\/sup>&nbsp;de los peligros que acechan a la UE. Para que seamos siempre conscientes de los \u00abpeligros\u00bb la UE nos alecciona con el mismo m\u00e9todo que EEUU y otras burgues\u00edas emplean para idiotizar a sus clases explotadas alien\u00e1ndolas como soldadesca fan\u00e1tica que pudiera asesinar en masa y dejarse matar defendiendo el fascismo en Ucrania<sup><a href=\"https:\/\/kaosenlared.net\/cambios-en-el-paradigma-represivo-del-capital\/#sdfootnote37sym\">37<\/a><\/sup>&nbsp;y en otras zonas del Este europeo. Las primeras maniobras militares \u00abeuropeas\u00bb, es decir, vigiladas desde dentro por EEUU, est\u00e1n programadas para 2023 muy cerca de esa espada de Damocles que es el plazo de dos a\u00f1os para una posible guerra imperialista contra China.<\/p>\n\n\n\n<p>Alemania sabe mucho de esto: antes de que los nazis llegaran al poder en 1933, la \u00abdemocr\u00e1tica\u00bb Rep\u00fablica de Weimar empez\u00f3 a reorganizar en secreto su ej\u00e9rcito reducido casi a la nada en el Tratado de Versalles. Weimar no se enfrent\u00f3 decididamente al ascenso nazi, como ahora tampoco la hace el gobierno alem\u00e1n, abri\u00e9ndole la puerta del Reichstag sin luchar. La Gestapo aplic\u00f3 la represi\u00f3n m\u00e1s salvaje y el terror difuso en las f\u00e1bricas para multiplicar exponencialmente la producci\u00f3n de armas sobre todo desde 1943 al ver pr\u00f3xima su derrota a manos del Ej\u00e9rcito Rojo, pero a\u00fan incluso bajo aquella esclavizaci\u00f3n moderna el proletariado se las arregl\u00f3 para hacer huelgas y sabotear la producci\u00f3n<sup><a href=\"https:\/\/kaosenlared.net\/cambios-en-el-paradigma-represivo-del-capital\/#sdfootnote38sym\">38<\/a><\/sup>. Ahora la burgues\u00eda imperialista en su conjunto empieza a sentir ese miedo que atenaz\u00f3 al nazi-fascismo cuando su Inteligencia les avisaba de la desafecci\u00f3n de las masas. Incluso sectores progres del social-liberalismo no tienen m\u00e1s remedio que reconocer que ni EEUU ni la UE \u00abson democracias reales\u00bb<sup><a href=\"https:\/\/kaosenlared.net\/cambios-en-el-paradigma-represivo-del-capital\/#sdfootnote39sym\">39<\/a><\/sup>.<\/p>\n\n\n\n<p>3.- CAMBIOS SOCIOECON\u00d3MICOS<\/p>\n\n\n\n<p>Y es aqu\u00ed, en este punto, a partir del cual debemos profundizar en el estudio de los otros cambios en el paradigma represivo global, aspectos que ya hemos ido viendo parcialmente. L. Raphael nos ha explicado c\u00f3mo la administraci\u00f3n burguesa aseguraba la dominaci\u00f3n del capital en el siglo XIX, sobre todo en las m\u00faltiples formas de represi\u00f3n e intimidaci\u00f3n del movimiento obrero<sup><a href=\"https:\/\/kaosenlared.net\/cambios-en-el-paradigma-represivo-del-capital\/#sdfootnote40sym\">40<\/a><\/sup>. La IGM oblig\u00f3 a ca\u00f1onazos a adaptar el obsoleto paradigma represivo decimon\u00f3nico a la nueva realidad de la lucha de clases generada por el imperialismo con dos grandes doctrinas diferentes en su forma, pero unidas a la l\u00f3gica capitalista: la democracia autoritaria y el nazifascismo, que ven\u00edan desarroll\u00e1ndose en silencio desde mediados del siglo XIX<sup><a href=\"https:\/\/kaosenlared.net\/cambios-en-el-paradigma-represivo-del-capital\/#sdfootnote41sym\">41<\/a><\/sup>, ambas ten\u00edan como objetivo destrozar a la URSS y al socialismo, pero variaban en las t\u00e1cticas. La IIGM hizo que la primera, la democracia imperialista, aplastara sin piedad a medio mundo desde 1944 con la inestimable ayuda del parcialmente derrotado nazifascismo<sup><a href=\"https:\/\/kaosenlared.net\/cambios-en-el-paradigma-represivo-del-capital\/#sdfootnote42sym\">42<\/a><\/sup>, que fue integrado en los aparatos de terror militar y civil del paradigma remodelado, y que empezar\u00eda a recuperarlo conforme se agotaba el siglo XX.<\/p>\n\n\n\n<p>La producci\u00f3n en cadena y el Taylor-fordismo estaban relativamente poco desarrolladas en el capitalismo alem\u00e1n y europeo anterior a la IIGM, desde luego menos que en EEUU. Con la introducci\u00f3n total de la producci\u00f3n en cadena en la industria imperialista, el proletariado sufri\u00f3 cambios profundos en su composici\u00f3n y por tanto en su forma de lucha obrera. El final de la II GM y el comienzo de la mal llamada \u00abguerra fr\u00eda\u00bb exigi\u00f3, en l\u00edneas generales, cambios en las disciplinas y violencias laborales, en el control social extralaboral, en la regulaci\u00f3n de la compraventa de la fuerza de trabajo, en la manipulaci\u00f3n alienante de masas mediante la prensa y la educaci\u00f3n, en el consumismo y en las pautas sexo-afectivas dentro de los cambios del mercado matrimonial, etc.<\/p>\n\n\n\n<p>Los reformismos y la prensa burguesa ocultan o niegan la dureza de clase de esta nueva forma de dominaci\u00f3n social impuesta despu\u00e9s de la IIGM en Occidente bajo el mito de \u00abEstado del bienestar\u00bb (\u00bf?) y de las excelencias del keynesianismo y del Taylor-fordismo. Los llamados \u00abTreinta Gloriosos\u00bb, de 1945 a 1975, s\u00f3lo existieron en Occidente y se basaron en, al menos, cinco requisitos: la reconstrucci\u00f3n de las grandes destrucciones de la IIGM; la \u00abpaz social\u00bb mantenida gracias a las cesiones obreras; la desactivaci\u00f3n sociopol\u00edtica realizada por el reformismo; el saqueo imperialista, y la represi\u00f3n suave y dura.<\/p>\n\n\n\n<p>Para mediados de los \u201970 esta fase estaba en una profunda crisis que oblig\u00f3 al capital a remodelar en profundidad su paradigma de dominaci\u00f3n. M. Baud ofreci\u00f3 a mediados de los \u201980 una de las mejores definiciones de su adecuaci\u00f3n global para los \u00abpr\u00f3ximos decenios\u00bb: administrar la represi\u00f3n; mantener y modernizar la agricultura; modernizar y adaptar el desarrollo de los \u00abpa\u00edses en v\u00edas de industrializaci\u00f3n\u00bb; y guiar la inversi\u00f3n tecnoindustrial hacia \u00abel nuevo modelo de acumulaci\u00f3n que est\u00e1 comenzando\u00bb<sup><a href=\"https:\/\/kaosenlared.net\/cambios-en-el-paradigma-represivo-del-capital\/#sdfootnote43sym\">43<\/a><\/sup>. Muy poco despu\u00e9s, el crack de 1987 desbordar\u00eda esta definici\u00f3n. Para salir del agujero el imperialismo oblig\u00f3 a los Estados d\u00e9biles a aceptar las feroces exigencias del Consenso de Washington desde 1989.<\/p>\n\n\n\n<p>Pocos a\u00f1os despu\u00e9s, intelectuales progresistas mostraron algunos de los l\u00edmites de ese nuevo modelo: \u00abA) El desempleo creciente en los pa\u00edses desarrollados. B) La brecha que se agranda entre el Norte y el Sur. C) La ecolog\u00eda\u00bb<sup><a href=\"https:\/\/kaosenlared.net\/cambios-en-el-paradigma-represivo-del-capital\/#sdfootnote44sym\">44<\/a><\/sup>. Las tres y otras m\u00e1s, toman forma en las subcrisis tremendas de Jap\u00f3n, de M\u00e9xico, de los \u00abtigres asi\u00e1ticos\u00bb, de Rusia, de Argentina\u2026 Mientras tanto y al calor de las medidas imperialistas, el capital financiero y especulativo crec\u00eda de modo imparable disfraz\u00e1ndose con el nombre de \u00abglobalizaci\u00f3n\u00bb, proceso brillantemente analizado por Marx y Engels en el&nbsp;<em>Manifiesto Comunista<\/em>&nbsp;de 1848, hasta que el globo, el \u00abcapitalismo de casino\u00bb, volvi\u00f3 a estallar en 2007.<\/p>\n\n\n\n<p>Ninguna de estas subcrisis que confluyen sin\u00e9rgicamente en el revent\u00f3n, est\u00e1 libre de los impactos en su g\u00e9nesis de la lucha de clases que va complejiz\u00e1ndose por momentos en respuesta al contraataque neoliberal o mejor al \u00abajuste permanente\u00bb<sup><a href=\"https:\/\/kaosenlared.net\/cambios-en-el-paradigma-represivo-del-capital\/#sdfootnote45sym\">45<\/a><\/sup>. En efecto, ya en esos a\u00f1os el paradigma represivo que ten\u00eda en Bentham (1748\/1832) uno de sus ide\u00f3logos, y luego en Hayek (1899\/1992) otro m\u00e1s actualizado, era incapaz de frenar las nuevas luchas, adem\u00e1s de evitar el despegue de otras potencias competidoras. Estudiando los controles y disciplinas del capital, en 2009 A. d\u2019Angelis sostuvo que: \u00abLa diferenciaci\u00f3n entre disciplina y control no es tan clara. Por el contrario, ambas actividades son complementarias y siempre lo fueron en la historia del modo de producci\u00f3n capitalista. Lo que cambia en esta historia es la&nbsp;<em>forma&nbsp;<\/em>de su articulaci\u00f3n\u00bb<sup><a href=\"https:\/\/kaosenlared.net\/cambios-en-el-paradigma-represivo-del-capital\/#sdfootnote46sym\">46<\/a><\/sup>. Seg\u00fan el autor, desde los a\u00f1os \u201980, asistimos al:<\/p>\n\n\n\n<p>\u00ab\u2026 proceso de&nbsp;<em>recomposici\u00f3n<\/em>&nbsp;de reivindicaciones radicales y de sujetos sociales, un proceso que est\u00e1 forzando en cada movimiento no s\u00f3lo la b\u00fasqueda de alianzas sino tambi\u00e9n el asumir como propias las luchas de otros movimientos [\u2026] La premisa de este proceso de recomposici\u00f3n es la realidad multidimensional de las relaciones de explotaci\u00f3n y opresi\u00f3n tal como se manifiestan en las vidas y experiencias de muchos sujetos sociales en el pan\u00f3ptico fractal global. Las subjetividades est\u00e1n apareciendo a trav\u00e9s de fractales e intentando construir formas de cooperaci\u00f3n social alternativas a aquellas forzadas a existir dentro de estructuras competitivas. La interacci\u00f3n entre estos sujetos sociales en los m\u00faltiples tipos de lucha crea modos alternativos del pensamiento y de la praxis, que son puestos crecientemente en contra del pensamiento \u00fanico hegem\u00f3nico y monop\u00f3lico, que legitima las estrategias neoliberales\u00bb<sup><a href=\"https:\/\/kaosenlared.net\/cambios-en-el-paradigma-represivo-del-capital\/#sdfootnote47sym\">47<\/a><\/sup>.<\/p>\n\n\n\n<p>Visto en perspectiva hist\u00f3rica, no es la primera vez en la que reaparecen \u00abm\u00faltiples tipos de lucha\u00bb sino que se trata de una constante que se reafirma en la praxis siempre que las crisis sist\u00e9micas obligan al trabajo a desarrollar todas sus m\u00faltiples fuerzas emancipadoras para luchar contra las m\u00faltiples expresiones del paradigma represivo del capital. El uso aqu\u00ed del s\u00edmil del fractal es correcto en la medida en la que muestra la coherencia esencial interna que identifica a cada una de las partes del todo, es decir, la aparente irregularidad y fragmentaci\u00f3n de y entre las m\u00faltiples luchas oculta una l\u00f3gica de fondo, subyacente, que las determina: esta l\u00f3gica es la de la dictadura del trabajo abstracto sobre el trabajo concreto, del trabajo muerto sobre el trabajo vivo, del valor de cambio sobre el valor de uso, es decir, del capital sobre el trabajo y por tanto de la pol\u00edcroma lucha de clases.<\/p>\n\n\n\n<p>Desde 2009 la multifac\u00e9tica riqueza fractal de la lucha de clases fue en aumento, incluyendo la confrontaci\u00f3n pol\u00edtico-militar, que es la que mejor visibiliza en los momentos cr\u00edticos la vigencia de la ley general de la acumulaci\u00f3n y de la ley tendencial de la ca\u00edda de la tasa media de ganancia. Por ejemplo y obviando la fuerte lucha de clases en Euskal Herria que en ese a\u00f1o entraba en otra fase, tambi\u00e9n suced\u00eda igual en Nuestram\u00e9rica de manera que para 2011 emerg\u00edan nuevas<sup><a href=\"https:\/\/kaosenlared.net\/cambios-en-el-paradigma-represivo-del-capital\/#sdfootnote48sym\">48<\/a><\/sup>&nbsp;resistencias mientras que la consigna \u00abocupemos Walt Street\u00bb se extend\u00eda por EEUU al confluir muchas luchas parciales que estaba comprendiendo que Walt Street era uno de los n\u00facleos del poder, que eran parte de la lucha de clases internacional: por esas fechas, a comienzos de 2012, el proletariado belga hizo la primera huelga general en 19 a\u00f1os. Muy lejos de all\u00ed, en Argentina la reestructuraci\u00f3n del capital que desestructuraba al proletariado iba unida a la propaganda masiva sobre el \u00abfin del trabajo\u00bb; sin embargo, E. Lucita mostr\u00f3 en 2014 c\u00f3mo pese a todo volv\u00eda a reestructurarse la centralidad obrera en una lucha abierta e incierta porque depend\u00eda de la fuerza de la conciencia obrera<sup><a href=\"https:\/\/kaosenlared.net\/cambios-en-el-paradigma-represivo-del-capital\/#sdfootnote49sym\">49<\/a><\/sup>.<\/p>\n\n\n\n<p>En septiembre de 2015 terminaba con victoria la huelga de 593 d\u00edas de duraci\u00f3n en la f\u00e1brica de Coca Cola de Fuenlabrada, en la que tuvieron destacada participaci\u00f3n las mujeres trabajadoras del colectivo Las Espartanas<sup><a href=\"https:\/\/kaosenlared.net\/cambios-en-el-paradigma-represivo-del-capital\/#sdfootnote50sym\">50<\/a><\/sup>, en un contexto de luchas marcado por las muchas movilizaciones diferentes que se un\u00edan en las Marchas por la Dignidad confluyendo en Bruselas, y en la amplia diversidad de trabajadoras de la educaci\u00f3n en Alemania que se unieron y se lanzaron a la huelga en ese agosto<sup><a href=\"https:\/\/kaosenlared.net\/cambios-en-el-paradigma-represivo-del-capital\/#sdfootnote51sym\">51<\/a><\/sup>, todo lo cual impulsaba en 2016 la esperanza obrera que se expres\u00f3 en muchas formas de lucha de clases en Europa, en contra de otras tantas formas de explotaci\u00f3n<sup><a href=\"https:\/\/kaosenlared.net\/cambios-en-el-paradigma-represivo-del-capital\/#sdfootnote52sym\">52<\/a><\/sup>. Para entonces la propaganda burguesa no pod\u00eda ocultar que se agotaba la tenue recuperaci\u00f3n econ\u00f3mica, ca\u00edda que explica la reaparici\u00f3n de las protestas en Londres, por ejemplo, en verano de 2017, en el aeropuerto de Barcelona, etc., o a\u00fan m\u00e1s importante, el auge de las luchas campesinas en muchos pa\u00edses mostrando su importancia decisiva en la lucha mundial<sup><a href=\"https:\/\/kaosenlared.net\/cambios-en-el-paradigma-represivo-del-capital\/#sdfootnote53sym\">53<\/a><\/sup>&nbsp;y el papel de la campesina y, en las ciudades, de las mujeres de limpieza<sup><a href=\"https:\/\/kaosenlared.net\/cambios-en-el-paradigma-represivo-del-capital\/#sdfootnote54sym\">54<\/a><\/sup>, de cuidados bajo condiciones de doble o triple explotaci\u00f3n\u2026<\/p>\n\n\n\n<p>Pero si en el plano pol\u00edtico-militar la readecuaci\u00f3n del paradigma represivo ya estaba a pleno funcionamiento en estas fechas, tal como se aprecia por ejemplo en el reacomodo yanqui en Colombia por su importancia geoestrat\u00e9gica ante la posible derrota del uribismo, como indica M\u00aa F. Barreto<sup><a href=\"https:\/\/kaosenlared.net\/cambios-en-el-paradigma-represivo-del-capital\/#sdfootnote55sym\">55<\/a><\/sup>, otro tanto hay que decir en el de la reestructuraci\u00f3n socioecon\u00f3mica del capital mediante las nuevas tecnolog\u00edas, la de los algoritmos<sup><a href=\"https:\/\/kaosenlared.net\/cambios-en-el-paradigma-represivo-del-capital\/#sdfootnote56sym\">56<\/a><\/sup>&nbsp;en este caso. Con estos nuevos medios tecno-represivos m\u00e1s con la ayuda inestimable del reformismo pol\u00edtico-sindical y de la angustia e inseguridad por el futuro, la burgues\u00eda alemana logr\u00f3 evitar la total victoria de la poderosa huelga del metal en febrero de 2018. Otra lucha masiva tanto en la variedad de colectivos participantes como en la unidad del objetivo, fue la que se mantuvo en ese momento de EEUU contra la industria armamentista, contra los intentos de recortar los derechos de las mujeres trabajadoras, contra la ferocidad racista de la represi\u00f3n policial, contra la ofensiva antisindical de Trump, etc., temblores multiformes que impulsaban la actual \u00abgran huelga\u00bb<sup><a href=\"https:\/\/kaosenlared.net\/cambios-en-el-paradigma-represivo-del-capital\/#sdfootnote57sym\">57<\/a><\/sup>&nbsp;que debilita las entra\u00f1as del monstruo<\/p>\n\n\n\n<p>El movimiento franc\u00e9s de los \u00abchalecos amarillos\u00bb desde finales de 2018 confirmaba la complejidad de las explotaciones y de las resistencias contra ellas, provocando reflexiones que ahora, a finales de 2021 adquieren una nueva vigencia<sup><a href=\"https:\/\/kaosenlared.net\/cambios-en-el-paradigma-represivo-del-capital\/#sdfootnote58sym\">58<\/a><\/sup>. Y por no extendernos, otras dos luchas que ahora tambi\u00e9n son m\u00e1s actuales que entones: en oto\u00f1o de 2018 los sindicatos brit\u00e1nicos abrieron la reivindicaci\u00f3n de la semana laboral de cuatro d\u00edas sin reducci\u00f3n salarial<sup><a href=\"https:\/\/kaosenlared.net\/cambios-en-el-paradigma-represivo-del-capital\/#sdfootnote59sym\">59<\/a><\/sup>, y a finales de noviembre de 2019, muy poco antes de la pandemia, trabajadores de la salud en Holanda hicieron la primera<sup><a href=\"https:\/\/kaosenlared.net\/cambios-en-el-paradigma-represivo-del-capital\/#sdfootnote60sym\">60<\/a><\/sup>&nbsp;huelga nacional en defensa de sus condiciones y de una buena salud p\u00fablica.<\/p>\n\n\n\n<p>En 2019-2021 se han apelotonado las tres expresiones centrales de la evoluci\u00f3n de la lucha de clases seg\u00fan el certero estudio de Beverly J. Silver: \u00ab1) las protestas de las clases obreras en proceso de formaci\u00f3n; 2) las protestas de las clases obreras existentes que est\u00e1n siendo destruidas y 3) las protestas de esos trabajadores que el capital ignora y excluye, es decir, los miembros de la clase obrera que, aunque dependen exclusivamente de ellos para sobrevivir, es probable que nunca logren vender su fuerza de trabajo\u00bb<sup><a href=\"https:\/\/kaosenlared.net\/cambios-en-el-paradigma-represivo-del-capital\/#sdfootnote61sym\">61<\/a><\/sup>. El reformismo pol\u00edtico-sindical incide de forma diferente en los tres niveles, desmoraliz\u00e1ndolos en sus espacios respectivos. Un ejemplo lo tenemos en la indiferencia del reformismo pol\u00edtico-sindical y del social-liberalismo para concienciar y organizar a partes del segundo nivel, pero sobre todo del tercero, del que hist\u00f3ricamente surge la base lumpen del fascismo, siendo esta una de las razones por las que crece la extrema derecha<sup><a href=\"https:\/\/kaosenlared.net\/cambios-en-el-paradigma-represivo-del-capital\/#sdfootnote62sym\">62<\/a><\/sup>.<\/p>\n\n\n\n<p>Sobre los otros dos niveles, un ejemplo cl\u00e1sico es c\u00f3mo la burocracia sindical de IATSE ha derrotado a 60.000 trabajadores de Hollywood<sup><a href=\"https:\/\/kaosenlared.net\/cambios-en-el-paradigma-represivo-del-capital\/#sdfootnote63sym\">63<\/a><\/sup>&nbsp;en huelga, y es que la \u00abcultura\u00bb es una industria contra la que combaten tambi\u00e9n las trabajadoras de la limpieza del museo Guggenheim de Bilbo<sup><a href=\"https:\/\/kaosenlared.net\/cambios-en-el-paradigma-represivo-del-capital\/#sdfootnote64sym\">64<\/a><\/sup>. Las y los obreros de \u00c1mazon en muchos pa\u00edses est\u00e1n aprendiendo de las traiciones sindicales, neg\u00e1ndose<sup><a href=\"https:\/\/kaosenlared.net\/cambios-en-el-paradigma-represivo-del-capital\/#sdfootnote65sym\">65<\/a><\/sup>&nbsp;a secundar los llamados del presidente Biden para que se afilien<sup><a href=\"https:\/\/kaosenlared.net\/cambios-en-el-paradigma-represivo-del-capital\/#sdfootnote66sym\">66<\/a><\/sup>. La impresionante huelga del acero en Sud\u00e1frica<sup><a href=\"https:\/\/kaosenlared.net\/cambios-en-el-paradigma-represivo-del-capital\/#sdfootnote67sym\">67<\/a><\/sup>&nbsp;ense\u00f1a lo mismo, con sus matices. Las trabajadoras son el n\u00facleo de la lucha proletaria por las viviendas<sup><a href=\"https:\/\/kaosenlared.net\/cambios-en-el-paradigma-represivo-del-capital\/#sdfootnote68sym\">68<\/a><\/sup>, lucha hist\u00f3rica que ha adquirido una prioridad vital como se comprueba en la aplastante victoria de referendo popular a favor de los pisos sociales en Berl\u00edn, en contra de los buitres financiero-especulativos unidos a las grandes inmobiliarias<sup><a href=\"https:\/\/kaosenlared.net\/cambios-en-el-paradigma-represivo-del-capital\/#sdfootnote69sym\">69<\/a><\/sup>.<\/p>\n\n\n\n<p>La urgencia por completar la reforma del paradigma es clara para el subimperialismo indio aliado estrat\u00e9gico de EEUU que se enfrenta a una gigantesca lucha de clases interna: desde noviembre de 2020 en la India se generalizan las huelgas que llegan a movilizar a 250 millones de personas en febrero de 2021<sup><a href=\"https:\/\/kaosenlared.net\/cambios-en-el-paradigma-represivo-del-capital\/#sdfootnote70sym\">70<\/a><\/sup>, siendo un ejemplo de c\u00f3mo la variada clase campesina sabe aglutinar a la variada clase obrera alrededor de reivindicaciones radicales por fuerza elemental y com\u00fan, como se ha visto en huelgas posteriores. Otro tanto sucede en otro puntal del imperialismo como es Corea del Sur que en octubre de este a\u00f1o ha vivido una huelga general que supone un salto con respecto a las luchas anteriores a la pandemia.<\/p>\n\n\n\n<p>El caso australiano es igualmente esclarecedor porque el papel dado por EEUU al ej\u00e9rcito del continente-isla en el cerco at\u00f3mico a Eurasia firmado en el AUKUS, exige que el pueblo obrero australiano se someta a un r\u00e9gimen disciplinario muy severo<sup><a href=\"https:\/\/kaosenlared.net\/cambios-en-el-paradigma-represivo-del-capital\/#sdfootnote71sym\">71<\/a><\/sup>&nbsp;como el que se lleva imponiendo desde poco antes de la pandemia y se ha acelerado con el confinamiento. La burgues\u00eda brit\u00e1nica, sabedora de la resistencia obrera, del contenido progresista del nacionalismo escoc\u00e9s y de las tensiones en Irlanda del Norte, azuza el belicismo e&nbsp;intensifica el control social<sup><a href=\"https:\/\/kaosenlared.net\/cambios-en-el-paradigma-represivo-del-capital\/#sdfootnote72sym\">72<\/a><\/sup>. Israel ve que su anta\u00f1o famoso y omnipotente servicio secreto, el Mossad<sup><a href=\"https:\/\/kaosenlared.net\/cambios-en-el-paradigma-represivo-del-capital\/#sdfootnote73sym\">73<\/a><\/sup>, est\u00e1 perdiendo eficacia frente a la creciente resistencia de los pueblos.<\/p>\n\n\n\n<p>El Estado espa\u00f1ol, s\u00fabdito fiel de EEUU, avanza en la misma senda al aprobar&nbsp;el 6 de julio el proyecto de Ley de Seguridad Nacional por la cual todo siervo del rey mayor de edad estar\u00e1 a disposici\u00f3n de las autoridades en situaciones de crisis, aplicando el art\u00ba 55 de la Constituci\u00f3n seg\u00fan el cual \u00ablos espa\u00f1oles tienen el deber y el derecho de defender a Espa\u00f1a\u00bb<sup><a href=\"https:\/\/kaosenlared.net\/cambios-en-el-paradigma-represivo-del-capital\/#sdfootnote74sym\">74<\/a><\/sup>. Se prepara as\u00ed la militarizaci\u00f3n social que hemos visto en acci\u00f3n en EEUU con la excusa del calentamiento global. El autoritarismo rampante espa\u00f1ol ha sido reforzado con el mantenimiento de los puntos centrales de la \u00abreforma laboral\u00bb, de la \u00abley mordaza\u00bb, de la pr\u00f3xima \u00abley Iceta\u00bb y la inquietante ley sobre el Copyright, de la derechizaci\u00f3n extrema del aparato judicial y la sumisi\u00f3n del Parlamento, de la impunidad de la monarqu\u00eda, del armamentismo imparable, de recentralizaci\u00f3n del nacionalismo espa\u00f1ol, de la nueva traici\u00f3n al pueblo saharaui, del&nbsp;mal trato en c\u00e1rceles y comisar\u00edas espa\u00f1olas<sup><a href=\"https:\/\/kaosenlared.net\/cambios-en-el-paradigma-represivo-del-capital\/#sdfootnote75sym\">75<\/a><\/sup>&nbsp;a manos del sistema policial que preocupa por su impunidad<sup><a href=\"https:\/\/kaosenlared.net\/cambios-en-el-paradigma-represivo-del-capital\/#sdfootnote76sym\">76<\/a><\/sup>&nbsp;y \u00abcreciente incapacidad\u00bb<sup><a href=\"https:\/\/kaosenlared.net\/cambios-en-el-paradigma-represivo-del-capital\/#sdfootnote77sym\">77<\/a><\/sup>, reconocidas hasta por el reformismo blando, pero disimuladas por las \u00abgrandes mentiras de Marlaska\u00bb<sup><a href=\"https:\/\/kaosenlared.net\/cambios-en-el-paradigma-represivo-del-capital\/#sdfootnote78sym\">78<\/a><\/sup>.<\/p>\n\n\n\n<p>La inquietud por su debilitamiento interno crece en la burgues\u00eda occidental. Recientemente, el vocero del social-liberalismo espa\u00f1ol se preguntaba sobre las causas del aumento del descontento y de las protestas sociales<sup><a href=\"https:\/\/kaosenlared.net\/cambios-en-el-paradigma-represivo-del-capital\/#sdfootnote79sym\">79<\/a><\/sup>. De la misma forma en la que el miedo a la esclava y a la sierva determinaba la ideolog\u00eda esclavista y feudal, el miedo a la proletaria determina la burguesa.&nbsp;El 15 de julio de este a\u00f1o,&nbsp;537 miembros del Parlamento Europeo aprobaron con 133 votos en contra y 20 abstenciones la puesta en marcha de la ley Chatcontrol que permite la vigilancia masiva de las comunicaciones privadas, aunque sondeos de opini\u00f3n indican que la rechaza el 72% de la poblaci\u00f3n<sup><a href=\"https:\/\/kaosenlared.net\/cambios-en-el-paradigma-represivo-del-capital\/#sdfootnote80sym\">80<\/a><\/sup>. El autoritarismo avanza en silencio ampliando el paradigma represivo en varias \u00e1reas especializadas en&nbsp;contener, refrenar, templar o moderar la tendencia al alza de las luchas de clases:&nbsp;Si en 2014-2020 la UE gast\u00f3 2800 millones-\u20ac en el control de fronteras, para 2021-2027 ha presupuestado 12800 millones-\u20ac<sup><a href=\"https:\/\/kaosenlared.net\/cambios-en-el-paradigma-represivo-del-capital\/#sdfootnote81sym\">81<\/a><\/sup>, por no hablar del ascenso exponencial de los gastos en \u00abseguridad ciudadana\u00bb, eufemismo que oculta todas las formas de violencia represiva.<\/p>\n\n\n\n<p>4.- CAMBIOS PSICOPOL\u00cdTICOS<\/p>\n\n\n\n<p>Naturalmente, los medios de control social extra, para o directamente estatales iban captando el aumento de los malestares sociales, de las delincuencias, de los sentimientos de inseguridad social, etc. Tomando Argentina como ejemplo, pero pudiendo generalizar las lecciones, G. Kessler descubri\u00f3 tres fases en el ascenso de la inseguridad correspondiente a grandes rasgos con las fases socioecon\u00f3micas del neoliberalismo desde mediados de los \u201980 hasta la primera d\u00e9cada del siglo XXI, con sus desastrosos efectos sobre todo en la infancia con consecuencias acumulativas: entre 2008 y 2009 la venta de alarmas domiciliarias subi\u00f3 un 12% y los cercos electrificados un 200%<sup><a href=\"https:\/\/kaosenlared.net\/cambios-en-el-paradigma-represivo-del-capital\/#sdfootnote82sym\">82<\/a><\/sup>. La pandemia ha a\u00f1adido un agravante cualitativo a la inseguridad convirti\u00e9ndola en angustia y hasta miedo, en especial cuando se disparan las delincuencias, muertes y asesinatos incluidos los policiales, como sucede ahora en EEUU. D. Melosi ha seguido la evoluci\u00f3n de los sistemas de control social mostrando c\u00f3mo de la prevenci\u00f3n del delito individual se ha pasado definitivamente al control y vigilancia de \u00abla sociedad en su conjunto\u00bb<sup><a href=\"https:\/\/kaosenlared.net\/cambios-en-el-paradigma-represivo-del-capital\/#sdfootnote83sym\">83<\/a><\/sup>.<\/p>\n\n\n\n<p>Justo en ese 2019,&nbsp;Sean McFate,&nbsp;militar norteamericano retirado y convertido en mercenario,&nbsp;escribi\u00f3 un libro sobre los m\u00e9todos de manipulaci\u00f3n, vigilancia, simulaci\u00f3n y enga\u00f1o sist\u00e9mico que deber\u00eda aplicar EEUU. El libro, sacralizado por el Pent\u00e1gono, debe mucho a los textos cl\u00e1sicos escritos hace m\u00e1s de veinte siglos, por ejemplo, a Sun Tzu: 1.- Se deben esconder las verdaderas intenciones. 2.- Hay que detectar aliados antes de considerar los ataques. 3.- Es necesario falsificar, tergiversar, confundir y complejizar el discurso y el debate social. 4.- Hay que irritar al enemigo. 5.- Saca a tu enemigo de su lugar de fortaleza.&nbsp;6.- El enfrentamiento en la sombra ser\u00e1 el dominante. Y 7.-&nbsp;Los militares, por su formaci\u00f3n, son vulnerables a los medios de comunicaci\u00f3n. Ergo, hay que formar soldados medi\u00e1ticos, actores, h\u00e1biles declarantes, instigadores de odios, etc.<sup><a href=\"https:\/\/kaosenlared.net\/cambios-en-el-paradigma-represivo-del-capital\/#sdfootnote84sym\">84<\/a><\/sup><\/p>\n\n\n\n<p>En 2001&nbsp;Sylvain Timsit,&nbsp;psic\u00f3logo franc\u00e9s&nbsp;redact\u00f3 un dec\u00e1logo de manipulaci\u00f3n vuelto a difundir en 2021: 1.-&nbsp;La estrategia de la distracci\u00f3n. 2.- Crear problemas y despu\u00e9s solucionarlos. 3.- La estrategia gradual. 4.-&nbsp;La estrategia de diferir. 5.-&nbsp;Dirigirse al p\u00fablico como si fuera un ni\u00f1o. 6.- Utilizar el aspecto emocional antes que la reflexi\u00f3n. 7.- Mantener al p\u00fablico en la ignorancia y la mediocridad. \u2013 8.- Estimular al p\u00fablico a ser complaciente con la mediocridad. 9.- Reforzar la autoculpabilidad. Y 10.- Conocer a los individuos mejor que ellos mismos<sup><a href=\"https:\/\/kaosenlared.net\/cambios-en-el-paradigma-represivo-del-capital\/#sdfootnote85sym\">85<\/a><\/sup>. En el \u00ednterin y ante el alarmante auge de la irracionalidad anticient\u00edfica en EEUU, en 2012 R. Dawkins organiz\u00f3 un \u00abmitin a favor de la raz\u00f3n\u00bb<sup><a href=\"https:\/\/kaosenlared.net\/cambios-en-el-paradigma-represivo-del-capital\/#sdfootnote86sym\">86<\/a><\/sup>&nbsp;y otro en 2016, volviendo a movilizar al pensamiento libre y ateo en defensa de la raz\u00f3n cr\u00edtica en 2019, meses antes de la pandemia.<\/p>\n\n\n\n<p>Estamos ante m\u00e9todos comunes a todo paradigma opresor desde hace XXV siglos como menos, cuando la lucha de clases, la competencia entre facciones de la clase dominante y las guerras entre Estados giraban siempre alrededor de acaparar m\u00e1s propiedad privada en detrimento de la propiedad com\u00fan, como lo refleja la historia del pensamiento. La \u00absoluci\u00f3n\u00bb capitalista a la pandemia ha reactivado estas t\u00e9cnicas cl\u00e1sicas como la recreaci\u00f3n del fascismo en el n\u00facleo de las sociedades imperialistas<sup><a href=\"https:\/\/kaosenlared.net\/cambios-en-el-paradigma-represivo-del-capital\/#sdfootnote87sym\">87<\/a><\/sup>; tambi\u00e9n ha creado otros nuevos medios y ha reforzado el irracionalismo anticient\u00edfico buscando mejorar su paradigma represivo que se ancla en los primeros sufrimientos humanos causados por la propiedad privada de las fuerzas productivas.<\/p>\n\n\n\n<p>Las resistencias se reorganizaron con relativa facilidad viendo la dureza del confinamiento autoritario impuesto al proletariado. Se recuperan de forma \u00abfr\u00e1gil pero real\u00bb<sup><a href=\"https:\/\/kaosenlared.net\/cambios-en-el-paradigma-represivo-del-capital\/#sdfootnote88sym\">88<\/a><\/sup>&nbsp;en muchos pa\u00edses, teniendo que vencer la \u00abrepresi\u00f3n interna\u00bb o sea el accionar del reformismo pol\u00edtico-sindical a favor del capital de forma directa o indirecta, problema grave al que volveremos. Frente a esta din\u00e1mica, el nuevo paradigma recentraliza el poder decisivo en el Estado. Las tesis que defend\u00edan que el Estado ha perdido poder ante la descentralizaci\u00f3n de las grandes corporaciones no explican los cambios recientes. Seg\u00fan P. Calveiro: \u00abLas nuevas formas de dominaci\u00f3n pasan por el&nbsp;<em>control corporativo<\/em>&nbsp;\u2013es decir, descentrado del Estado y concentrado en diferentes grupos de poder econ\u00f3mico, jer\u00e1rquicos y cerrados\u2013 de la totalidad de los recursos sociales. Se trata de una red financiera-militar-tecnol\u00f3gica-comunicacional en sus nodos centrales, con muchos focos o centros de poder diferenciados por sus funciones y por su potencia, pero siempre interconectados [\u2026] Una primera diferencia sustantiva en el mundo actual \u2013que organiza todo el cuadro\u2013 es la coexistencia del Estado de derecho \u2013del que se jactan las democracias actuales\u2013 con un verdadero&nbsp;<em>Estado de excepci\u00f3n<\/em>\u00bb<sup><a href=\"https:\/\/kaosenlared.net\/cambios-en-el-paradigma-represivo-del-capital\/#sdfootnote89sym\">89<\/a><\/sup>.<\/p>\n\n\n\n<p>Es cierto que, por ejemplo, la&nbsp;fusi\u00f3n entre la carrera militar y la carrera empresarial, tan com\u00fan en la historia, se ha confirmado una vez m\u00e1s en la industria de la manipulaci\u00f3n medi\u00e1tica cuando Facebook ha contratado a un alto responsable de la OTAN como \u00abjefe de inteligencia\u00bb<sup><a href=\"https:\/\/kaosenlared.net\/cambios-en-el-paradigma-represivo-del-capital\/#sdfootnote90sym\">90<\/a><\/sup>. El avance de la militarizaci\u00f3n de la ense\u00f1anza universitaria es tan imparable que no vamos a extendernos en ella.&nbsp;Tambi\u00e9n es cierto que&nbsp;s\u00f3lo 14 personas poseen las llaves del control mundial de la seguridad de la Red<sup><a href=\"https:\/\/kaosenlared.net\/cambios-en-el-paradigma-represivo-del-capital\/#sdfootnote91sym\">91<\/a><\/sup>. Son ciertas las estrechas relaciones entre grandes empresas que poseen m\u00e1s poder que muchos Estados, as\u00ed como la gran libertad de movimiento que tienen en el mercado mundial, etc.<\/p>\n\n\n\n<p>Pero es a\u00fan m\u00e1s incuestionable que aparatos decisivos para el buen funcionamiento del capitalismo, como la CIA<sup><a href=\"https:\/\/kaosenlared.net\/cambios-en-el-paradigma-represivo-del-capital\/#sdfootnote92sym\">92<\/a><\/sup>&nbsp;por ejemplo, son poderes que hacen que su Estado-cuna, el yanqui en este caso, controle desde dentro a las grandes corporaciones, a gobiernos y a Estados. Las incursiones militares, los golpes blandos judiciales y los duros de Estado, las leyes antidemocr\u00e1ticas, la represi\u00f3n sociopol\u00edtica, los presupuestos generales y los gastos militares, la pol\u00edtica demogr\u00e1fica y cultural, un sin fin de reglamentaciones socioecon\u00f3micas y medioambientales, todo esto y m\u00e1s que es vital para&nbsp;el intento de controlar la ley&nbsp;general de la acumulaci\u00f3n y la ley tendencial de ca\u00edda de la tasa media de ganancia, las imponen sobre todo los Estados imperialistas y sus ej\u00e9rcitos. La estrategia del \u00abimperio Facebook\u00bb<sup><a href=\"https:\/\/kaosenlared.net\/cambios-en-el-paradigma-represivo-del-capital\/#sdfootnote93sym\">93<\/a><\/sup>, por ejemplo, para aumentar sus beneficios manipulando la grave crisis del actual modelo de acumulaci\u00f3n ser\u00eda imposible sin el apoyo b\u00e1sico imperialista en la persecuci\u00f3n y represi\u00f3n de&nbsp;Snowden, Juli\u00e1n Assange y otras personas y colectivos que defienden derechos elementales.<\/p>\n\n\n\n<p>El \u00abEstado de derecho\u00bb no existe sino s\u00f3lo a condici\u00f3n de que se especifique que es el \u00abEstado de derecho burgu\u00e9s\u00bb, es decir, que su esencia es ser&nbsp;un \u00abverdadero&nbsp;<em>Estado de excepci\u00f3n<\/em>\u00bb porque en toda sociedad basada en la propiedad privada derecho y represi\u00f3n son lo mismo en el fondo, aunque parezcan opuestos en la superficie. Una de las adecuaciones del paradigma represivo consiste en reforzar la ficci\u00f3n democr\u00e1tica mediante la industria cultural que legitima la sinergia entre los&nbsp;lazos pol\u00edticos, ideol\u00f3gicos, econ\u00f3micos con \u00abtodos los poderes capitalistas, como son la pol\u00edtica de Estado, los servicios secretos o el mundo del narcotr\u00e1fico\u00bb adormeciendo y distrayendo las conciencias con \u00absue\u00f1os prefabricados\u00bb<sup><a href=\"https:\/\/kaosenlared.net\/cambios-en-el-paradigma-represivo-del-capital\/#sdfootnote94sym\">94<\/a><\/sup>&nbsp;industrialmente.<\/p>\n\n\n\n<p>Esta cr\u00edtica realizada en 2016 ha sido verificada y mejorada durante la pandemia con otros avances a\u00fan m\u00e1s fusionados con el \u00e1rea pol\u00edtico-militar, como es la&nbsp;\u00abguerra cognitiva\u00bb que consiste en \u00ab\u201c<em>hackear al individuo<\/em>\u201d explotando \u201c<em>las vulnerabilidades del cerebro humano<\/em>\u201d, para mejorar las t\u00e9cnicas de&nbsp;\u2018<em>ingenier\u00eda social<\/em>\u2019\u00bb<sup><a href=\"https:\/\/kaosenlared.net\/cambios-en-el-paradigma-represivo-del-capital\/#sdfootnote95sym\">95<\/a><\/sup>. O tambi\u00e9n: \u00abLa guerra cognitiva pretende que la manipulaci\u00f3n de caminos l\u00f3gicos, de percepci\u00f3n, an\u00e1lisis, procesamiento y razonamiento&nbsp;<strong>influyan&nbsp;<\/strong>en los sujetos y hagan coincidir la&nbsp;<strong>opini\u00f3n&nbsp;<\/strong>de v\u00edctima y agresor de modo que mueva su&nbsp;<strong>voluntad<\/strong>, en una f\u00f3rmula&nbsp;<a href=\"https:\/\/www.globalresearch.ca\/coercive-mind-control-tactics\/5759556\">aparentemente no coercitiva<\/a>&nbsp;de obtenci\u00f3n de consenso. En su defecto inducir una&nbsp;<strong>confusi\u00f3n incapacitante<\/strong>. En su conjunto, lo que se espera es una alteraci\u00f3n del comportamiento y del pensamiento, concretado por el cambio en el n\u00famero de acciones de un tipo (delitos, asaltos, obras), del tono de las publicaciones en medios y otros indicadores\u00bb<sup><a href=\"https:\/\/kaosenlared.net\/cambios-en-el-paradigma-represivo-del-capital\/#sdfootnote96sym\">96<\/a><\/sup>.<\/p>\n\n\n\n<p>Adem\u00e1s de la proto \u00abingenier\u00eda social\u00bb de Trento, otros intentos posteriores fueron los de la sociolog\u00eda comtiana y la sociobiolog\u00eda yanqui, reactivados por el nazismo, luego en 1942-1952 por la burgues\u00eda \u00abdemocr\u00e1tica\u00bb canadiense con el apoyo directo de la Iglesia cat\u00f3lica<sup><a href=\"https:\/\/kaosenlared.net\/cambios-en-el-paradigma-represivo-del-capital\/#sdfootnote97sym\">97<\/a><\/sup>&nbsp;y as\u00ed hasta ahora: el confinamiento impuesto por el capital es otra forma de \u00abingenier\u00eda social\u00bb para debilitar sociopol\u00edtica y an\u00edmicamente al proletariado en beneficio del capital que desarrolla todas las tecnolog\u00edas de control posibles para mejorarla, desde el&nbsp;<em>big data<\/em>&nbsp;hasta el poder de an\u00e1lisis psicof\u00edsico que tiene la tecnolog\u00eda de control facial<sup><a href=\"https:\/\/kaosenlared.net\/cambios-en-el-paradigma-represivo-del-capital\/#sdfootnote98sym\">98<\/a><\/sup>, por ejemplo. Adem\u00e1s, de manera acelerada desde la pandemia se mercantiliza&nbsp;el malestar<sup><a href=\"https:\/\/kaosenlared.net\/cambios-en-el-paradigma-represivo-del-capital\/#sdfootnote99sym\">99<\/a><\/sup>&nbsp;provocado por la explotaci\u00f3n, a\u00f1adiendo as\u00ed al paradigma represivo una de las armas m\u00e1s efectivas de disciplinarizaci\u00f3n individualizada, como se est\u00e1 viendo en el incremento de suicidios directamente causados por la extrema brutalidad de la explotaci\u00f3n tanto en f\u00e1bricas como el caso de France Telecom<sup><a href=\"https:\/\/kaosenlared.net\/cambios-en-el-paradigma-represivo-del-capital\/#sdfootnote100sym\">100<\/a><\/sup>&nbsp;o de los campesinos de la India a los que la agroindustria les ha arruinado la vida. En el Estado espa\u00f1ol se han producido once suicidios al d\u00eda durante 2020<sup><a href=\"https:\/\/kaosenlared.net\/cambios-en-el-paradigma-represivo-del-capital\/#sdfootnote101sym\">101<\/a><\/sup>.<\/p>\n\n\n\n<p>Pero la mejora sustancial del paradigma no es otra que las nuevas formas que adquiere el fetichismo de la mercanc\u00eda y la alienaci\u00f3n social generalizada en esta fase de acumulaci\u00f3n de capital denominada como \u00ab<em>flexibilidad liofilizada<\/em>\u00bb, \u00ab<em>liofilizaci\u00f3n organizativa<\/em>\u00bb, etc., que impone una explotaci\u00f3n en \u00ab<em>apariencia&nbsp;<\/em>m\u00e1s \u2018participativa\u2019\u00bb para una minor\u00eda&nbsp;<em>cualificada&nbsp;<\/em>y&nbsp;<em>multifuncional<\/em>, mientras que la mayor\u00eda inmensa es precarizada y descualificada para \u00ab<em>dilapidar todos los lazos de solidaridad y acci\u00f3n colectiva<\/em>\u00bb para imponer la individualizaci\u00f3n absoluta. Luk\u00e1cs ya insinu\u00f3 el paso de las \u00ab<em>cosificaciones inocentes a las cosificaciones extra\u00f1adas o alienantes<\/em>\u00bb en la vida cotidiana, paso irreversible en la actualidad<sup><a href=\"https:\/\/kaosenlared.net\/cambios-en-el-paradigma-represivo-del-capital\/#sdfootnote102sym\">102<\/a><\/sup>. El extra\u00f1amiento cosificado hace que sectores del proletariado se vean a s\u00ed mismos de forma inconsciente como \u00abcosas\u00bb, como objetos pasivos con una mal vivencia precarizada, sin sentido, insegura y atemorizada, con miedo a la libertad, o sea, la auto-represi\u00f3n que se adelanta a los golpes del paradigma represivo, reforz\u00e1ndolo.<\/p>\n\n\n\n<p>La progres\u00eda pragm\u00e1tica, que piensa s\u00f3lo dentro de los l\u00edmites positivistas del sentido com\u00fan a pesar de ser contradicho una y otra vez por la realidad<sup><a href=\"https:\/\/kaosenlared.net\/cambios-en-el-paradigma-represivo-del-capital\/#sdfootnote103sym\">103<\/a><\/sup>, es una de las fuerzas que ayudan de un modo u otro a la \u00abrepresi\u00f3n interna\u00bb, a la auto-represi\u00f3n de la clase trabajadora. Un ejemplo lo tenemos en la incongruencia del progresismo espa\u00f1olista que vive feliz en la contradicci\u00f3n irresoluble que existe entre, por un lado, decir que la izquierda necesita una \u00abrevoluci\u00f3n\u00bb, o mejor dicho: un \u00abproceso constituyente\u00bb interno que la vivifique, expresi\u00f3n que vac\u00eda de contenido radical a la \u00abrevoluci\u00f3n\u00bb; pero por otro lado, decir que el Estado espa\u00f1ol s\u00f3lo necesita una \u00abreforma\u00bb m\u00e1s o menos importante de la Constituci\u00f3n que conecte con el \u00absentir com\u00fan\u00bb para \u00abmejorar en&nbsp;Educaci\u00f3n, sanidad, transparencia, derechos sociales, igualdad de las mujeres y competencias auton\u00f3micas\u00bb<sup><a href=\"https:\/\/kaosenlared.net\/cambios-en-el-paradigma-represivo-del-capital\/#sdfootnote104sym\">104<\/a><\/sup>.<\/p>\n\n\n\n<p>Como se ve, las propiedades del IBEX 35, de la gran banca y grandes empresarios, de latifundistas, de la Iglesia, etc., quedan fuera de una \u00abreforma\u00bb que ni siquiera pide una reforma fiscal en el sistema de tributaci\u00f3n en beneficio de las clases y pueblos oprimidos, por citar una sola injusticia de urgente soluci\u00f3n. Al constre\u00f1ir las movilizaciones y las luchas sociales a una reforma tan blanda, esa izquierda est\u00e1 presionando al proletariado para que se auto-controle, se auto-reprima rebajando sus reivindicaciones a lo poco que la burgues\u00eda querr\u00eda conceder, l\u00f3gicamente a cambio de que se mantuviera lo importante, como en 1978. Dentro de este posibilismo est\u00e1n las declaraciones de EH Bildu y de ERC pidiendo al Gobierno del PSOE-UP que confirme \u00abcon hechos\u00bb que es \u00abde verdad de izquierdas\u00bb<sup><a href=\"https:\/\/kaosenlared.net\/cambios-en-el-paradigma-represivo-del-capital\/#sdfootnote105sym\">105<\/a><\/sup>&nbsp;si quiere contar con su voto positivo para los PGE de 2022. La postura de ERC y EH Bildu es un poco m\u00e1s radical que la del progresismo estatal, pero no rompe con la c\u00e1rcel posibilista.<\/p>\n\n\n\n<p>Lo peor de ambos es que adem\u00e1s de ayudar a la auto-represi\u00f3n de la clase obrera como hemos visto, tambi\u00e9n imponen restricciones al desarrollo del pensamiento cr\u00edtico al interior de sus organizaciones porque m\u00e1s temprano que tarde y siempre que su militancia tenga una formaci\u00f3n revolucionaria, surge la contradicci\u00f3n entre el libre debate interno y la defensa y justificaci\u00f3n pr\u00e1ctica del reformismo, de sostener a un Gobierno capitalista a cambio de una mejora muy pobre de las condiciones de vida y trabajo de las clases explotadas y de las naciones oprimidas. Precisamente cuando la lucha de clases va logrando conquistas esperanzadoras como la de la larga huelga de Tubacex y otras, cuando tiende a crecer el impulso popular para una Huelga General de la que se viene hablando desde mayo\u201921 a partir de las lecciones de la anterior Huelga General del 30 de enero de 2020, precisamente ahora es cuando m\u00e1s contundente ha de ser tanto la cr\u00edtica pr\u00e1ctica al Gobierno como la explicaci\u00f3n pedag\u00f3gica del modelo de una Euskal Herria socialista e independiente. Los cambios con los que el capital actualiza y refuerza su paradigma represivo no se combaten con reformas y apoyos a la burgues\u00eda, sino con la intensificaci\u00f3n de la lucha revolucionaria.<\/p>\n\n\n\n<p>I\u00d1AKI GIL DE SAN VICENTE<\/p>\n\n\n\n<p>EUSKAL HERRIA 15 de noviembre de 2021<\/p>\n\n\n\n<p><a href=\"https:\/\/kaosenlared.net\/cambios-en-el-paradigma-represivo-del-capital\/#sdfootnote1anc\">1<\/a>&nbsp;A. Oppenheim: \u00abComentario\u00bb.&nbsp;<em>Estado y clases en las sociedades antiguas<\/em>. Akal Madrid 1982, p. 46<\/p>\n\n\n\n<p><a href=\"https:\/\/kaosenlared.net\/cambios-en-el-paradigma-represivo-del-capital\/#sdfootnote2anc\">2<\/a>&nbsp;AA.VV.:&nbsp;<em>Los imperios del antiguo oriente II<\/em>. Siglo XXI. Madrid 1992, p.158.<\/p>\n\n\n\n<p><a href=\"https:\/\/kaosenlared.net\/cambios-en-el-paradigma-represivo-del-capital\/#sdfootnote3anc\">3<\/a>&nbsp;<a href=\"https:\/\/pakitoarriaran.org\/index.php\/articulos\/dena-denona-da-omnia-sunt-communia-todo-es-comun\">https:\/\/pakitoarriaran.org\/index.php\/articulos\/dena-denona-da-omnia-sunt-communia-todo-es-comun<\/a>&nbsp;y&nbsp;<a href=\"https:\/\/liberacion.cl\/2021\/11\/02\/sobre-el-contexto-mundial-entrevista-a-inaki-gil-de-san-vicente\/\">https:\/\/liberacion.cl\/2021\/11\/02\/sobre-el-contexto-mundial-entrevista-a-inaki-gil-de-san-vicente\/<\/a><\/p>\n\n\n\n<p><a href=\"https:\/\/kaosenlared.net\/cambios-en-el-paradigma-represivo-del-capital\/#sdfootnote4anc\">4<\/a>&nbsp;<a href=\"https:\/\/latinta.com.ar\/2018\/09\/guerra-quinta-generacion\/\">https:\/\/latinta.com.ar\/2018\/09\/guerra-quinta-generacion\/<\/a><\/p>\n\n\n\n<p><a href=\"https:\/\/kaosenlared.net\/cambios-en-el-paradigma-represivo-del-capital\/#sdfootnote5anc\">5<\/a>&nbsp;Eulalio Ferrer Rodr\u00edguez:&nbsp;<em>De la lucha de clases a la lucha de frases.&nbsp;<\/em>Taurus. M\u00e9xico 1995, pp. 26-56.<\/p>\n\n\n\n<p><a href=\"https:\/\/kaosenlared.net\/cambios-en-el-paradigma-represivo-del-capital\/#sdfootnote6anc\">6<\/a>&nbsp;Neil Faulkner:&nbsp;<em>De los neandertales a los neoliberales.&nbsp;<\/em>Pasado &amp; Presente, Barcelona 2013, p. 153.<\/p>\n\n\n\n<p><a href=\"https:\/\/kaosenlared.net\/cambios-en-el-paradigma-represivo-del-capital\/#sdfootnote7anc\">7<\/a>&nbsp;<a href=\"https:\/\/www.eldiario.es\/murcia\/politica\/pp-vox-sacan-adelante-mocion-sancionar-lenguaje-inclusivo-administracion-murciana_1_8476375.html\">https:\/\/www.eldiario.es\/murcia\/politica\/pp-vox-sacan-adelante-mocion-sancionar-lenguaje-inclusivo-administracion-murciana_1_8476375.html<\/a><\/p>\n\n\n\n<p><a href=\"https:\/\/kaosenlared.net\/cambios-en-el-paradigma-represivo-del-capital\/#sdfootnote8anc\">8<\/a>&nbsp;<a href=\"https:\/\/www.lahaine.org\/mundo.php\/braudel-foucault-levi-strauss-y\">https:\/\/www.lahaine.org\/mundo.php\/braudel-foucault-levi-strauss-y<\/a><\/p>\n\n\n\n<p><a href=\"https:\/\/kaosenlared.net\/cambios-en-el-paradigma-represivo-del-capital\/#sdfootnote9anc\">9<\/a>&nbsp;<a href=\"https:\/\/kaosenlared.net\/cuba-ilustres-recompensados\/\">https:\/\/kaosenlared.net\/cuba-ilustres-recompensados\/<\/a><\/p>\n\n\n\n<p><a href=\"https:\/\/kaosenlared.net\/cambios-en-el-paradigma-represivo-del-capital\/#sdfootnote10anc\">10<\/a>&nbsp;Josep Fontana:&nbsp;<em>Por el bien del imperio.&nbsp;<\/em>Pasado &amp; Presente. Barcelona 2013, pp. 125-133.<\/p>\n\n\n\n<p><a href=\"https:\/\/kaosenlared.net\/cambios-en-el-paradigma-represivo-del-capital\/#sdfootnote11anc\">11<\/a>&nbsp;<a href=\"https:\/\/elsudamericano.wordpress.com\/2014\/04\/14\/dinero-alienacion-y-liberacion\/\">https:\/\/elsudamericano.wordpress.com\/2014\/04\/14\/dinero-alienacion-y-liberacion\/<\/a><\/p>\n\n\n\n<p><a href=\"https:\/\/kaosenlared.net\/cambios-en-el-paradigma-represivo-del-capital\/#sdfootnote12anc\">12<\/a>&nbsp;<a href=\"https:\/\/www.marxists.org\/espanol\/m-e\/1844\/intro-hegel.htm\">https:\/\/www.marxists.org\/espanol\/m-e\/1844\/intro-hegel.htm<\/a><\/p>\n\n\n\n<p><a href=\"https:\/\/kaosenlared.net\/cambios-en-el-paradigma-represivo-del-capital\/#sdfootnote13anc\">13<\/a>&nbsp;<a href=\"https:\/\/www.fuhem.es\/2018\/09\/23\/entrevista-a-michael-t-klare\/\">https:\/\/www.fuhem.es\/2018\/09\/23\/entrevista-a-michael-t-klare\/<\/a><\/p>\n\n\n\n<p><a href=\"https:\/\/kaosenlared.net\/cambios-en-el-paradigma-represivo-del-capital\/#sdfootnote14anc\">14<\/a>&nbsp;<a href=\"https:\/\/www.resumenlatinoamericano.org\/2021\/07\/06\/estado-espanol-una-ley-mas-que-polemica-todos-los-mayores-de-edad-podran-ser-movilizados-en-caso-de-crisis\/\">https:\/\/www.resumenlatinoamericano.org\/2021\/07\/06\/estado-espanol-una-ley-mas-que-polemica-todos-los-mayores-de-edad-podran-ser-movilizados-en-caso-de-crisis\/<\/a><\/p>\n\n\n\n<p><a href=\"https:\/\/kaosenlared.net\/cambios-en-el-paradigma-represivo-del-capital\/#sdfootnote15anc\">15<\/a>&nbsp;<a href=\"https:\/\/rebelion.org\/estado-policiaco-global\/\">https:\/\/rebelion.org\/estado-policiaco-global\/<\/a><\/p>\n\n\n\n<p><a href=\"https:\/\/kaosenlared.net\/cambios-en-el-paradigma-represivo-del-capital\/#sdfootnote16anc\">16<\/a>&nbsp;<a href=\"https:\/\/rebelion.org\/crisis-capitalista-y-control-social\/\">https:\/\/rebelion.org\/crisis-capitalista-y-control-social\/<\/a><\/p>\n\n\n\n<p><a href=\"https:\/\/kaosenlared.net\/cambios-en-el-paradigma-represivo-del-capital\/#sdfootnote17anc\">17<\/a>&nbsp;<a href=\"https:\/\/mpr21.info\/el-pentagono-ha-creado-la-mayor-fuerza-militar-encubierta-que-ha-conocido-el-mundo\/\">https:\/\/mpr21.info\/el-pentagono-ha-creado-la-mayor-fuerza-militar-encubierta-que-ha-conocido-el-mundo\/<\/a><\/p>\n\n\n\n<p><a href=\"https:\/\/kaosenlared.net\/cambios-en-el-paradigma-represivo-del-capital\/#sdfootnote18anc\">18<\/a>&nbsp;<a href=\"https:\/\/elpais.com\/internacional\/2021-08-02\/por-que-estados-unidos-ya-no-gana-las-guerras.html\">https:\/\/elpais.com\/internacional\/2021-08-02\/por-que-estados-unidos-ya-no-gana-las-guerras.html<\/a><\/p>\n\n\n\n<p><a href=\"https:\/\/kaosenlared.net\/cambios-en-el-paradigma-represivo-del-capital\/#sdfootnote19anc\">19<\/a>&nbsp;<a href=\"https:\/\/elpais.com\/cultura\/2012\/06\/05\/actualidad\/1338919715_886491.html\">https:\/\/elpais.com\/cultura\/2012\/06\/05\/actualidad\/1338919715_886491.html<\/a><\/p>\n\n\n\n<p><a href=\"https:\/\/kaosenlared.net\/cambios-en-el-paradigma-represivo-del-capital\/#sdfootnote20anc\">20<\/a>&nbsp;<a href=\"https:\/\/www.jornada.com.mx\/2017\/03\/10\/opinion\/002a1edi\">https:\/\/www.jornada.com.mx\/2017\/03\/10\/opinion\/002a1edi<\/a><\/p>\n\n\n\n<p><a href=\"https:\/\/kaosenlared.net\/cambios-en-el-paradigma-represivo-del-capital\/#sdfootnote21anc\">21<\/a>&nbsp;<a href=\"https:\/\/www.boltxe.eus\/2021\/10\/22\/prologo-a-la-edicion-de-2021-de-lenin-txabi-argala\/\">https:\/\/www.boltxe.eus\/2021\/10\/22\/prologo-a-la-edicion-de-2021-de-lenin-txabi-argala\/<\/a><\/p>\n\n\n\n<p><a href=\"https:\/\/kaosenlared.net\/cambios-en-el-paradigma-represivo-del-capital\/#sdfootnote22anc\">22<\/a>&nbsp;<a href=\"https:\/\/katz.lahaine.org\/derrotas-del-imperialismo-sin-victorias-progresistas\/\">https:\/\/katz.lahaine.org\/derrotas-del-imperialismo-sin-victorias-progresistas\/<\/a><\/p>\n\n\n\n<p><a href=\"https:\/\/kaosenlared.net\/cambios-en-el-paradigma-represivo-del-capital\/#sdfootnote23anc\">23<\/a>&nbsp;Faustino Cobarrubia G\u00f3mez: \u00abEl ocaso del d\u00f3lar: \u00bfla hora de las guerras o de los pueblos?\u00bb.&nbsp;<em>Pensar a Contra Corriente.&nbsp;<\/em>Ciencias Sociales. La Habana 2011, pp. 250-277.<\/p>\n\n\n\n<p><a href=\"https:\/\/kaosenlared.net\/cambios-en-el-paradigma-represivo-del-capital\/#sdfootnote24anc\">24<\/a>&nbsp;<\/p>\n\n\n\n<p><a href=\"https:\/\/kaosenlared.net\/cambios-en-el-paradigma-represivo-del-capital\/#sdfootnote25anc\">25<\/a>&nbsp;<a href=\"https:\/\/www.wsws.org\/es\/articles\/2021\/11\/08\/usch-n08.html\">https:\/\/www.wsws.org\/es\/articles\/2021\/11\/08\/usch-n08.html<\/a><\/p>\n\n\n\n<p><a href=\"https:\/\/kaosenlared.net\/cambios-en-el-paradigma-represivo-del-capital\/#sdfootnote26anc\">26<\/a>&nbsp;James d\u2019Angelo: \u00abEl mito de Pearl Harbor \u00bfUn cebo para entrar en guerra?\u00bb&nbsp;<em>Pearl Harbor.&nbsp;<\/em>Desperta Ferro, Madrid, N.\u00ba 48, noviembre-diciembre 2021, pp. 48-52.<\/p>\n\n\n\n<p><a href=\"https:\/\/kaosenlared.net\/cambios-en-el-paradigma-represivo-del-capital\/#sdfootnote27anc\">27<\/a>&nbsp;<a href=\"https:\/\/insurgente.org\/ee-uu-recibe-la-peticion-de-sus-aliados-de-no-descartar-un-ataque-nuclear-preventivo-contra-rusia-y-china\/\">https:\/\/insurgente.org\/ee-uu-recibe-la-peticion-de-sus-aliados-de-no-descartar-un-ataque-nuclear-preventivo-contra-rusia-y-china\/<\/a><\/p>\n\n\n\n<p><a href=\"https:\/\/kaosenlared.net\/cambios-en-el-paradigma-represivo-del-capital\/#sdfootnote28anc\">28<\/a>&nbsp;<a href=\"https:\/\/mundo.sputniknews.com\/20211026\/rusia-cuestiona-a-la-ministra-de-defensa-de-alemania-que-amenaza-con-usar-armas-nucleares-1117515609.html\">https:\/\/mundo.sputniknews.com\/20211026\/rusia-cuestiona-a-la-ministra-de-defensa-de-alemania-que-amenaza-con-usar-armas-nucleares-1117515609.html<\/a><\/p>\n\n\n\n<p><a href=\"https:\/\/kaosenlared.net\/cambios-en-el-paradigma-represivo-del-capital\/#sdfootnote29anc\">29<\/a>&nbsp;<a href=\"https:\/\/canarias-semanal.org\/art\/31571\/la-otan-a-un-paso-de-la-guerra-contra-rusia\">https:\/\/canarias-semanal.org\/art\/31571\/la-otan-a-un-paso-de-la-guerra-contra-rusia<\/a><\/p>\n\n\n\n<p><a href=\"https:\/\/kaosenlared.net\/cambios-en-el-paradigma-represivo-del-capital\/#sdfootnote30anc\">30<\/a>&nbsp;<a href=\"https:\/\/canarias-semanal.org\/art\/31531\/eeuu-se-derrumba-asegura-el-influyente-periodico-the-new-york-times\">https:\/\/canarias-semanal.org\/art\/31531\/eeuu-se-derrumba-asegura-el-influyente-periodico-the-new-york-times<\/a><\/p>\n\n\n\n<p><a href=\"https:\/\/kaosenlared.net\/cambios-en-el-paradigma-represivo-del-capital\/#sdfootnote31anc\">31<\/a>&nbsp;<a href=\"https:\/\/www.eleconomista.es\/opinion-blogs\/noticias\/10828169\/10\/20\/La-crisis-financiera-que-se-avecina.html\">https:\/\/www.eleconomista.es\/opinion-blogs\/noticias\/10828169\/10\/20\/La-crisis-financiera-que-se-avecina.html<\/a><\/p>\n\n\n\n<p><a href=\"https:\/\/kaosenlared.net\/cambios-en-el-paradigma-represivo-del-capital\/#sdfootnote32anc\">32<\/a>&nbsp;<a href=\"https:\/\/www.wsws.org\/es\/articles\/2021\/11\/10\/glob-n10.html\">https:\/\/www.wsws.org\/es\/articles\/2021\/11\/10\/glob-n10.html<\/a><\/p>\n\n\n\n<p><a href=\"https:\/\/kaosenlared.net\/cambios-en-el-paradigma-represivo-del-capital\/#sdfootnote33anc\">33<\/a>&nbsp;<a href=\"https:\/\/www.wsws.org\/es\/articles\/2021\/11\/08\/pers-n08.html\">https:\/\/www.wsws.org\/es\/articles\/2021\/11\/08\/pers-n08.html<\/a>&nbsp;y&nbsp;<a href=\"https:\/\/www.wsws.org\/es\/articles\/2021\/11\/11\/rese-n11.html\">https:\/\/www.wsws.org\/es\/articles\/2021\/11\/11\/rese-n11.html<\/a><\/p>\n\n\n\n<p><a href=\"https:\/\/kaosenlared.net\/cambios-en-el-paradigma-represivo-del-capital\/#sdfootnote34anc\">34<\/a>&nbsp;<a href=\"https:\/\/rebelion.org\/economia-mundial-el-riesgo-de-una-tormenta-perfecta\/\">https:\/\/rebelion.org\/economia-mundial-el-riesgo-de-una-tormenta-perfecta\/<\/a><\/p>\n\n\n\n<p><a href=\"https:\/\/kaosenlared.net\/cambios-en-el-paradigma-represivo-del-capital\/#sdfootnote35anc\">35<\/a>&nbsp;<a href=\"https:\/\/mpr21.info\/economia-de-guerra-china-raciona-el-suministro-de-gasoil\/\">https:\/\/mpr21.info\/economia-de-guerra-china-raciona-el-suministro-de-gasoil\/<\/a><\/p>\n\n\n\n<p><a href=\"https:\/\/kaosenlared.net\/cambios-en-el-paradigma-represivo-del-capital\/#sdfootnote36anc\">36<\/a>&nbsp;<a href=\"https:\/\/elpais.com\/internacional\/2021-11-10\/josep-borrell-europa-esta-en-peligro-y-los-europeos-no-siempre-son-conscientes-de-ello.html\">https:\/\/elpais.com\/internacional\/2021-11-10\/josep-borrell-europa-esta-en-peligro-y-los-europeos-no-siempre-son-conscientes-de-ello.html<\/a><\/p>\n\n\n\n<p><a href=\"https:\/\/kaosenlared.net\/cambios-en-el-paradigma-represivo-del-capital\/#sdfootnote37anc\">37<\/a>&nbsp;<a href=\"https:\/\/www.resumenlatinoamericano.org\/2021\/11\/13\/ucrania-interes-por-elevar-la-tension\/\">https:\/\/www.resumenlatinoamericano.org\/2021\/11\/13\/ucrania-interes-por-elevar-la-tension\/<\/a>&nbsp;Y&nbsp;<a href=\"https:\/\/www.resumenlatinoamericano.org\/2021\/11\/14\/ucrania-que-pretende-estados-unidos\/\">https:\/\/www.resumenlatinoamericano.org\/2021\/11\/14\/ucrania-que-pretende-estados-unidos\/<\/a><\/p>\n\n\n\n<p><a href=\"https:\/\/kaosenlared.net\/cambios-en-el-paradigma-represivo-del-capital\/#sdfootnote38anc\">38<\/a>&nbsp;K. H. Roth y Angelina Ebbinghaus:&nbsp;<em>El \u00abotro\u00bb movimiento obrero y la represi\u00f3n capitalista en Alemania (1880-1973),&nbsp;<\/em>Traficantes de Sue\u00f1os, Madrid 2011, pp. 234 y ss.<\/p>\n\n\n\n<p><a href=\"https:\/\/kaosenlared.net\/cambios-en-el-paradigma-represivo-del-capital\/#sdfootnote39anc\">39<\/a>&nbsp;<a href=\"https:\/\/elpais.com\/ideas\/2021-11-07\/estados-unidos-y-la-ue-no-son-democracias-reales.html\">https:\/\/elpais.com\/ideas\/2021-11-07\/estados-unidos-y-la-ue-no-son-democracias-reales.html<\/a><\/p>\n\n\n\n<p><a href=\"https:\/\/kaosenlared.net\/cambios-en-el-paradigma-represivo-del-capital\/#sdfootnote40anc\">40<\/a>&nbsp;Lutz Raphael:&nbsp;<em>Ley y orden.&nbsp;<\/em>Siglo XXI. Madrid 2008, pp. 123-138.<\/p>\n\n\n\n<p><a href=\"https:\/\/kaosenlared.net\/cambios-en-el-paradigma-represivo-del-capital\/#sdfootnote41anc\">41<\/a>&nbsp;<a href=\"https:\/\/elsudamericano.wordpress.com\/2019\/06\/28\/bonapartismo-dictadura-militar-y-fascismo-por-george-novack\/\">https:\/\/elsudamericano.wordpress.com\/2019\/06\/28\/bonapartismo-dictadura-militar-y-fascismo-por-george-novack\/<\/a><\/p>\n\n\n\n<p><a href=\"https:\/\/kaosenlared.net\/cambios-en-el-paradigma-represivo-del-capital\/#sdfootnote42anc\">42<\/a>&nbsp;Donny Gluckstein:&nbsp;<em>La otra historia de la Segunda Guerra Mundial.&nbsp;<\/em>Ariel, Barcelona 2013. Pp. 239-248.<\/p>\n\n\n\n<p><a href=\"https:\/\/kaosenlared.net\/cambios-en-el-paradigma-represivo-del-capital\/#sdfootnote43anc\">43<\/a>&nbsp;Michael Baud:&nbsp;<em>Historia del capitalismo.&nbsp;<\/em>Ariel. Barcelona 1986, p. 290.<\/p>\n\n\n\n<p><a href=\"https:\/\/kaosenlared.net\/cambios-en-el-paradigma-represivo-del-capital\/#sdfootnote44anc\">44<\/a>&nbsp;C. Berzosa,&nbsp;P. Bustelo y J. de la Iglesia:&nbsp;<em>Estructura econ\u00f3mica mundial.&nbsp;<\/em>S\u00edntesis. Madrid 1996, p. 489.<\/p>\n\n\n\n<p><a href=\"https:\/\/kaosenlared.net\/cambios-en-el-paradigma-represivo-del-capital\/#sdfootnote45anc\">45<\/a>&nbsp;Xabier Arrizabalo:&nbsp;<em>Capitalismo y econom\u00eda mundial.&nbsp;<\/em>IME, Madrid 2014, pp. 369-442.<\/p>\n\n\n\n<p><a href=\"https:\/\/kaosenlared.net\/cambios-en-el-paradigma-represivo-del-capital\/#sdfootnote46anc\">46<\/a>&nbsp;Massimo De Angelis: \u00abHayek, Bentham y la m\u00e1quina global de trabajo: la aparici\u00f3n del pan\u00f3ptico fractal\u00bb.&nbsp;<em>El trabajo en debate.&nbsp;<\/em>Herramienta. Buenos Aires. 2009, p. 145.<\/p>\n\n\n\n<p><a href=\"https:\/\/kaosenlared.net\/cambios-en-el-paradigma-represivo-del-capital\/#sdfootnote47anc\">47<\/a>&nbsp;Massimo De Angelis: \u00abHayek, Bentham y la m\u00e1quina global de trabajo: la aparici\u00f3n del pan\u00f3ptico fractal\u00bb.&nbsp;<em>El trabajo en debate.&nbsp;<\/em>Herramienta. Buenos Aires. 2009, pp. 156-157.<\/p>\n\n\n\n<p><a href=\"https:\/\/kaosenlared.net\/cambios-en-el-paradigma-represivo-del-capital\/#sdfootnote48anc\">48<\/a>&nbsp;<a href=\"https:\/\/www.alainet.org\/es\/articulo\/154547?language=es\">https:\/\/www.alainet.org\/es\/articulo\/154547?language=es<\/a><\/p>\n\n\n\n<p><a href=\"https:\/\/kaosenlared.net\/cambios-en-el-paradigma-represivo-del-capital\/#sdfootnote49anc\">49<\/a>&nbsp;<a href=\"https:\/\/herramienta.com.ar\/articulo.php?id=1821\">https:\/\/herramienta.com.ar\/articulo.php?id=1821<\/a><\/p>\n\n\n\n<p><a href=\"https:\/\/kaosenlared.net\/cambios-en-el-paradigma-represivo-del-capital\/#sdfootnote50anc\">50<\/a>&nbsp;<a href=\"https:\/\/www.sinpermiso.info\/textos\/coca-cola-la-lucha-sirve-pero-la-lucha-sigue\">https:\/\/www.sinpermiso.info\/textos\/coca-cola-la-lucha-sirve-pero-la-lucha-sigue<\/a><\/p>\n\n\n\n<p><a href=\"https:\/\/kaosenlared.net\/cambios-en-el-paradigma-represivo-del-capital\/#sdfootnote51anc\">51<\/a>&nbsp;<a href=\"https:\/\/vientosur.info\/alemania-las-educadoras-dicen-no\/\">https:\/\/vientosur.info\/alemania-las-educadoras-dicen-no\/<\/a><\/p>\n\n\n\n<p><a href=\"https:\/\/kaosenlared.net\/cambios-en-el-paradigma-represivo-del-capital\/#sdfootnote52anc\">52<\/a>&nbsp;<a href=\"https:\/\/www.cadtm.org\/Nuevas-luchas-sindicales-en-la\">https:\/\/www.cadtm.org\/Nuevas-luchas-sindicales-en-la<\/a><\/p>\n\n\n\n<p><a href=\"https:\/\/kaosenlared.net\/cambios-en-el-paradigma-represivo-del-capital\/#sdfootnote53anc\">53<\/a>&nbsp;<a href=\"https:\/\/viacampesina.org\/es\/la-internacional-dias-se-llama-la-via-campesina\/\">https:\/\/viacampesina.org\/es\/la-internacional-dias-se-llama-la-via-campesina\/<\/a><\/p>\n\n\n\n<p><a href=\"https:\/\/kaosenlared.net\/cambios-en-el-paradigma-represivo-del-capital\/#sdfootnote54anc\">54<\/a>&nbsp;<a href=\"https:\/\/blogs.publico.es\/la-soledad-del-corredor-de-fondo\/2017\/08\/31\/de-kellys-riders-y-subcontratas-el-nuevo-sindicalismo-y-la-condicion-precaria\/\">https:\/\/blogs.publico.es\/la-soledad-del-corredor-de-fondo\/2017\/08\/31\/de-kellys-riders-y-subcontratas-el-nuevo-sindicalismo-y-la-condicion-precaria\/<\/a><\/p>\n\n\n\n<p><a href=\"https:\/\/kaosenlared.net\/cambios-en-el-paradigma-represivo-del-capital\/#sdfootnote55anc\">55<\/a>&nbsp;<a href=\"https:\/\/www.resumenlatinoamericano.org\/2021\/11\/12\/colombia-estados-unidos-se-reacomoda-geopoliticamente-sin-el-uribismo\/\">https:\/\/www.resumenlatinoamericano.org\/2021\/11\/12\/colombia-estados-unidos-se-reacomoda-geopoliticamente-sin-el-uribismo\/<\/a><\/p>\n\n\n\n<p><a href=\"https:\/\/kaosenlared.net\/cambios-en-el-paradigma-represivo-del-capital\/#sdfootnote56anc\">56<\/a>&nbsp;<a href=\"https:\/\/www.sinpermiso.info\/textos\/los-trabajadores-son-el-corazon-del-algoritmo-el-nuevo-capitalismo-digital-entrevista\">https:\/\/www.sinpermiso.info\/textos\/los-trabajadores-son-el-corazon-del-algoritmo-el-nuevo-capitalismo-digital-entrevista<\/a><\/p>\n\n\n\n<p><a href=\"https:\/\/kaosenlared.net\/cambios-en-el-paradigma-represivo-del-capital\/#sdfootnote57anc\">57<\/a>&nbsp;<a href=\"https:\/\/vientosur.info\/estados-unidos-la-gran-huelga-de-2021\/\">https:\/\/vientosur.info\/estados-unidos-la-gran-huelga-de-2021\/<\/a><\/p>\n\n\n\n<p><a href=\"https:\/\/kaosenlared.net\/cambios-en-el-paradigma-represivo-del-capital\/#sdfootnote58anc\">58<\/a>&nbsp;<a href=\"https:\/\/www.elsaltodiario.com\/analisis\/posible-vuelta-chalecos-amarillos\">https:\/\/www.elsaltodiario.com\/analisis\/posible-vuelta-chalecos-amarillos<\/a><\/p>\n\n\n\n<p><a href=\"https:\/\/kaosenlared.net\/cambios-en-el-paradigma-represivo-del-capital\/#sdfootnote59anc\">59<\/a>&nbsp;<a href=\"https:\/\/www.resumenlatinoamericano.org\/2018\/09\/13\/los-sindicatos-britanicos-reivindican-una-semana-laboral-de-cuatro-dias-sin-reduccion-de-salario\/\">https:\/\/www.resumenlatinoamericano.org\/2018\/09\/13\/los-sindicatos-britanicos-reivindican-una-semana-laboral-de-cuatro-dias-sin-reduccion-de-salario\/<\/a><\/p>\n\n\n\n<p><a href=\"https:\/\/kaosenlared.net\/cambios-en-el-paradigma-represivo-del-capital\/#sdfootnote60anc\">60<\/a>&nbsp;<a href=\"https:\/\/www.wsws.org\/es\/articles\/2019\/11\/25\/hola-n25.html\">https:\/\/www.wsws.org\/es\/articles\/2019\/11\/25\/hola-n25.html<\/a><\/p>\n\n\n\n<p><a href=\"https:\/\/kaosenlared.net\/cambios-en-el-paradigma-represivo-del-capital\/#sdfootnote61anc\">61<\/a>&nbsp;<a href=\"https:\/\/kaosenlared.net\/la-reformacion-de-la-clase-obrera\/\">https:\/\/kaosenlared.net\/la-reformacion-de-la-clase-obrera\/<\/a><\/p>\n\n\n\n<p><a href=\"https:\/\/kaosenlared.net\/cambios-en-el-paradigma-represivo-del-capital\/#sdfootnote62anc\">62<\/a>&nbsp;<a href=\"https:\/\/blogs.publico.es\/vicenc-navarro\/2021\/11\/15\/por-que-la-ultraderecha-esta-creciendo-a-los-dos-lados-del-atlantico-norte\/\">https:\/\/blogs.publico.es\/vicenc-navarro\/2021\/11\/15\/por-que-la-ultraderecha-esta-creciendo-a-los-dos-lados-del-atlantico-norte\/<\/a><\/p>\n\n\n\n<p><a href=\"https:\/\/kaosenlared.net\/cambios-en-el-paradigma-represivo-del-capital\/#sdfootnote63anc\">63<\/a>&nbsp;<a href=\"https:\/\/mpr21.info\/los-trabajadores-de-hollywood-estan-decepcionados-con-el-acuerdo-firmado-por-el-sindicato\/\">https:\/\/mpr21.info\/los-trabajadores-de-hollywood-estan-decepcionados-con-el-acuerdo-firmado-por-el-sindicato\/<\/a><\/p>\n\n\n\n<p><a href=\"https:\/\/kaosenlared.net\/cambios-en-el-paradigma-represivo-del-capital\/#sdfootnote64anc\">64<\/a>&nbsp;<a href=\"https:\/\/kaosenlared.net\/guggenheim-bilbao-el-museo-de-las-subcontratas-el-museo-de-la-precariedad\/\">https:\/\/kaosenlared.net\/guggenheim-bilbao-el-museo-de-las-subcontratas-el-museo-de-la-precariedad\/<\/a><\/p>\n\n\n\n<p><a href=\"https:\/\/kaosenlared.net\/cambios-en-el-paradigma-represivo-del-capital\/#sdfootnote65anc\">65<\/a>&nbsp;<a href=\"https:\/\/vientosur.info\/ee-uu-por-que-el-personal-del-almacen-de-amazon-en-bessemer-alabama-no-quiere-sindicarse\/\">https:\/\/vientosur.info\/ee-uu-por-que-el-personal-del-almacen-de-amazon-en-bessemer-alabama-no-quiere-sindicarse\/<\/a><\/p>\n\n\n\n<p><a href=\"https:\/\/kaosenlared.net\/cambios-en-el-paradigma-represivo-del-capital\/#sdfootnote66anc\">66<\/a>&nbsp;<a href=\"https:\/\/www.wsws.org\/es\/articles\/2021\/09\/11\/pers-s11.html\">https:\/\/www.wsws.org\/es\/articles\/2021\/09\/11\/pers-s11.html<\/a><\/p>\n\n\n\n<p><a href=\"https:\/\/kaosenlared.net\/cambios-en-el-paradigma-represivo-del-capital\/#sdfootnote67anc\">67<\/a>&nbsp;<a href=\"https:\/\/prensaobrera.com\/internacionales\/sudafrica-la-gran-huelga-del-acero-entra-en-su-tercera-semana\/\">https:\/\/prensaobrera.com\/internacionales\/sudafrica-la-gran-huelga-del-acero-entra-en-su-tercera-semana\/<\/a><\/p>\n\n\n\n<p><a href=\"https:\/\/kaosenlared.net\/cambios-en-el-paradigma-represivo-del-capital\/#sdfootnote68anc\">68<\/a>&nbsp;<a href=\"https:\/\/www.izquierdadiario.es\/Luchas-de-mujeres-por-la-vivienda-ayer-y-hoy\">https:\/\/www.izquierdadiario.es\/Luchas-de-mujeres-por-la-vivienda-ayer-y-hoy<\/a><\/p>\n\n\n\n<p><a href=\"https:\/\/kaosenlared.net\/cambios-en-el-paradigma-represivo-del-capital\/#sdfootnote69anc\">69<\/a>&nbsp;<a href=\"https:\/\/www.elsaltodiario.com\/vivienda\/millon-ciudadanos-berlin-votan-referendum-expropiar-grandes-inmobiliarias\">https:\/\/www.elsaltodiario.com\/vivienda\/millon-ciudadanos-berlin-votan-referendum-expropiar-grandes-inmobiliarias<\/a><\/p>\n\n\n\n<p><a href=\"https:\/\/kaosenlared.net\/cambios-en-el-paradigma-represivo-del-capital\/#sdfootnote70anc\">70<\/a>&nbsp;<a href=\"https:\/\/www.pressenza.com\/es\/2021\/02\/india-250-millones-de-agricultores-y-trabajadores-del-campo-en-huelga-masiva-i\/\">https:\/\/www.pressenza.com\/es\/2021\/02\/india-250-millones-de-agricultores-y-trabajadores-del-campo-en-huelga-masiva-i\/<\/a><\/p>\n\n\n\n<p><a href=\"https:\/\/kaosenlared.net\/cambios-en-el-paradigma-represivo-del-capital\/#sdfootnote71anc\">71<\/a>&nbsp;<a href=\"https:\/\/mpr21.info\/la-pandemia-ha-conducido-a-australia-al-terrorismo-de-estado\/\">https:\/\/mpr21.info\/la-pandemia-ha-conducido-a-australia-al-terrorismo-de-estado\/<\/a><\/p>\n\n\n\n<p><a href=\"https:\/\/kaosenlared.net\/cambios-en-el-paradigma-represivo-del-capital\/#sdfootnote72anc\">72<\/a>&nbsp;<a href=\"https:\/\/diario-octubre.com\/2021\/05\/03\/por-que-reino-unido-esta-otorgando-enormes-poderes-de-censura-a-los-gigantes-tecnologicos-para-controlar-lo-que-escribimos-y-decimos\/\">https:\/\/diario-octubre.com\/2021\/05\/03\/por-que-reino-unido-esta-otorgando-enormes-poderes-de-censura-a-los-gigantes-tecnologicos-para-controlar-lo-que-escribimos-y-decimos\/<\/a><\/p>\n\n\n\n<p><a href=\"https:\/\/kaosenlared.net\/cambios-en-el-paradigma-represivo-del-capital\/#sdfootnote73anc\">73<\/a>&nbsp;<a href=\"https:\/\/www.resumenlatinoamericano.org\/2021\/11\/14\/israel-derrotas-consecutivas-razon-detras-de-renuncias-en-mossad-israeli\/\">https:\/\/www.resumenlatinoamericano.org\/2021\/11\/14\/israel-derrotas-consecutivas-razon-detras-de-renuncias-en-mossad-israeli\/<\/a><\/p>\n\n\n\n<p><a href=\"https:\/\/kaosenlared.net\/cambios-en-el-paradigma-represivo-del-capital\/#sdfootnote74anc\">74<\/a>&nbsp;<a href=\"https:\/\/www.resumenlatinoamericano.org\/2021\/07\/06\/estado-espanol-una-ley-mas-que-polemica-todos-los-mayores-de-edad-podran-ser-movilizados-en-caso-de-crisis\/\">https:\/\/www.resumenlatinoamericano.org\/2021\/07\/06\/estado-espanol-una-ley-mas-que-polemica-todos-los-mayores-de-edad-podran-ser-movilizados-en-caso-de-crisis\/<\/a><\/p>\n\n\n\n<p><a href=\"https:\/\/kaosenlared.net\/cambios-en-el-paradigma-represivo-del-capital\/#sdfootnote75anc\">75<\/a>&nbsp;<a href=\"https:\/\/www.eldiario.es\/politica\/consejo-europa-alerta-malos-tratos-carceles-comisarias-espanolas_1_8472015.html\">https:\/\/www.eldiario.es\/politica\/consejo-europa-alerta-malos-tratos-carceles-comisarias-espanolas_1_8472015.html<\/a><\/p>\n\n\n\n<p><a href=\"https:\/\/kaosenlared.net\/cambios-en-el-paradigma-represivo-del-capital\/#sdfootnote76anc\">76<\/a>&nbsp;<a href=\"https:\/\/ctxt.es\/es\/20211101\/Firmas\/37764\/policia-impunidad-estado-derecho-magistrados.htm\">https:\/\/ctxt.es\/es\/20211101\/Firmas\/37764\/policia-impunidad-estado-derecho-magistrados.htm<\/a><\/p>\n\n\n\n<p><a href=\"https:\/\/kaosenlared.net\/cambios-en-el-paradigma-represivo-del-capital\/#sdfootnote77anc\">77<\/a>&nbsp;<a href=\"https:\/\/www.eldiario.es\/opinion\/tribuna-abierta\/modelo-policial-cuentos-pendientes_129_8476758.html\">https:\/\/www.eldiario.es\/opinion\/tribuna-abierta\/modelo-policial-cuentos-pendientes_129_8476758.html<\/a><\/p>\n\n\n\n<p><a href=\"https:\/\/kaosenlared.net\/cambios-en-el-paradigma-represivo-del-capital\/#sdfootnote78anc\">78<\/a>&nbsp;<a href=\"https:\/\/www.lahaine.org\/est_espanol.php\/las-grandes-mentiras-de-marlaska\">https:\/\/www.lahaine.org\/est_espanol.php\/las-grandes-mentiras-de-marlaska<\/a><\/p>\n\n\n\n<p><a href=\"https:\/\/kaosenlared.net\/cambios-en-el-paradigma-represivo-del-capital\/#sdfootnote79anc\">79<\/a>&nbsp;<a href=\"https:\/\/elpais.com\/opinion\/2021-11-13\/por-que-aumentan-las-protestas-y-el-descontento-social.html\">https:\/\/elpais.com\/opinion\/2021-11-13\/por-que-aumentan-las-protestas-y-el-descontento-social.html<\/a><\/p>\n\n\n\n<p><a href=\"https:\/\/kaosenlared.net\/cambios-en-el-paradigma-represivo-del-capital\/#sdfootnote80anc\">80<\/a>&nbsp;<a href=\"https:\/\/www.muycomputer.com\/2021\/07\/09\/chatcontrol-paso-atras-privacidad\/\">https:\/\/www.muycomputer.com\/2021\/07\/09\/chatcontrol-paso-atras-privacidad\/<\/a><\/p>\n\n\n\n<p><a href=\"https:\/\/kaosenlared.net\/cambios-en-el-paradigma-represivo-del-capital\/#sdfootnote81anc\">81<\/a>&nbsp;<a href=\"https:\/\/www.publico.es\/internacional\/ue-destinara-12-800-millones-euros-hasta-2027-controlar-fronteras-y-aumentar-capacidad-frontex.html\">https:\/\/www.publico.es\/internacional\/ue-destinara-12-800-millones-euros-hasta-2027-controlar-fronteras-y-aumentar-capacidad-frontex.html<\/a><\/p>\n\n\n\n<p><a href=\"https:\/\/kaosenlared.net\/cambios-en-el-paradigma-represivo-del-capital\/#sdfootnote82anc\">82<\/a>&nbsp;Gabriel Kessler:&nbsp;<em>El sentimiento de inseguridad.&nbsp;<\/em>Siglo XXI, Argentina, 2009. P. 188.<\/p>\n\n\n\n<p><a href=\"https:\/\/kaosenlared.net\/cambios-en-el-paradigma-represivo-del-capital\/#sdfootnote83anc\">83<\/a>&nbsp;Dar\u00edo Melossi:&nbsp;<em>Controlar el delito, controlar la sociedad.&nbsp;<\/em>Siglo XXI, Argentina 2018, pp. 301 y ss.<\/p>\n\n\n\n<p><a href=\"https:\/\/kaosenlared.net\/cambios-en-el-paradigma-represivo-del-capital\/#sdfootnote84anc\">84<\/a>&nbsp;<a href=\"https:\/\/elsudamericano.wordpress.com\/2020\/09\/06\/las-nuevas-reglas-de-la-guerra-la-victoria-en-epocas-de-desorden-los-modelos-geopoliticos-de-injerencia-y-su-impacto-en-america-latina\/\">https:\/\/elsudamericano.wordpress.com\/2020\/09\/06\/las-nuevas-reglas-de-la-guerra-la-victoria-en-epocas-de-desorden-los-modelos-geopoliticos-de-injerencia-y-su-impacto-en-america-latina\/<\/a><\/p>\n\n\n\n<p><a href=\"https:\/\/kaosenlared.net\/cambios-en-el-paradigma-represivo-del-capital\/#sdfootnote85anc\">85<\/a>&nbsp;<a href=\"https:\/\/www.psicoactiva.com\/blog\/las-10-estrategias-manipulacion-sylvain-timsit\/\">https:\/\/www.psicoactiva.com\/blog\/las-10-estrategias-manipulacion-sylvain-timsit\/<\/a><\/p>\n\n\n\n<p><a href=\"https:\/\/kaosenlared.net\/cambios-en-el-paradigma-represivo-del-capital\/#sdfootnote86anc\">86<\/a>&nbsp;Richard Dawkins: \u00ab\u00bfQui\u00e9n acudir\u00eda a un mitin en contra de la raz\u00f3n\u00bb&nbsp;<em>La ciencia en el alma.&nbsp;<\/em>Espasa. Barcelona 2019, pp. 367-371.<\/p>\n\n\n\n<p><a href=\"https:\/\/kaosenlared.net\/cambios-en-el-paradigma-represivo-del-capital\/#sdfootnote87anc\">87<\/a>&nbsp;<a href=\"https:\/\/elpais.com\/internacional\/2021-11-10\/el-empuje-electoral-del-ultra-zemmour-en-francia-desestabiliza-a-la-derecha-historica.html\">https:\/\/elpais.com\/internacional\/2021-11-10\/el-empuje-electoral-del-ultra-zemmour-en-francia-desestabiliza-a-la-derecha-historica.html<\/a><\/p>\n\n\n\n<p><a href=\"https:\/\/kaosenlared.net\/cambios-en-el-paradigma-represivo-del-capital\/#sdfootnote88anc\">88<\/a>&nbsp;<a href=\"https:\/\/es.internationalism.org\/content\/4736\/luchas-obreras-en-estados-unidos-iran-italia-corea-ni-la-pandemia-ni-la-crisisn\">https:\/\/es.internationalism.org\/content\/4736\/luchas-obreras-en-estados-unidos-iran-italia-corea-ni-la-pandemia-ni-la-crisisn<\/a><\/p>\n\n\n\n<p><a href=\"https:\/\/kaosenlared.net\/cambios-en-el-paradigma-represivo-del-capital\/#sdfootnote89anc\">89<\/a>&nbsp;Pilar Calveiro:&nbsp;<em>Violencias de estado.&nbsp;<\/em>Siglo XXI. Argentina 2012, pp. 304-305.<\/p>\n\n\n\n<p><a href=\"https:\/\/kaosenlared.net\/cambios-en-el-paradigma-represivo-del-capital\/#sdfootnote90anc\">90<\/a>&nbsp;<a href=\"https:\/\/mpr21.info\/facebook-contrata-al-ex-oficial-de-prensa-de-la-otan-como-su-jefe-de-inteligencia\/\">https:\/\/mpr21.info\/facebook-contrata-al-ex-oficial-de-prensa-de-la-otan-como-su-jefe-de-inteligencia\/<\/a><\/p>\n\n\n\n<p><a href=\"https:\/\/kaosenlared.net\/cambios-en-el-paradigma-represivo-del-capital\/#sdfootnote91anc\">91<\/a>&nbsp;<a href=\"https:\/\/actualidad.rt.com\/actualidad\/391453-14-personas-llaves-seguridad-internet-mundo\">https:\/\/actualidad.rt.com\/actualidad\/391453-14-personas-llaves-seguridad-internet-mundo<\/a><\/p>\n\n\n\n<p><a href=\"https:\/\/kaosenlared.net\/cambios-en-el-paradigma-represivo-del-capital\/#sdfootnote92anc\">92<\/a>&nbsp;<a href=\"https:\/\/elsudamericano.wordpress.com\/2011\/10\/19\/la-fundacion-ford-y-la-cia\/\">https:\/\/elsudamericano.wordpress.com\/2011\/10\/19\/la-fundacion-ford-y-la-cia\/<\/a><\/p>\n\n\n\n<p><a href=\"https:\/\/kaosenlared.net\/cambios-en-el-paradigma-represivo-del-capital\/#sdfootnote93anc\">93<\/a>&nbsp;<a href=\"https:\/\/rebelion.org\/el-imperio-facebook\/\">https:\/\/rebelion.org\/el-imperio-facebook\/<\/a><\/p>\n\n\n\n<p><a href=\"https:\/\/kaosenlared.net\/cambios-en-el-paradigma-represivo-del-capital\/#sdfootnote94anc\">94<\/a><a href=\"https:\/\/marxismocritico.files.wordpress.com\/2016\/01\/la-dictadura-del-videoclip-adelanto-para-me.pdf\">https:\/\/marxismocritico.files.wordpress.com\/2016\/01\/la-dictadura-del-videoclip-adelanto-para-me.pdf<\/a><\/p>\n\n\n\n<p><a href=\"https:\/\/kaosenlared.net\/cambios-en-el-paradigma-represivo-del-capital\/#sdfootnote95anc\">95<\/a>&nbsp;<a href=\"https:\/\/canarias-semanal.org\/art\/31465\/la-otan-y-su-nueva-guerra-cognitiva\">https:\/\/canarias-semanal.org\/art\/31465\/la-otan-y-su-nueva-guerra-cognitiva<\/a><\/p>\n\n\n\n<p><a href=\"https:\/\/kaosenlared.net\/cambios-en-el-paradigma-represivo-del-capital\/#sdfootnote96anc\">96<\/a>&nbsp;<a href=\"https:\/\/kaosenlared.net\/la-guerra-cognitiva-mundial-afecta-a-las-sociedades-globalizadas-y-provoca-situaciones-s-a-d-i-iii\/\">https:\/\/kaosenlared.net\/la-guerra-cognitiva-mundial-afecta-a-las-sociedades-globalizadas-y-provoca-situaciones-s-a-d-i-iii\/<\/a><\/p>\n\n\n\n<p><a href=\"https:\/\/kaosenlared.net\/cambios-en-el-paradigma-represivo-del-capital\/#sdfootnote97anc\">97<\/a>&nbsp;<a href=\"https:\/\/mpr21.info\/canada-realizo-experimentos-sobre-desnutricion-con-los-ninos-indigenas-de-los-internados-catolicos\/\">https:\/\/mpr21.info\/canada-realizo-experimentos-sobre-desnutricion-con-los-ninos-indigenas-de-los-internados-catolicos\/<\/a><\/p>\n\n\n\n<p><a href=\"https:\/\/kaosenlared.net\/cambios-en-el-paradigma-represivo-del-capital\/#sdfootnote98anc\">98<\/a>&nbsp;<a href=\"https:\/\/rebelion.org\/como-usa-israel-el-reconocimiento-facial-para-monitorear-ciudadanos-palestinos\/\">https:\/\/rebelion.org\/como-usa-israel-el-reconocimiento-facial-para-monitorear-ciudadanos-palestinos\/<\/a><\/p>\n\n\n\n<p><a href=\"https:\/\/kaosenlared.net\/cambios-en-el-paradigma-represivo-del-capital\/#sdfootnote99anc\">99<\/a>&nbsp;<a href=\"https:\/\/www.elsaltodiario.com\/el-blog-de-el-salto\/psiquiatria-mercantilizacion-malestar\">https:\/\/www.elsaltodiario.com\/el-blog-de-el-salto\/psiquiatria-mercantilizacion-malestar<\/a><\/p>\n\n\n\n<p><a href=\"https:\/\/kaosenlared.net\/cambios-en-el-paradigma-represivo-del-capital\/#sdfootnote100anc\">100<\/a>&nbsp;<a href=\"https:\/\/www.elsaltodiario.com\/orange\/france-telecom-condenada-acoso-laboral-masivo-19-suicidios\">https:\/\/www.elsaltodiario.com\/orange\/france-telecom-condenada-acoso-laboral-masivo-19-suicidios<\/a><\/p>\n\n\n\n<p><a href=\"https:\/\/kaosenlared.net\/cambios-en-el-paradigma-represivo-del-capital\/#sdfootnote101anc\">101<\/a>&nbsp;<a href=\"https:\/\/www.publico.es\/sociedad\/maximo-historico-suicidios-primer-ano-pandemia-11-personas-dia-quitaron-vida-2020.html\">https:\/\/www.publico.es\/sociedad\/maximo-historico-suicidios-primer-ano-pandemia-11-personas-dia-quitaron-vida-2020.html<\/a><\/p>\n\n\n\n<p><a href=\"https:\/\/kaosenlared.net\/cambios-en-el-paradigma-represivo-del-capital\/#sdfootnote102anc\">102<\/a>&nbsp;Ricardo Antunes: \u00abMarx y las formas actuales de alienaci\u00f3n: las cosificaciones inocentes y las cosificaciones extra\u00f1adas\u00bb.&nbsp;<em>De regreso a Marx.&nbsp;<\/em>Bellaterra. Manresa 2020, pp. 159-176.<\/p>\n\n\n\n<p><a href=\"https:\/\/kaosenlared.net\/cambios-en-el-paradigma-represivo-del-capital\/#sdfootnote103anc\">103<\/a>&nbsp;Andrew Kliman:&nbsp;<em>Reivindicando El Capital de Marx. Una refutaci\u00f3n del mito de su incoherencia.&nbsp;<\/em>El Viejo Topo. Barcelona. 2020. P. 170.<\/p>\n\n\n\n<p><a href=\"https:\/\/kaosenlared.net\/cambios-en-el-paradigma-represivo-del-capital\/#sdfootnote104anc\">104<\/a>&nbsp;<a href=\"https:\/\/blogs.publico.es\/dominiopublico\/41097\/el-progresismo-necesita-una-revolucion-pero-espana-una-reforma\/\">https:\/\/blogs.publico.es\/dominiopublico\/41097\/el-progresismo-necesita-una-revolucion-pero-espana-una-reforma\/<\/a><\/p>\n\n\n\n<p><a href=\"https:\/\/kaosenlared.net\/cambios-en-el-paradigma-represivo-del-capital\/#sdfootnote105anc\">105<\/a>&nbsp;<a href=\"https:\/\/www.eldiario.es\/sociedad\/ultima-hora-coronavirus-actualidad-politica-12-noviembre_6_8482795_1081009.html\">https:\/\/www.eldiario.es\/sociedad\/ultima-hora-coronavirus-actualidad-politica-12-noviembre_6_8482795_1081009.html<\/a><\/p>\n","protected":false},"excerpt":{"rendered":"<p>I\u00f1aki Gil de San Vicente Fuente: Kaos en la Red \u00abDesde la mitad del tercer milenio en adelante, \u00e9poca del rey medio m\u00edtico sumerio Lugalannemundu, la conquista, o mejor, las invasiones por bot\u00edn contra los vecinos m\u00e1s d\u00e9biles forma una parte inherente de la pol\u00edtica exterior de cada reino, dentro y alrededor de Mesopotamia [\u2026] [&hellip;]<\/p>\n","protected":false},"author":1,"featured_media":1005,"comment_status":"open","ping_status":"open","sticky":false,"template":"","format":"standard","meta":{"footnotes":""},"categories":[4],"tags":[],"_links":{"self":[{"href":"http:\/\/www.movimientocaamanista.com\/index.php?rest_route=\/wp\/v2\/posts\/5576"}],"collection":[{"href":"http:\/\/www.movimientocaamanista.com\/index.php?rest_route=\/wp\/v2\/posts"}],"about":[{"href":"http:\/\/www.movimientocaamanista.com\/index.php?rest_route=\/wp\/v2\/types\/post"}],"author":[{"embeddable":true,"href":"http:\/\/www.movimientocaamanista.com\/index.php?rest_route=\/wp\/v2\/users\/1"}],"replies":[{"embeddable":true,"href":"http:\/\/www.movimientocaamanista.com\/index.php?rest_route=%2Fwp%2Fv2%2Fcomments&post=5576"}],"version-history":[{"count":1,"href":"http:\/\/www.movimientocaamanista.com\/index.php?rest_route=\/wp\/v2\/posts\/5576\/revisions"}],"predecessor-version":[{"id":5577,"href":"http:\/\/www.movimientocaamanista.com\/index.php?rest_route=\/wp\/v2\/posts\/5576\/revisions\/5577"}],"wp:featuredmedia":[{"embeddable":true,"href":"http:\/\/www.movimientocaamanista.com\/index.php?rest_route=\/wp\/v2\/media\/1005"}],"wp:attachment":[{"href":"http:\/\/www.movimientocaamanista.com\/index.php?rest_route=%2Fwp%2Fv2%2Fmedia&parent=5576"}],"wp:term":[{"taxonomy":"category","embeddable":true,"href":"http:\/\/www.movimientocaamanista.com\/index.php?rest_route=%2Fwp%2Fv2%2Fcategories&post=5576"},{"taxonomy":"post_tag","embeddable":true,"href":"http:\/\/www.movimientocaamanista.com\/index.php?rest_route=%2Fwp%2Fv2%2Ftags&post=5576"}],"curies":[{"name":"wp","href":"https:\/\/api.w.org\/{rel}","templated":true}]}}