{"id":5597,"date":"2021-11-27T01:26:09","date_gmt":"2021-11-27T01:26:09","guid":{"rendered":"http:\/\/www.movimientocaamanista.com\/?p=5597"},"modified":"2021-11-27T01:26:10","modified_gmt":"2021-11-27T01:26:10","slug":"celda-12-control","status":"publish","type":"post","link":"http:\/\/www.movimientocaamanista.com\/?p=5597","title":{"rendered":"Celda 12, \u00a1control!"},"content":{"rendered":"\n<p>Mart\u00edn Almada<\/p>\n\n\n\n<p>Fuente: <a href=\"https:\/\/rebelion.org\/celda-12-control-2\/\">Rebeli\u00f3n<\/a><\/p>\n\n\n\n<p>Con este grito me despertaron una madrugada de 1977 en el campo de concentraci\u00f3n de Emboscada, a 45 km. de Asunci\u00f3n. Eran las cinco de la ma\u00f1ana y hacia fr\u00edo dentro de aquella monta\u00f1a donde se hab\u00eda construido un cuartel tipo feudal. Era durante el gobierno de \u201cPaz y progreso sin comunismo\u201d del dictador Alfredo Stroessner.<\/p>\n\n\n\n<p>Un sargento de car\u00e1cter brutal nos orden\u00f3 ponernos de pie, pas\u00f3 lista de los prisioneros pol\u00edticos y a continuaci\u00f3n nos orden\u00f3 volver a nuestros respectivos lugares. Yo estaba sentado en una esquina de la mugrienta celda 12, que compart\u00eda con otros 45 prisioneros, y envuelto en una vieja frazada trataba de comprender la situaci\u00f3n. Miraba los barrotes de aquella celda y no me resignaba a aceptar la realidad. Contemplaba, sin acabar de entender la raz\u00f3n del porqu\u00e9 estaba entre ellos, aquellos hombres que se acurrucaban para defenderse de la baja temperatura y que estaban acusados de ser comunistas, es decir de ser, nada m\u00e1s y nada menos, que enemigos de la civilizaci\u00f3n occidental y cristiana, contra la que atentaban intentando acabar con ella.<\/p>\n\n\n\n<p>La celda 12 estaba destinada exclusivamente a estos prisioneros. Gente que pensaba que, ciertamente, Darwin descubri\u00f3 la ley de la evoluci\u00f3n de la naturaleza y que Marx descubri\u00f3 la ley de la evoluci\u00f3n de la historia. Gente que ten\u00eda una clara conciencia de las injusticias sociales y que luchaba contra la dictadura y por una sociedad m\u00e1s igualitaria. En el campo de concentraci\u00f3n \u00e9ramos m\u00e1s de 400 prisioneros, y para evitar la contaminaci\u00f3n ideol\u00f3gica, los de la celda 12 ten\u00edamos horarios diferentes, sobre todo en los momentos destinados a los recreos.<\/p>\n\n\n\n<p>Supuestamente, en la celda 12 est\u00e1bamos recluidos la flor y nata del marxismo-leninismo, con trotskistas, mao\u00edstas, Ligas agrarias campesinas, Teolog\u00eda de la Liberaci\u00f3n, independientes, liberales, Organizaci\u00f3n Pol\u00edtica-Militar (OPM),, Febreristas (Socialistas), Partido Obrero Revolucionario Armado&nbsp; (PORA),etc.&nbsp;<\/p>\n\n\n\n<p>Yo pertenec\u00eda al Movimiento Popular Colorado (MOPOCO), de orientaci\u00f3n reformista. El objetivo principal de mi lucha era mejorar la condici\u00f3n econ\u00f3mica y social de los trabajadores del magisterio, consiguiendo un salario digno y una vivienda igualmente digna. Como parte de la lucha por dignificar la educaci\u00f3n aplicamos en mi Escuela Alberdi, en San Lorenzo, la metodolog\u00eda de la educaci\u00f3n liberadora de Paulo Freire, cuya base era el materialismo dial\u00e9ctico, m\u00e9todo de pensamiento que se aplica a los problemas sociales en el proceso de transformaci\u00f3n de la sociedad. Finalmente, y por iron\u00edas del destino, cuando de este infierno la mayor\u00eda hab\u00edamos adoptado las ideas socialistas. Nos hab\u00edamos convertido en socialistas por contaminaci\u00f3n.<\/p>\n\n\n\n<p>Recuerdo que, durante aquel control, como otras muchas veces, hubo un intenso barullo al que sigui\u00f3, impuesto por los guardias, un silencio inquietante. El silencio de las c\u00e1rceles es un silencio m\u00e1s intenso que los silencios normales. Un silencio siempre acompa\u00f1ado por la angustia que generan los pensamientos del preso. Entre mis pensamientos, por ejemplo, siempre ten\u00eda presente a mi hija Celeste, de 7 a\u00f1os. En vez de asistir a la escuela estaba en la celda de las mujeres sufriendo el frio igual que nosotros. Por suerte, en su misma celda estaba la heroica luchadora contra la dictadura de Stroessner, la Dra. Gladys M. de Sanneman, hecho que me tranquilizaba, convencido que la proteger\u00eda de cualquier eventualidad.<\/p>\n\n\n\n<p>Aproximadamente a las seis nos reunieron, como cada d\u00eda, en el comedor, bajo la sombra de un frondoso \u00e1rbol de \u201cGuapo y\u201d&nbsp; bajo la atenta mirada del tristemente famoso coronel Jos\u00e9 F\u00e9lix Grau, conocido como el \u201ccarnicero de la muerte\u201d, comandante de la prisi\u00f3n. A su lado el jefe de la guardia, mayor Fidel Larramendia, gordito \u00e9l, y de tan baja estatura que su sable de acero, muy largo, tocaba el suelo produciendo un particular y continuado ruido&nbsp; met\u00e1lico.<\/p>\n\n\n\n<p>Con Celeste, mi hija, nos instalamos en la cola del desayuno para poder conversar muy discretamente como pas\u00f3 &nbsp;la noche&nbsp; en la celda de las mujeres.. El desayuno era servido en un jarro de lata con mate cocido negro con tres galletas \u201ctipo cuartel\u201d, es decir, duras como una piedra. El mate cocido ten\u00eda un gusto de nafta debido a que el agua que un burrito tra\u00eda hasta la prisi\u00f3n proced\u00eda del contaminado r\u00edo Piribebuy &nbsp;y lo transportaba en un recipiente vaci\u00f3 de nafta de la marca Shell de 200 litros. Hasta nuestras tripas sent\u00edamos pues al Imperio.<\/p>\n\n\n\n<p>Compart\u00ed el desayuno con Celeste, que hab\u00eda venido envuelta en una frazada acompa\u00f1ada de la Dra. Sanneman. Me dio un fuerte abrazo y nos dispusimos a probar aquel infecto desayuno. Not\u00e9 al instante que no le gustaba en absoluto, pero ten\u00edamos tanta hambre atrasada que no ten\u00edamos m\u00e1s opci\u00f3n que tomarlo. O Shell o nada, o Shell o Esso, marcas preferidas en Paraguay para los lujosos veh\u00edculos de los poderosos.&nbsp;<\/p>\n\n\n\n<p>Al poco rato el sargento orden\u00f3: \u00a1Cada uno a su celda!<\/p>\n\n\n\n<p>Cuando volvimos a la celda varios de mis compa\u00f1eros se volvieron a dormir, a pesar que se sent\u00eda en el ambiente el fuerte olor de la nafta. Record\u00e9 entonces un anuncio&nbsp; comercial que o\u00eda frecuente por la radio: \u201cPonga nafta Shell, un tigre en su motor\u201d, aunque nunca pens\u00e9 al o\u00edrlo que, efectivamente, cargar\u00edamos ese veneno en nuestro motor estomacal, cosa que nos provocaba permanentes diarreas.&nbsp;&nbsp;&nbsp;&nbsp;&nbsp;&nbsp;&nbsp;&nbsp;&nbsp;&nbsp;&nbsp;&nbsp;&nbsp;&nbsp;&nbsp; &nbsp;&nbsp;&nbsp;&nbsp;&nbsp;&nbsp;&nbsp;&nbsp;<\/p>\n\n\n\n<p>Yo intent\u00e9 tambi\u00e9n dormir, pero en mis o\u00eddos resonaba todav\u00eda el grito del sargento, un analfabeto seguramente entrenado en t\u00e9cnicas de tortura en la Escuela de las Am\u00e9ricas, en la zona del Canal de Panam\u00e1: Celda 12, \u00a1Control!. Aquel grito me resultaba familiar, estaba seguro que lo hab\u00eda dio antes. \u00bfCu\u00e1ndo? \u00bfDonde? Me puse a pensar hasta que me di cuenta de que lo que me era familiar no eran los t\u00e9rminos sino el volumen de la voz, la expresi\u00f3n de la prepotencia militar\/policial propia del poder&nbsp;dictatorial.&nbsp;&nbsp;&nbsp;&nbsp;&nbsp;&nbsp;&nbsp;<\/p>\n\n\n\n<p>&nbsp;La historia de esta pesadilla hab\u00eda empezado tres a\u00f1os antes, el 26 de noviembre de 1974, en mi pueblo, San Lorenzo. Aquel d\u00eda estando en el local del instituto Juan Bautista Alberdi donde me desempe\u00f1aba como director, fui detenido por la polic\u00eda pol\u00edtica de Alfredo Stroessner junto con mi sobrino argentino de 17 a\u00f1os, Lorenzo Lidio Jara P\u00e9rez, que estaba de visita proveniente de Clorinda. Nos lanzaron como \u201cpapas\u201d al interior del famoso \u201cCentro de tortura m\u00f3vil\u201d, una camioneta marca Chevrolet General Motors utilizada para \u201cprecalentar\u201d a los detenidos a cargo de polic\u00edas especializados en&nbsp;&nbsp;&nbsp;&nbsp;&nbsp;&nbsp;&nbsp; k\u00e1rate.&nbsp; El veh\u00edculo era&nbsp; conocido&nbsp; popularmente&nbsp; como&nbsp; la&nbsp; famosa&nbsp; \u201cCaperucita Roja\u201d&nbsp; que, al pasar&nbsp; por&nbsp; las&nbsp; calles&nbsp; de&nbsp; nuestro&nbsp; barrio, provocaba aut\u00e9ntico p\u00e1nico entre la&nbsp; poblaci\u00f3n.<\/p>\n\n\n\n<p>Fuimos trasladados a Asunci\u00f3n, a la que llegamos alrededor de las 20.00 pm. A Lorenzo Lidio lo llevaron a la Sala del Tormento donde debido al \u201ctratamiento\u201d recibido perdi\u00f3 un ojo. A m\u00ed me llevaron directamente la oficina del Jefe de Investigaciones, Pastor Coronel, donde se instal\u00f3 un tribunal militar compuesto por militares y polic\u00edas de Argentina, Brasil, Bolivia, Chile, Uruguay y Paraguay, o sea una autentica representaci\u00f3n de la Operaci\u00f3n C\u00d3NDOR.<\/p>\n\n\n\n<p>Durante 30 d\u00edas me sometieron a intensos interrogatorios, con continuadas torturas. Me tuvieron desnudo y engrillado, solamente faltaba que me colocaran en la frente la palabra INRI, que en este caso significar\u00eda \u201cInstigador Natural de la Rebeli\u00f3n de los Infelices\u201d, parafraseando al destacado poeta salvadore\u00f1o, Roque Dalton.<\/p>\n\n\n\n<p>Finalmente decidieron que yo era un maestro subversivo y mi delito ser un terrorista intelectual. Posteriormente me comentaron que durante los interrogatorios y torturas el dictador Stroessner estaba sentado al fondo del tribunal para ver y escuchar mis declaraciones y finalmente la condena.Luego de recorrer varios centros de tortura, el 6 de septiembre de 1976&nbsp;me llevaron por primera vez al campo de concentraci\u00f3n de Emboscada, donde una madrugada de 1977 un grito, a modo de aullido de un bruto sargento, nos conmin\u00f3 a ponernos de pie al grito de: Celda 12, \u00a1Control! Un grito que se repite hoy en mis terribles pesadillas nocturnas y que forma parte de mis especiales recuerdos carcelarios<\/p>\n","protected":false},"excerpt":{"rendered":"<p>Mart\u00edn Almada Fuente: Rebeli\u00f3n Con este grito me despertaron una madrugada de 1977 en el campo de concentraci\u00f3n de Emboscada, a 45 km. de Asunci\u00f3n. Eran las cinco de la ma\u00f1ana y hacia fr\u00edo dentro de aquella monta\u00f1a donde se hab\u00eda construido un cuartel tipo feudal. Era durante el gobierno de \u201cPaz y progreso sin [&hellip;]<\/p>\n","protected":false},"author":1,"featured_media":5598,"comment_status":"open","ping_status":"open","sticky":false,"template":"","format":"standard","meta":{"footnotes":""},"categories":[4],"tags":[],"_links":{"self":[{"href":"http:\/\/www.movimientocaamanista.com\/index.php?rest_route=\/wp\/v2\/posts\/5597"}],"collection":[{"href":"http:\/\/www.movimientocaamanista.com\/index.php?rest_route=\/wp\/v2\/posts"}],"about":[{"href":"http:\/\/www.movimientocaamanista.com\/index.php?rest_route=\/wp\/v2\/types\/post"}],"author":[{"embeddable":true,"href":"http:\/\/www.movimientocaamanista.com\/index.php?rest_route=\/wp\/v2\/users\/1"}],"replies":[{"embeddable":true,"href":"http:\/\/www.movimientocaamanista.com\/index.php?rest_route=%2Fwp%2Fv2%2Fcomments&post=5597"}],"version-history":[{"count":1,"href":"http:\/\/www.movimientocaamanista.com\/index.php?rest_route=\/wp\/v2\/posts\/5597\/revisions"}],"predecessor-version":[{"id":5599,"href":"http:\/\/www.movimientocaamanista.com\/index.php?rest_route=\/wp\/v2\/posts\/5597\/revisions\/5599"}],"wp:featuredmedia":[{"embeddable":true,"href":"http:\/\/www.movimientocaamanista.com\/index.php?rest_route=\/wp\/v2\/media\/5598"}],"wp:attachment":[{"href":"http:\/\/www.movimientocaamanista.com\/index.php?rest_route=%2Fwp%2Fv2%2Fmedia&parent=5597"}],"wp:term":[{"taxonomy":"category","embeddable":true,"href":"http:\/\/www.movimientocaamanista.com\/index.php?rest_route=%2Fwp%2Fv2%2Fcategories&post=5597"},{"taxonomy":"post_tag","embeddable":true,"href":"http:\/\/www.movimientocaamanista.com\/index.php?rest_route=%2Fwp%2Fv2%2Ftags&post=5597"}],"curies":[{"name":"wp","href":"https:\/\/api.w.org\/{rel}","templated":true}]}}