{"id":5611,"date":"2021-11-27T01:47:07","date_gmt":"2021-11-27T01:47:07","guid":{"rendered":"http:\/\/www.movimientocaamanista.com\/?p=5611"},"modified":"2021-11-27T01:47:10","modified_gmt":"2021-11-27T01:47:10","slug":"colombia-a-cinco-anos-de-la-celebracion-de-que","status":"publish","type":"post","link":"http:\/\/www.movimientocaamanista.com\/?p=5611","title":{"rendered":"Colombia. A cinco a\u00f1os de la celebraci\u00f3n \u00bfde qu\u00e9?"},"content":{"rendered":"\n<p>Grupo Quimera<\/p>\n\n\n\n<p>Fuente: <a href=\"https:\/\/kaosenlared.net\/a-cinco-anos-de-la-celebracion-de-que\/\">Kaos en la Red<\/a><\/p>\n\n\n\n<p>El 24 de noviembre seg\u00fan cuentan, se va a celebrar la firma del Acuerdo de paz, que tuvo como fin la terminaci\u00f3n del conflicto armado, entre Juan Manuel Santos y Timochenko, lo que algunos han llamado el pacto Santos-Timochenko, aunque, del Acuerdo que se propon\u00edan firma, ya hab\u00eda sido desmantelado por los que votaron el NO, este fue el otro pacto de Santos-Uribe. Lo que signific\u00f3 la estocada final, no solo a la guerrilla de las FARC, sino a la etapa revolucionaria de muchos, que so\u00f1aron con cambiar la realidad que les toc\u00f3 vivir.<\/p>\n\n\n\n<p>Como entender que la guerrilla experta en temas de negociaci\u00f3n, iba a caer en el cuento que Santos les pint\u00f3 siendo uno de los representantes de la \u00e9lite, que so\u00f1aron siempre con la derrota, sin siquiera tratar de ajustar un programa de gobierno a las necesidades de los campesinos y los pobres que son la mayor\u00eda.<\/p>\n\n\n\n<p>Santos ten\u00eda claro con quien quer\u00eda negociar y con quien no, en la primera fase exploratoria seg\u00fan los mismos protagonistas han contado; Timochenko tuvo encuentros exploratorios con Hugo Ch\u00e1vez, donde discutieron una noche entera sobre temas de paz, no sabemos que otros temas, con el benepl\u00e1cito de Santos, Ch\u00e1vez debi\u00f3 en el encuentro que tuvieron en Bogot\u00e1 y Cartagena, informarle a Santos, sobre lo sucedido en ese encuentro con Timochenko, de lo que hablaron. Santos tom\u00f3 la decisi\u00f3n que su interlocutor v\u00e1lido era Timochenko y no Alfonso Cano, sab\u00eda que el intelectual de las FARC no se iba a dejar convencer por cantos de sirena, conocedor del pa\u00eds como ning\u00fan otros, no iba a dar su brazo a torcer como si lo hizo Timochenko- M\u00e1rquez, los dos que le rehuyeron a la confrontaci\u00f3n, no le pusieron el pecho al Plan Colombia, como lo hizo Cano y otros.<\/p>\n\n\n\n<p>Fue tal el desespero de algunos por firma la \u201cpaz\u201d que seg\u00fan cuentan a los dos d\u00edas del asalto y asesinato de Alfonso Cano, Catatumbo seguro ebrio, pero no de tristeza por la muerte de su jefe, mando su emisario para que le llevara el mensaje a Santos, que ellos segu\u00edan con la negociaci\u00f3n, con el cuerpo del comandante todav\u00eda caliente, es m\u00e1s le lleg\u00f3 primero la raz\u00f3n a Santos, que el cuerpo de Alfonso Cano a Bogot\u00e1, el trofeo que la derecha le mostr\u00f3 al mundo. Santos confeso que llor\u00f3 de la risa, al calor de Cartagena y con un whisky para brindar.<\/p>\n\n\n\n<p>Seg\u00fan las cr\u00f3nicas de uno de los m\u00e1s cercanos de Timochenko, este se encontraba en La Habana, desde que se iniciaron los encuentros, lo que quiere decir, que le huyo a la confrontaci\u00f3n, no cumpli\u00f3 con su liderazgo, por el contrario, abandon\u00f3 a sus hombres, a su suerte, ya hoy no es extra\u00f1o, en la guerrilla la cobard\u00eda y la desmoralizaci\u00f3n eran sancionadas, ya no hab\u00eda quien lo sancionara, por eso, tom\u00f3 vacaciones definitivas, hasta hoy sigue vacacionando y viajando, un lobista de la no paz.<\/p>\n\n\n\n<p>Lo que hace pensar que Timochenko hac\u00eda rato que el fusil le estorbaba, ya no era capaz de cargarlo, no sabemos porque, su af\u00e1n fue entregar los fieros y hacer lo que seguro hace rato pensaba, vivir la vida que quer\u00eda, la que no pod\u00eda disfrutar estando en la clandestinidad, por ello, no import\u00f3 lo del plebiscito, desmantelar la columna vertebral del Acuerdo y que la JEP, quedara convertida en un adefesio. La que finalmente terminar\u00e1 quit\u00e1ndoles hasta el \u00faltimo vestigio de revolucionarios e insurgentes, convertidos en unos matones de vereda.<\/p>\n\n\n\n<p>Hoy se aprestan a celebrar los cinco a\u00f1os del Acuerdo de paz, con bombos y platillo anunciaron la presencia del secretario de la ONU, Ant\u00f3nio Guterres, aliado incondicional del gobierno, al que seguro le mostraran las bondades de haber firmado la paz, pues hasta el d\u00eda de hoy van casi 300 ex combatientes asesinados juntos con sus familiares. Los proyectos productos desfinanciados. Desde luego que ese ya no es tema del antiguo secretariado, sus verdaderos problemas hoy, son ubicarse mejor, a ver si la \u00e9lite les da una palomita y adue\u00f1arse como lo hicieron de las 10 curules que vale decir, no se hab\u00edan ganado en la confrontaci\u00f3n militar.<\/p>\n\n\n\n<p>En la guerrilla muchos de los mandos ascend\u00edan de acuerdo a sus capacidades en la Conferencia la m\u00e1xima instancia, hoy no han desmontado su discurso, se siguen llamando mandos al interior del partido, \u00bfno sabemos mandos de qu\u00e9? Lo que, si es cierto, es que este grupo de \u201cmandos\u201d abandonaron a su gente, los guerrilleros de base, a su suerte, muchos de estas personas hombres y mujeres, llegaron buscando un alivio a su pobreza, miseria y violencia, creyeron construir un mundo mejor, la guerra los recogi\u00f3 y les dio cobijo, hoy la paz los abandona, en las mismas condiciones que los recogi\u00f3.<\/p>\n\n\n\n<p>No se puede estar celebrando un Acuerdo de paz, que se firm\u00f3 a espaldas de los insurgentes, modulado por la Corte y el Congreso, sin que la insurgencia tuviera participaci\u00f3n, la paz con casi 300 muertos no es paz, sino exterminio, as\u00ed los pro paz, digan que mor\u00edan m\u00e1s en la confrontaci\u00f3n o Iv\u00e1n Cepeda, diga que lo que hizo la CPI, (cerrar investigaci\u00f3n&nbsp; preliminar a Colombia por graves violaciones a los derechos humanos) fue darle un apoy\u00f3 a la JEP, mientras las v\u00edctimas se quedaron esperando justicia. La paz no puede ser cualquiera, ni acosta de la vida de nadie, en lenguaje t\u00e9cnico se puede llamar rendici\u00f3n, los ex FARC todos recitan como loros estamos cumpli\u00e9ndole a la paz, pero ese era todo su proyecto, para hacer eso no debieron empu\u00f1ar un arma.<\/p>\n\n\n\n<p>Por eso hoy me pregunto se est\u00e1 celebrando los 5 a\u00f1os de la firma del Acuerdo de paz, pero cual, la que se disfruta en los cementerios, la que obliga a los ex guerrilleros a desplazarse por amenazas en contra de su vida, o la que celebran el antiguo secretariado en Bogot\u00e1, con sueldo de congresistas, escoltas y su nueva vida. No hay duda, porque Santos quiso negociar con Timochenko y no con Cano, el tiempo demostr\u00f3, como la falta del l\u00edder, desnudo a muchos que solo parasitaron en la guerrilla, sin formaci\u00f3n ideol\u00f3gica, con inter\u00e9s personalista, hoy algunos son los nuevos ricos que esperan poderse camuflar al interior de la derecha, mientras que otros seguir\u00e1n siendo los siempre pobres.<\/p>\n","protected":false},"excerpt":{"rendered":"<p>Grupo Quimera Fuente: Kaos en la Red El 24 de noviembre seg\u00fan cuentan, se va a celebrar la firma del Acuerdo de paz, que tuvo como fin la terminaci\u00f3n del conflicto armado, entre Juan Manuel Santos y Timochenko, lo que algunos han llamado el pacto Santos-Timochenko, aunque, del Acuerdo que se propon\u00edan firma, ya hab\u00eda [&hellip;]<\/p>\n","protected":false},"author":1,"featured_media":5612,"comment_status":"open","ping_status":"open","sticky":false,"template":"","format":"standard","meta":{"footnotes":""},"categories":[5,3],"tags":[],"_links":{"self":[{"href":"http:\/\/www.movimientocaamanista.com\/index.php?rest_route=\/wp\/v2\/posts\/5611"}],"collection":[{"href":"http:\/\/www.movimientocaamanista.com\/index.php?rest_route=\/wp\/v2\/posts"}],"about":[{"href":"http:\/\/www.movimientocaamanista.com\/index.php?rest_route=\/wp\/v2\/types\/post"}],"author":[{"embeddable":true,"href":"http:\/\/www.movimientocaamanista.com\/index.php?rest_route=\/wp\/v2\/users\/1"}],"replies":[{"embeddable":true,"href":"http:\/\/www.movimientocaamanista.com\/index.php?rest_route=%2Fwp%2Fv2%2Fcomments&post=5611"}],"version-history":[{"count":1,"href":"http:\/\/www.movimientocaamanista.com\/index.php?rest_route=\/wp\/v2\/posts\/5611\/revisions"}],"predecessor-version":[{"id":5613,"href":"http:\/\/www.movimientocaamanista.com\/index.php?rest_route=\/wp\/v2\/posts\/5611\/revisions\/5613"}],"wp:featuredmedia":[{"embeddable":true,"href":"http:\/\/www.movimientocaamanista.com\/index.php?rest_route=\/wp\/v2\/media\/5612"}],"wp:attachment":[{"href":"http:\/\/www.movimientocaamanista.com\/index.php?rest_route=%2Fwp%2Fv2%2Fmedia&parent=5611"}],"wp:term":[{"taxonomy":"category","embeddable":true,"href":"http:\/\/www.movimientocaamanista.com\/index.php?rest_route=%2Fwp%2Fv2%2Fcategories&post=5611"},{"taxonomy":"post_tag","embeddable":true,"href":"http:\/\/www.movimientocaamanista.com\/index.php?rest_route=%2Fwp%2Fv2%2Ftags&post=5611"}],"curies":[{"name":"wp","href":"https:\/\/api.w.org\/{rel}","templated":true}]}}