{"id":5674,"date":"2021-12-11T11:31:53","date_gmt":"2021-12-11T11:31:53","guid":{"rendered":"http:\/\/www.movimientocaamanista.com\/?p=5674"},"modified":"2022-01-31T10:46:04","modified_gmt":"2022-01-31T10:46:04","slug":"omicron-lo-que-no-sabemos-de-la-nueva-variante-del-sars-cov-2","status":"publish","type":"post","link":"http:\/\/www.movimientocaamanista.com\/?p=5674","title":{"rendered":"\u00d3micron: lo que no sabemos de la nueva variante del SARS-CoV-2"},"content":{"rendered":"\n<p>Ignacio L\u00f3pez-Go\u00f1i<\/p>\n\n\n\n<p>Fuente: <a href=\"https:\/\/theconversation.com\/omicron-lo-que-no-sabemos-de-la-nueva-variante-del-sars-cov-2-172738\">The Conversation<\/a><\/p>\n\n\n\n<p>No sabemos si es m\u00e1s transmisible, no sabemos si sustituir\u00e1 a otras variantes, no sabemos si es m\u00e1s virulenta y causar\u00e1 enfermedad m\u00e1s grave, no sabemos si ser\u00e1 m\u00e1s f\u00e1cil reinfectarse, no sabemos si ser\u00e1 m\u00e1s peligrosa en ni\u00f1os peque\u00f1os, no sabemos si escapar\u00e1 a las vacunas actuales, no sabemos si se extender\u00e1 por todo el planeta, pero sabemos que tenemos que vigilarla.<\/p>\n\n\n\n<p>La nueva variante del SARS-CoV-2, B.1.1.529, denominada \u00f3micron, ha sido detectada por PCR entre los d\u00edas 11 y 23 de noviembre en Sud\u00e1frica, en la provincia de Gauteng (77 casos), Botswana (4 casos), Hong-Kong (un caso), Israel (un caso) y B\u00e9lgica (un caso). Parece ser que se ha extendido muy r\u00e1pidamente en la regi\u00f3n de Gauteng, pero hay que tener en cuenta que es una zona con muy pocos casos de COVID-19 y con una tasa de vacunaci\u00f3n muy baja. Eso ha podido influir. \u00bfEs realmente m\u00e1s transmisible o es un efecto de la poblaci\u00f3n en la que se ha aislado? No se sabe c\u00f3mo se comportar\u00e1 esta variante en otra poblaci\u00f3n en la que la incidencia y la tasa de vacunaci\u00f3n sean mayores. Pero tenemos que estar vigilantes.<\/p>\n\n\n\n<p><a href=\"https:\/\/www.ecdc.europa.eu\/en\/publications-data\/threat-assessment-brief-emergence-sars-cov-2-variant-b.1.1.529\">B.1.1.529<\/a>&nbsp;tiene m\u00e1s de 50 mutaciones en su genoma respecto a la secuencia original de Wuhan. Treinta y dos de ellas en la regi\u00f3n de la prote\u00edna S.<\/p>\n\n\n\n<figure class=\"wp-block-image\"><a href=\"https:\/\/images.theconversation.com\/files\/434234\/original\/file-20211127-21-1v0x8d3.jpeg?ixlib=rb-1.1.0&amp;q=45&amp;auto=format&amp;w=1000&amp;fit=clip\"><img decoding=\"async\" src=\"https:\/\/images.theconversation.com\/files\/434234\/original\/file-20211127-21-1v0x8d3.jpeg?ixlib=rb-1.1.0&amp;q=45&amp;auto=format&amp;w=754&amp;fit=clip\" alt=\"\"\/><\/a><figcaption>Mutaciones en la nueva variante.<\/figcaption><\/figure>\n\n\n\n<p>Lo que preocupa a los cient\u00edficos es la acumulaci\u00f3n de mutaciones en esa regi\u00f3n, porque algunas de esas mutaciones ya se hab\u00edan detectado en otras variantes, pero no todas juntas en una misma variante. Por eso, esta variante ya ha sido clasificada como&nbsp;<a href=\"https:\/\/www.ecdc.europa.eu\/en\/covid-19\/variants-concern\">variante de preocupaci\u00f3n<\/a>. M\u00e1s que el n\u00famero de mutaciones, lo que conviene analizar es el efecto que puedan tener todas juntas. Una cosa es la mutaci\u00f3n en el genoma y otra muy distinta el efecto que pueda tener en la biolog\u00eda del virus. El efecto no tiene por qu\u00e9 ser acumulativo, pueden darse fen\u00f3menos de compensaci\u00f3n: el efecto de una mutaci\u00f3n puede compensarse con el de otra.<\/p>\n\n\n\n<p>Pero esta variante acumula mutaciones que se han relacionado con un posible escape inmunol\u00f3gico y un posible aumento de la transmisibilidad.<\/p>\n\n\n\n<figure class=\"wp-block-image\"><a href=\"https:\/\/images.theconversation.com\/files\/434231\/original\/file-20211127-25-j9da4c.jpeg?ixlib=rb-1.1.0&amp;q=45&amp;auto=format&amp;w=1000&amp;fit=clip\"><img decoding=\"async\" src=\"https:\/\/images.theconversation.com\/files\/434231\/original\/file-20211127-25-j9da4c.jpeg?ixlib=rb-1.1.0&amp;q=45&amp;auto=format&amp;w=754&amp;fit=clip\" alt=\"\"\/><\/a><figcaption>Mutaciones de la esp\u00edcula en B.1.1.529.&nbsp;<a href=\"https:\/\/twitter.com\/jcbarret\/status\/1463975708770897923?s=20\">Jeffrey Barrett<\/a><\/figcaption><\/figure>\n\n\n\n<p>Nueve mutaciones (en rojo) aparecen en otras variantes alfa, beta, delta, gamma. Once (en azul) son nuevas. Quince mutaciones est\u00e1n en la zona de uni\u00f3n al receptor (RBD) y algunas (N440K, S477N, Q498R) afectan a la uni\u00f3n al receptor ACE2 y podr\u00edan influir en su capacidad de infectar c\u00e9lulas. Otras pueden afectar a la transmisibilidad (H655Y, N679K, P681H), y las hay que pueden causar cambios en la prote\u00edna y afectar a su reactividad con los anticuerpos:<\/p>\n\n\n\n<figure class=\"wp-block-image\"><a href=\"https:\/\/images.theconversation.com\/files\/434232\/original\/file-20211127-25-peilnr.jpeg?ixlib=rb-1.1.0&amp;q=45&amp;auto=format&amp;w=1000&amp;fit=clip\"><img decoding=\"async\" src=\"https:\/\/images.theconversation.com\/files\/434232\/original\/file-20211127-25-peilnr.jpeg?ixlib=rb-1.1.0&amp;q=45&amp;auto=format&amp;w=754&amp;fit=clip\" alt=\"\"\/><\/a><figcaption>Efectos antig\u00e9nicos de las mutaciones de la nueva variante.&nbsp;<a href=\"https:\/\/twitter.com\/jbloom_lab\/status\/1464005681845923844?s=20\">BloomLab<\/a><\/figcaption><\/figure>\n\n\n\n<p>Por otra parte, un an\u00e1lisis filogen\u00e9tico de los genomas de esta variante sugiere que probablemente est\u00e9 circulando desde hace meses pero que no se haya detectado hasta ahora:<\/p>\n\n\n\n<figure class=\"wp-block-image\"><a href=\"https:\/\/images.theconversation.com\/files\/434233\/original\/file-20211127-23-14q9n12.jpeg?ixlib=rb-1.1.0&amp;q=45&amp;auto=format&amp;w=1000&amp;fit=clip\"><img decoding=\"async\" src=\"https:\/\/images.theconversation.com\/files\/434233\/original\/file-20211127-23-14q9n12.jpeg?ixlib=rb-1.1.0&amp;q=45&amp;auto=format&amp;w=754&amp;fit=clip\" alt=\"\"\/><\/a><figcaption>An\u00e1lisis filogen\u00e9tico de la nueva variante.&nbsp;<a href=\"https:\/\/twitter.com\/trvrb\/status\/1464353234420600835?s=20\">Trevor Bedford<\/a><\/figcaption><\/figure>\n\n\n\n<p>\u00bfHay motivo para una alarma e histeria generalizada? En este momento no. Es m\u00e1s lo que no sabemos que lo que sabemos. Pero hay que seguir vigilantes.<\/p>\n\n\n\n<p>\u00bfCancelamos todos los vuelos con Sud\u00e1frica? No tiene mucho sentido por varias razones. Sud\u00e1frica es probablemente el \u00fanico pa\u00eds africano que est\u00e1 haciendo \u201cla tarea\u201d y hace un seguimiento gen\u00f3mico del virus. Por eso lo detecta. Si no buscamos de forma activa nuevas variantes, no las detectaremos, pero no quiere decir que no surjan. Castigar al que lo est\u00e1 haciendo bien es un error. No podemos descartar, seguro que es lo m\u00e1s probable, que surjan nuevas variantes en otras zonas donde no se est\u00e1n buscando. \u00bfCancelamos entonces todos los vuelos con \u00c1frica? Esta variante ya se ha detectado en Hong-Kong y B\u00e9lgica, y muy probablemente, como se ha sugerido, est\u00e9 desde hace tiempo en otros lugares del planeta.<\/p>\n\n\n\n<p>Necesitamos tiempo para conocer m\u00e1s sobre esta variante. Pero lo que esto demuestra una vez m\u00e1s es que estamos en una pandemia global y lo que ocurra en otros pa\u00edses nos afecta. Cuantos m\u00e1s infectados haya por el mundo, m\u00e1s virus habr\u00e1, m\u00e1s variantes podr\u00e1n surgir. La vacunaci\u00f3n debe ser global. Y en \u00c1frica poco m\u00e1s del 7% de la poblaci\u00f3n est\u00e1 vacunado. Eso es lo que nos deber\u00eda alarmar.<\/p>\n","protected":false},"excerpt":{"rendered":"<p>Ignacio L\u00f3pez-Go\u00f1i Fuente: The Conversation No sabemos si es m\u00e1s transmisible, no sabemos si sustituir\u00e1 a otras variantes, no sabemos si es m\u00e1s virulenta y causar\u00e1 enfermedad m\u00e1s grave, no sabemos si ser\u00e1 m\u00e1s f\u00e1cil reinfectarse, no sabemos si ser\u00e1 m\u00e1s peligrosa en ni\u00f1os peque\u00f1os, no sabemos si escapar\u00e1 a las vacunas actuales, no sabemos [&hellip;]<\/p>\n","protected":false},"author":1,"featured_media":3839,"comment_status":"open","ping_status":"open","sticky":false,"template":"","format":"standard","meta":{"footnotes":""},"categories":[4],"tags":[],"_links":{"self":[{"href":"http:\/\/www.movimientocaamanista.com\/index.php?rest_route=\/wp\/v2\/posts\/5674"}],"collection":[{"href":"http:\/\/www.movimientocaamanista.com\/index.php?rest_route=\/wp\/v2\/posts"}],"about":[{"href":"http:\/\/www.movimientocaamanista.com\/index.php?rest_route=\/wp\/v2\/types\/post"}],"author":[{"embeddable":true,"href":"http:\/\/www.movimientocaamanista.com\/index.php?rest_route=\/wp\/v2\/users\/1"}],"replies":[{"embeddable":true,"href":"http:\/\/www.movimientocaamanista.com\/index.php?rest_route=%2Fwp%2Fv2%2Fcomments&post=5674"}],"version-history":[{"count":1,"href":"http:\/\/www.movimientocaamanista.com\/index.php?rest_route=\/wp\/v2\/posts\/5674\/revisions"}],"predecessor-version":[{"id":5675,"href":"http:\/\/www.movimientocaamanista.com\/index.php?rest_route=\/wp\/v2\/posts\/5674\/revisions\/5675"}],"wp:featuredmedia":[{"embeddable":true,"href":"http:\/\/www.movimientocaamanista.com\/index.php?rest_route=\/wp\/v2\/media\/3839"}],"wp:attachment":[{"href":"http:\/\/www.movimientocaamanista.com\/index.php?rest_route=%2Fwp%2Fv2%2Fmedia&parent=5674"}],"wp:term":[{"taxonomy":"category","embeddable":true,"href":"http:\/\/www.movimientocaamanista.com\/index.php?rest_route=%2Fwp%2Fv2%2Fcategories&post=5674"},{"taxonomy":"post_tag","embeddable":true,"href":"http:\/\/www.movimientocaamanista.com\/index.php?rest_route=%2Fwp%2Fv2%2Ftags&post=5674"}],"curies":[{"name":"wp","href":"https:\/\/api.w.org\/{rel}","templated":true}]}}