{"id":5731,"date":"2021-12-27T10:36:59","date_gmt":"2021-12-27T10:36:59","guid":{"rendered":"http:\/\/www.movimientocaamanista.com\/?p=5731"},"modified":"2021-12-27T10:37:01","modified_gmt":"2021-12-27T10:37:01","slug":"puerto-rico-o-puerto-pobre","status":"publish","type":"post","link":"http:\/\/www.movimientocaamanista.com\/?p=5731","title":{"rendered":"\u00bfPuerto Rico o Puerto Pobre?"},"content":{"rendered":"\n<p>Hedelberto L\u00f3pez Blanch<\/p>\n\n\n\n<p>Fuente: <a href=\"https:\/\/rebelion.org\/puerto-rico-o-puerto-pobre\/\">Rebeli\u00f3n<\/a><\/p>\n\n\n\n<p>\u00bfC\u00f3mo se puede concebir que Estados Unidos cite en forma unilateral y arbitraria, a una cumbre por la democracia, cuando mantiene en el Caribe la colonia m\u00e1s antigua del mundo: Puerto Rico?<\/p>\n\n\n\n<p>La desatenci\u00f3n que Washington mantiene sobre esta colonia llamada eufem\u00edsticamente desde 1952 Estado Libre Asociado (ELA) ha llevado a que el 52,3 % de sus 3,2 millones de habitantes se encuentren en la pobreza, seg\u00fan un informe divulgado por la Comisi\u00f3n para la Erradicaci\u00f3n de ese flagelo.<\/p>\n\n\n\n<p>Basado en audiencias p\u00fablicas, la jefa de la comisi\u00f3n, Elizabeth Rosa-V\u00e9lez explic\u00f3 que esa peyorativa cifra es consecuencia de varios factores como la pandemia de coronavirus, los tres huracanes y el terremoto que azol\u00f3 la Isla.<\/p>\n\n\n\n<p>A Rosa-Velez, del gobernante Partido Nuevo Progresista (PNP), que apoya convertir a Puerto Rico en el estado n\u00famero 51 de Estados Unidos, se le olvid\u00f3 decir que la desidia de la metr\u00f3polis con ese pueblo resulta el principal factor de esa situaci\u00f3n.<\/p>\n\n\n\n<p>El escenario se estresa m\u00e1s entre infantes y mujeres. Otro documento el Instituto del Desarrollo de la Juventud (IDJ) denunci\u00f3 que el 58 %, o sea, seis de cada 10 ni\u00f1os puertorrique\u00f1os viven en el nivel de pobreza. A\u00f1adi\u00f3 que el 38 % de ellos sobreviven en la extrema pobreza.<\/p>\n\n\n\n<p>El informe indica que las mujeres enfrentan una brecha en la paridad de g\u00e9nero que refleja bajos niveles de f\u00e9minas en puestos de direcci\u00f3n o liderazgo, el estancamiento de los salarios y la poca participaci\u00f3n en la fuerza laboral.<br>Para la presidenta de la Oficina para el Desarrollo socioecon\u00f3mico y Comunitario de Puerto Rico (ODSEC), Thais Reyes Serrano en su pa\u00eds \u201cmuchas mujeres se enfrentan a situaciones adicionales que las colocan en desventaja para potenciar su desarrollo profesional, econ\u00f3mico y autosuficiencia como la dependencia econ\u00f3mica, y la estructura y mentalidad corporativa\u00bb.<\/p>\n\n\n\n<p>Un ejemplo del desprecio con que trata Estados Unidos a los pobladores de esa naci\u00f3n caribe\u00f1a lo dio el expresidente Donald Trump despu\u00e9s que los huracanes Irma y Mar\u00eda (los dos en septiembre de 2017) arrasaron la colonia.<\/p>\n\n\n\n<p>A 13 d\u00edas del paso del \u00faltimo fen\u00f3meno atmosf\u00e9rico, el exmandatario lleg\u00f3 a San Juan y en vez de otorgar apoyo econ\u00f3mico y financiero, lanz\u00f3 paquetes de papel higi\u00e9nico a varias personas reunidas en un mitin preparado por las autoridades.<\/p>\n\n\n\n<p>Asimismo, Trump quiso vender Puerto Rico o cambiarlo por Groenlandia porque este territorio estadounidense en el Caribe era \u00absucio y pobre\u00bb, afirm\u00f3 a la cadena MSNBC, Miles Taylor, en ese entonces jefe de gabinete en el Departamento de Seguridad Interior (DHS).<\/p>\n\n\n\n<p>Los habitantes de esa isla del Caribe padecieron y aun afrontan inmensas necesidades por los estragos de los ciclones que provocaron m\u00e1s de 3 000 muertos y heridos, destruyeron viviendas, incrementaron la falta de agua potable y alimentos y colapsaron el sistema el\u00e9ctrico.<\/p>\n\n\n\n<p>Medio a\u00f1o antes del paso de los huracanes, la colonia ya padec\u00eda una enorme crisis econ\u00f3mico-financiera que Washington no ayud\u00f3 a resolver y el pa\u00eds se declar\u00f3 en una especie de quiebra, pues la deuda exterior se fijaba en m\u00e1s de 73 000 millones de d\u00f3lares.<\/p>\n\n\n\n<p>Ante la profunda crisis, Washington le impuso al pa\u00eds una Junta de Control Fiscal (JSF por sus siglas en ingl\u00e9s), que aprieta el cintur\u00f3n a los puertorrique\u00f1os y cobra m\u00e1s de 300 millones de d\u00f3lares por sus \u201cservicios\u201d.<\/p>\n\n\n\n<p>En concordancia, el r\u00e9gimen colonial y la JSF establecieron recortes por cerca de 2 000 millones de d\u00f3lares al gasto p\u00fablico anual hasta finales del 2020 (cerca del 20 % del presupuesto actual) y de 2 500 millones hasta 2025.<\/p>\n\n\n\n<p>Se disminuyeron las prestaciones sociales, beneficios laborales y derechos adquiridos; fueron cerradas decenas de escuelas y aument\u00f3 el coste de la universidad p\u00fablica. S\u00f3lo el 40 % de la poblaci\u00f3n adulta trabaja o busca empleo (el resto no aporta o lo hace en la econom\u00eda sumergida). La inversi\u00f3n cay\u00f3 un 20 % y los activos bancarios en 40 %.<\/p>\n\n\n\n<p>Mientras la pobreza se ensa\u00f1a con los puertorrique\u00f1os, las organizaciones sociales afirman que en la \u00faltima d\u00e9cada las subsidiarias norteamericanas han extra\u00eddo del pa\u00eds, 380 000 millones de d\u00f3lares, pr\u00e1cticamente sin pagar impuestos. A los empresarios nacionales se les hace muy dif\u00edcil competir con los consorcios transnacionales.<\/p>\n\n\n\n<p>Las amarras que tiende Washington sobre la isla caribe\u00f1a se tornan asfixiantes pues solo se le permite tener a un comisionado en el Congreso de Estados Unidos que tiene voz pero no posee derecho a voto aunque se trate de alguna cuesti\u00f3n relacionada con su pa\u00eds. Aunque son reconocidos como ciudadanos estadounidenses no pueden ejercer el voto en las elecciones de esa naci\u00f3n.<\/p>\n\n\n\n<p>Sin poder decidir sobre la econom\u00eda (depende en gran medida del presupuesto que otorga la metr\u00f3polis), las finanzas, relaciones exteriores, es decir, sin tener independencia pol\u00edtica ni soberan\u00eda Puerto Rico se cuenta entre las 18 colonias que aun existen en el mundo.<\/p>\n\n\n\n<p>Claro, lo que si tienen autorizados sus ciudadanos es que pueden servir en el ej\u00e9rcito de Estados Unidos como lo han hecho en Irak, Siria, Afganist\u00e1n y otras decenas de lugares en donde muchos han perdido la vida.<\/p>\n\n\n\n<p>No cabe duda que el Estado Libre Asociado es sin\u00f3nimo de una forma de colonizaci\u00f3n en estos tiempos.<\/p>\n","protected":false},"excerpt":{"rendered":"<p>Hedelberto L\u00f3pez Blanch Fuente: Rebeli\u00f3n \u00bfC\u00f3mo se puede concebir que Estados Unidos cite en forma unilateral y arbitraria, a una cumbre por la democracia, cuando mantiene en el Caribe la colonia m\u00e1s antigua del mundo: Puerto Rico? La desatenci\u00f3n que Washington mantiene sobre esta colonia llamada eufem\u00edsticamente desde 1952 Estado Libre Asociado (ELA) ha llevado [&hellip;]<\/p>\n","protected":false},"author":1,"featured_media":5732,"comment_status":"open","ping_status":"open","sticky":false,"template":"","format":"standard","meta":{"footnotes":""},"categories":[5,3],"tags":[],"_links":{"self":[{"href":"http:\/\/www.movimientocaamanista.com\/index.php?rest_route=\/wp\/v2\/posts\/5731"}],"collection":[{"href":"http:\/\/www.movimientocaamanista.com\/index.php?rest_route=\/wp\/v2\/posts"}],"about":[{"href":"http:\/\/www.movimientocaamanista.com\/index.php?rest_route=\/wp\/v2\/types\/post"}],"author":[{"embeddable":true,"href":"http:\/\/www.movimientocaamanista.com\/index.php?rest_route=\/wp\/v2\/users\/1"}],"replies":[{"embeddable":true,"href":"http:\/\/www.movimientocaamanista.com\/index.php?rest_route=%2Fwp%2Fv2%2Fcomments&post=5731"}],"version-history":[{"count":1,"href":"http:\/\/www.movimientocaamanista.com\/index.php?rest_route=\/wp\/v2\/posts\/5731\/revisions"}],"predecessor-version":[{"id":5733,"href":"http:\/\/www.movimientocaamanista.com\/index.php?rest_route=\/wp\/v2\/posts\/5731\/revisions\/5733"}],"wp:featuredmedia":[{"embeddable":true,"href":"http:\/\/www.movimientocaamanista.com\/index.php?rest_route=\/wp\/v2\/media\/5732"}],"wp:attachment":[{"href":"http:\/\/www.movimientocaamanista.com\/index.php?rest_route=%2Fwp%2Fv2%2Fmedia&parent=5731"}],"wp:term":[{"taxonomy":"category","embeddable":true,"href":"http:\/\/www.movimientocaamanista.com\/index.php?rest_route=%2Fwp%2Fv2%2Fcategories&post=5731"},{"taxonomy":"post_tag","embeddable":true,"href":"http:\/\/www.movimientocaamanista.com\/index.php?rest_route=%2Fwp%2Fv2%2Ftags&post=5731"}],"curies":[{"name":"wp","href":"https:\/\/api.w.org\/{rel}","templated":true}]}}