{"id":5734,"date":"2021-12-27T10:43:10","date_gmt":"2021-12-27T10:43:10","guid":{"rendered":"http:\/\/www.movimientocaamanista.com\/?p=5734"},"modified":"2021-12-27T10:43:12","modified_gmt":"2021-12-27T10:43:12","slug":"percepcion-y-vivencia","status":"publish","type":"post","link":"http:\/\/www.movimientocaamanista.com\/?p=5734","title":{"rendered":"Percepci\u00f3n y vivencia"},"content":{"rendered":"\n<p><a href=\"http:\/\/fcoumpierrezblogspotcom.blogspot.com\/2021\/12\/percepcion-y-vivencia.html\">Francisco Umpi\u00e9rrez<\/a><\/p>\n\n\n\n<p>Convoco a una reuni\u00f3n a tres personas. Les comunico con antelaci\u00f3n que en la reuni\u00f3n hablaremos de la pandemia Covid 19. En el inicio de la reuni\u00f3n les comunico un dato: en Espa\u00f1a han muerto por la Covid 90.000 personas, en Europa 1.500.000 personas, y en el mundo cerca de cinco millones de personas. Les pregunto: \u00bfqu\u00e9 sienten? Yo les adelanto la respuesta: Nada. Uno de ellos me quiere poner reparos, pero no lo dejo hablar. Le digo: no te estoy preguntando qu\u00e9 piensas, sino qu\u00e9 sientes. Les pregunto ahora: \u00bfPor qu\u00e9 ustedes y yo mismo no sentimos nada? Porque hemos tenido la suerte de que ning\u00fan familiar o persona cercana ha muerto por esa causa. En nuestro caso, la esencia del problema est\u00e1 separada de la existencia. Ser consciente de la esencia de un hecho es un asunto del pensamiento conceptual, mientras que ser consciente de la existencia de un hecho es un asunto de la percepci\u00f3n sensible. La esencia de un hecho la captamos en el \u00e1mbito de lo general, mientras que la existencia de un hecho la captamos en el \u00e1mbito de la particularidad. \u00bfCu\u00e1l es la esencia de lo que hablamos? Hay dos esencias: una cuantitativa, el n\u00famero de muertos, y otra cualitativa: estar muerto. Si tenemos dudas acerca de lo que es estar muerto, lo buscamos en el diccionario y obtendremos una respuesta general pero suficiente de los que es estar muerto. As\u00ed que nuestra percepci\u00f3n de los muertos por la Covid 19 es una percepci\u00f3n abstracta. Y es abstracta porque nuestra percepci\u00f3n est\u00e1 separada de la vivencia de ese hecho. Tal vez una persona con una alta sensibilidad y una conciencia muy profunda pueda sentir la gravedad del hecho y superar los l\u00edmites de su percepci\u00f3n abstracta. Pero esto se produce en muy contados casos, y habr\u00eda que explicar las razones por las cuales esa persona en cuesti\u00f3n est\u00e1 dotada de esa especial sensibilidad y de esa especial conciencia.<\/p>\n\n\n\n<p>Hablemos ahora de los sanitarios y sanitarias que han vivido esa experiencia en primera persona. Han vivido c\u00f3mo han muerto decenas de pacientes, han vivido el dolor y el llanto de los familiares de las v\u00edctimas, y han vivido sin apenas descanso la desesperaci\u00f3n, la tensi\u00f3n y la impotencia de no poder hacer m\u00e1s de lo que han hecho. Muchos de ellos, despu\u00e9s de esa experiencia, han sufrido depresi\u00f3n o les ha quedado una huella de tristeza para siempre. Para estas personas las cifras de los muertos por la Covid est\u00e1n estrechamente vinculados con sus vivencias particulares. En estas personas est\u00e1n estrechamente vinculadas la existencia del hecho con su esencia. En estos casos hablaremos de percepci\u00f3n concreta.<\/p>\n\n\n\n<p>De manera que hablaremos de percepci\u00f3n concreta de un hecho cuando la esencia del hecho est\u00e1 unido a su existencia, cuando la vivencia del hecho est\u00e1 unido a la percepci\u00f3n del hecho. Y hablaremos de percepci\u00f3n abstracta cuando la esencia del hecho est\u00e1 separada de su existencia, cuando la vivencia del hecho est\u00e1 separada de su percepci\u00f3n. Tambi\u00e9n podemos plantear esta contradicci\u00f3n en los siguientes t\u00e9rminos. Cuando la esencia de un hecho est\u00e1 estrechamente vinculada con su existencia, la percepci\u00f3n es fundamentalmente sensible y poco mental. Por el contrario, cuando la esencia de un hecho est\u00e1 separada de su existencia, la percepci\u00f3n es fundamentalmente mental y poco sensible. Otro a\u00f1adido m\u00e1s: cuando la percepci\u00f3n est\u00e1 dominantemente mediada por los conceptos, nos encontramos ante una percepci\u00f3n preferentemente mental; mientras que cuando la percepci\u00f3n est\u00e1 dominantemente mediada por la experiencia, nos encontraremos ante una percepci\u00f3n preferentemente sensible.<\/p>\n","protected":false},"excerpt":{"rendered":"<p>Francisco Umpi\u00e9rrez Convoco a una reuni\u00f3n a tres personas. Les comunico con antelaci\u00f3n que en la reuni\u00f3n hablaremos de la pandemia Covid 19. En el inicio de la reuni\u00f3n les comunico un dato: en Espa\u00f1a han muerto por la Covid 90.000 personas, en Europa 1.500.000 personas, y en el mundo cerca de cinco millones de [&hellip;]<\/p>\n","protected":false},"author":1,"featured_media":5735,"comment_status":"open","ping_status":"open","sticky":false,"template":"","format":"standard","meta":{"footnotes":""},"categories":[4],"tags":[],"_links":{"self":[{"href":"http:\/\/www.movimientocaamanista.com\/index.php?rest_route=\/wp\/v2\/posts\/5734"}],"collection":[{"href":"http:\/\/www.movimientocaamanista.com\/index.php?rest_route=\/wp\/v2\/posts"}],"about":[{"href":"http:\/\/www.movimientocaamanista.com\/index.php?rest_route=\/wp\/v2\/types\/post"}],"author":[{"embeddable":true,"href":"http:\/\/www.movimientocaamanista.com\/index.php?rest_route=\/wp\/v2\/users\/1"}],"replies":[{"embeddable":true,"href":"http:\/\/www.movimientocaamanista.com\/index.php?rest_route=%2Fwp%2Fv2%2Fcomments&post=5734"}],"version-history":[{"count":1,"href":"http:\/\/www.movimientocaamanista.com\/index.php?rest_route=\/wp\/v2\/posts\/5734\/revisions"}],"predecessor-version":[{"id":5736,"href":"http:\/\/www.movimientocaamanista.com\/index.php?rest_route=\/wp\/v2\/posts\/5734\/revisions\/5736"}],"wp:featuredmedia":[{"embeddable":true,"href":"http:\/\/www.movimientocaamanista.com\/index.php?rest_route=\/wp\/v2\/media\/5735"}],"wp:attachment":[{"href":"http:\/\/www.movimientocaamanista.com\/index.php?rest_route=%2Fwp%2Fv2%2Fmedia&parent=5734"}],"wp:term":[{"taxonomy":"category","embeddable":true,"href":"http:\/\/www.movimientocaamanista.com\/index.php?rest_route=%2Fwp%2Fv2%2Fcategories&post=5734"},{"taxonomy":"post_tag","embeddable":true,"href":"http:\/\/www.movimientocaamanista.com\/index.php?rest_route=%2Fwp%2Fv2%2Ftags&post=5734"}],"curies":[{"name":"wp","href":"https:\/\/api.w.org\/{rel}","templated":true}]}}