{"id":5747,"date":"2022-01-09T14:05:46","date_gmt":"2022-01-09T14:05:46","guid":{"rendered":"http:\/\/www.movimientocaamanista.com\/?p=5747"},"modified":"2022-01-09T14:05:50","modified_gmt":"2022-01-09T14:05:50","slug":"sindemia-pandemia-importa-el-nombre-que-le-demos","status":"publish","type":"post","link":"http:\/\/www.movimientocaamanista.com\/?p=5747","title":{"rendered":"Sindemia, pandemia\u2026 \u00bfImporta el nombre que le demos?"},"content":{"rendered":"\n<p>Mar\u00eda Teresa Tejedor Junco<\/p>\n\n\n\n<p>Fuente: <a href=\"https:\/\/theconversation.com\/sindemia-pandemia-importa-el-nombre-que-le-demos-152366\">The Conversation<\/a><\/p>\n\n\n\n<p>Nos hemos pasado gran parte de 2020 hablando de la pandemia de covid-19. La enfermedad parec\u00eda reunir todos los requisitos para ser considerada pand\u00e9mica. Se trata de una epidemia que afecta a un enorme n\u00famero de personas y se ha extendido a zonas de todo el mundo.<\/p>\n\n\n\n<p>En septiembre, la prestigiosa revista&nbsp;<a href=\"https:\/\/www.thelancet.com\/journals\/lancet\/article\/PIIS0140-6736(20)32000-6\/fulltext\"><em>The Lancet<\/em> publicaba un art\u00edculo<\/a>&nbsp;donde explicaba que la covid-19 no es una pandemia, sino una sindemia.<\/p>\n\n\n\n<h2 class=\"wp-block-heading\">\u00bfQue significa sindemia?<\/h2>\n\n\n\n<p>Este t\u00e9rmino fue propuesto en los a\u00f1os 90 por Merril Singer, un antrop\u00f3logo m\u00e9dico. Deriva de \u201csinergia\u201d y \u201cepidemia\u201d. Inicialmente se refer\u00eda a dos epidemias que se retroalimentaban, causando un efecto superior a la suma de ambas.<\/p>\n\n\n\n<p>La teor\u00eda sind\u00e9mica propone que las enfermedades ocurren simult\u00e1neamente en determinadas \u00e9pocas o zonas geogr\u00e1ficas. La causa es la existencia de condicionantes sociales negativos. Las enfermedades interact\u00faan a nivel individual y grupal, potenciando sus efectos perjudiciales sobre la salud.<\/p>\n\n\n\n<p>Actualmente, una sindemia se define como una sinergia de epidemias que coexisten en un tiempo y lugar. Adem\u00e1s, interact\u00faan entre s\u00ed y comparten factores sociales subyacentes. Estos aumentan la susceptibilidad de un grupo poblacional a una enfermedad o empeoran su pron\u00f3stico.<\/p>\n\n\n\n<p>Va mucho m\u00e1s all\u00e1 de la comorbilidad. Esta se refiere exclusivamente a enfermedades o trastornos que suelen darse de forma conjunta. Cuando hablamos de sindemia, sin embargo, incluimos&nbsp;<a href=\"https:\/\/theconversation.com\/los-silencios-de-la-covid-19-de-una-pandemia-a-una-sindemia-151994\">cuestiones sociales, econ\u00f3micas<\/a>, pol\u00edticas, ecol\u00f3gicas, etc.<\/p>\n\n\n\n<p>En algunos casos, la existencia de una sindemia est\u00e1 clara. En otros,&nbsp;<a href=\"https:\/\/www.ncbi.nlm.nih.gov\/pmc\/articles\/PMC4755906\/\">no se ha podido demostrar si los problemas co-ocurren independientemente, si existe una relaci\u00f3n causa-efecto o si realmente se amplifican mutuamente. <\/a><\/p>\n\n\n\n<h2 class=\"wp-block-heading\">S\u00edndrome de SAVA<\/h2>\n\n\n\n<p>Singer y sus colaboradores investigaban el uso de drogas en comunidades de bajos ingresos en Estados Unidos (EEUU).<\/p>\n\n\n\n<p>Descubrieron que muchas personas que se inyectaban drogas padec\u00edan tambi\u00e9n otras enfermedades (tuberculosis, enfermedades de transmisi\u00f3n sexual, sida). En determinados casos, la combinaci\u00f3n amplificaba el da\u00f1o.<\/p>\n\n\n\n<p>Las investigaciones de Singer llevaron a proponer el&nbsp;<a href=\"https:\/\/ojs.library.okstate.edu\/osu\/index.php\/FICS\/article\/view\/6986\/6446\">s\u00edndrome de SAVA<\/a>, en el que inclu\u00edan el abuso de drogas, la violencia y el sida. Estos factores interactuaban entre s\u00ed, causando una sindemia en los grupos m\u00e1s pobres de los centros urbanos.<\/p>\n\n\n\n<h2 class=\"wp-block-heading\">\u00bfEs la actual pandemia de COVID-19 una sindemia?<\/h2>\n\n\n\n<p>En la covid-19 hay una clara interacci\u00f3n con otras enfermedades no transmisibles, como la&nbsp;<a href=\"https:\/\/www.google.com\/url?sa=t&amp;rct=j&amp;q=&amp;esrc=s&amp;source=web&amp;cd=&amp;cad=rja&amp;uact=8&amp;ved=2ahUKEwiFk5XMyvXtAhUYi1wKHR-ADm8QFjACegQIAxAC&amp;url=https%3A%2F%2Fwww.mscbs.gob.es%2Fprofesionales%2FsaludPublica%2Fccayes%2FalertasActual%2FnCov%2Fdocumentos%2FITCoronavirus.pdf&amp;usg=AOvVaw0e60dQ6xnUJ66KzZGa64xD\">hipertensi\u00f3n, la obesidad, la diabetes y otras enfermedades cr\u00f3nicas<\/a>. Estas son especialmente frecuentes en determinados grupos de poblaci\u00f3n, como los ancianos o las personas con bajos ingresos econ\u00f3micos.<\/p>\n\n\n\n<p>Por otra parte, sabemos que el origen de la pandemia se encuentra en el contacto con animales salvajes. Por lo tanto, la prevenci\u00f3n debe analizar tambi\u00e9n cuestiones ecol\u00f3gicas.<\/p>\n\n\n\n<p>Sin embargo, hay autores que proponen que&nbsp;<a href=\"https:\/\/www.thelancet.com\/journals\/lancet\/article\/PIIS0140-6736(20)32218-2\/fulltext\">el contexto importa<\/a>. Por ejemplo, la situaci\u00f3n en EEUU es totalmente diferente a la de Nueva Zelanda.<\/p>\n\n\n\n<p>En EEUU, las altas tasas de obesidad, diabetes e hipertensi\u00f3n, unidas al problema racial, la ausencia de un sistema de salud accesible, y la falta de liderazgo pol\u00edtico han convertido a la covid-19 en una sindemia.<\/p>\n\n\n\n<p>Pero&nbsp;<a href=\"https:\/\/theconversation.com\/three-reasons-why-jacinda-arderns-coronavirus-response-has-been-a-masterclass-in-crisis-leadership-135541\">en Nueva Zelanda<\/a>, la situaci\u00f3n ha sido totalmente distinta. Su impacto ha sido mucho menor y no puede considerarse una enfermedad sind\u00e9mica.<\/p>\n\n\n\n<h2 class=\"wp-block-heading\">Otras sindemias<\/h2>\n\n\n\n<p>Varios autores han analizado diversos problemas de salud global desde la perspectiva sind\u00e9mica.<\/p>\n\n\n\n<p>Un ejemplo ser\u00eda la \u201c<a href=\"https:\/\/www.thelancet.com\/commissions\/global-syndemic\">sindemia global de obesidad, desnutrici\u00f3n y cambio clim\u00e1tico<\/a>\u201d. En principio, parece una contradicci\u00f3n. Los autores proponen que los actuales sistemas alimentarios causan malnutrici\u00f3n (incluyendo aqu\u00ed tanto la desnutrici\u00f3n como la obesidad).<\/p>\n\n\n\n<p>Pero tambi\u00e9n influyen en el cambio clim\u00e1tico, ya que producci\u00f3n de alimentos genera m\u00e1s del 30% de las emisiones de gases de efecto invernadero. Por otra parte, el cambio clim\u00e1tico causa sequ\u00edas e inundaciones que acaban con las cosechas. De este modo, muchas personas pierden los pocos alimentos de que dispon\u00edan.<\/p>\n\n\n\n<p>Las acciones orientadas a mejorar los sistemas de producci\u00f3n y luchar contra el cambio clim\u00e1tico ser\u00e1n tan importantes como las intervenciones sanitarias para evitar los problemas de salud derivados de la malnutrici\u00f3n.<\/p>\n\n\n\n<p>Tambi\u00e9n se ha descrito una&nbsp;<a href=\"https:\/\/www.ncbi.nlm.nih.gov\/pmc\/articles\/PMC4600415\/#R55\">sindemia de depresi\u00f3n y diabetes<\/a>. Estas dos enfermedades mantienen una relaci\u00f3n bidireccional.<\/p>\n\n\n\n<p>La depresi\u00f3n en las personas diab\u00e9ticas se asocia con una menor adherencia al tratamiento de la diabetes. Tambi\u00e9n con numerosas complicaciones de la enfermedad y un control gluc\u00e9mico deficiente.<\/p>\n\n\n\n<p>Por otro lado,&nbsp;<a href=\"https:\/\/www.google.com\/url?sa=t&amp;rct=j&amp;q=&amp;esrc=s&amp;source=web&amp;cd=&amp;cad=rja&amp;uact=8&amp;ved=2ahUKEwjDjZSXy_XtAhXXi1wKHbDtDjYQFjACegQIARAC&amp;url=https%3A%2F%2Fwww.who.int%2Fes%2Fnews-room%2Ffact-sheets%2Fdetail%2Fdiabetes&amp;usg=AOvVaw0_RF9SmbzaYe1-I4_y5y6C\">la prevalencia de la depresi\u00f3n en personas con diabetes es dos veces superior a la de la poblaci\u00f3n general<\/a>.<\/p>\n\n\n\n<p>En ambas patolog\u00edas influyen factores econ\u00f3micos y sociales. \u00c9stos llevan a una dieta inadecuada, falta de ejercicio f\u00edsico, ansiedad y estr\u00e9s. Factores que hacen que el ciclo se retroalimente.<\/p>\n\n\n\n<h2 class=\"wp-block-heading\">\u00bfQu\u00e9 aporta el concepto sindemia?<\/h2>\n\n\n\n<p>En&nbsp;<em>Romeo y Julieta<\/em>, Shakespeare escribi\u00f3 que \u201cla rosa no dejar\u00eda de ser rosa, y de esparcir su aroma, aunque se llamase de otro modo\u201d. Por otro lado, en su poema&nbsp;<em>El Golem<\/em>, Borges expresaba que \u201cel nombre es el arquetipo de la cosa, en las letras de \u2018rosa\u2019 est\u00e1 la rosa y todo el Nilo en la palabra \u2018Nilo\u201d.<\/p>\n\n\n\n<p>Coincidiendo con lo que escrib\u00eda Borges, elegir la palabra adecuada es importante, ya que las palabras evocan ideas y conceptos.<\/p>\n\n\n\n<p>Cuando hablamos de sindemia, ponemos el \u00e9nfasis en cuestiones que van m\u00e1s all\u00e1 de las puramente biom\u00e9dicas. Nos hace pensar en otros factores que pueden condicionar la evoluci\u00f3n de la enfermedad.<\/p>\n\n\n\n<h2 class=\"wp-block-heading\">C\u00f3mo evitar futuras sindemias<\/h2>\n\n\n\n<p>La prevenci\u00f3n y la soluci\u00f3n de las sindemias no pueden abordarse \u00fanicamente desde el punto de vista del pat\u00f3geno o de la causa biol\u00f3gica. Van m\u00e1s all\u00e1 de tratar a los pacientes o buscar una vacuna.<\/p>\n\n\n\n<p>Para evitar futuras sindemias hace falta un enfoque integral, y para ello hay que solucionar tambi\u00e9n los problemas subyacentes.<\/p>\n\n\n\n<p>Debemos<a href=\"https:\/\/theconversation.com\/los-silencios-de-la-covid-19-de-una-pandemia-a-una-sindemia-151994\"> abordar los factores estructurales<\/a>&nbsp;que hacen que a determinados colectivos les resulte m\u00e1s dif\u00edcil acceder a los sistemas de salud o seguir una dieta adecuada.<\/p>\n\n\n\n<p>Luchar contra el cambio clim\u00e1tico y la deforestaci\u00f3n, conservar la biodiversidad, son acciones que contribuir\u00e1n a disminuir el riesgo de zoonosis.<\/p>\n\n\n\n<p>Los tratamientos y vacunas son evidentemente importantes. Pero tambi\u00e9n es fundamental llevar a cabo actuaciones para corregir los factores sociales, econ\u00f3micos y ecol\u00f3gicos que amplifican el efecto de estas enfermedades.<\/p>\n\n\n\n<p>Actualmente estamos centrados en la covid-19. Eso s\u00ed, ya hay iniciativas orientadas a evitar futuras pandemias o sindemias. La mejor forma de luchar contra ellas es evitar que aparezcan.<\/p>\n","protected":false},"excerpt":{"rendered":"<p>Mar\u00eda Teresa Tejedor Junco Fuente: The Conversation Nos hemos pasado gran parte de 2020 hablando de la pandemia de covid-19. La enfermedad parec\u00eda reunir todos los requisitos para ser considerada pand\u00e9mica. Se trata de una epidemia que afecta a un enorme n\u00famero de personas y se ha extendido a zonas de todo el mundo. En [&hellip;]<\/p>\n","protected":false},"author":1,"featured_media":1552,"comment_status":"open","ping_status":"open","sticky":false,"template":"","format":"standard","meta":{"footnotes":""},"categories":[4],"tags":[],"_links":{"self":[{"href":"http:\/\/www.movimientocaamanista.com\/index.php?rest_route=\/wp\/v2\/posts\/5747"}],"collection":[{"href":"http:\/\/www.movimientocaamanista.com\/index.php?rest_route=\/wp\/v2\/posts"}],"about":[{"href":"http:\/\/www.movimientocaamanista.com\/index.php?rest_route=\/wp\/v2\/types\/post"}],"author":[{"embeddable":true,"href":"http:\/\/www.movimientocaamanista.com\/index.php?rest_route=\/wp\/v2\/users\/1"}],"replies":[{"embeddable":true,"href":"http:\/\/www.movimientocaamanista.com\/index.php?rest_route=%2Fwp%2Fv2%2Fcomments&post=5747"}],"version-history":[{"count":1,"href":"http:\/\/www.movimientocaamanista.com\/index.php?rest_route=\/wp\/v2\/posts\/5747\/revisions"}],"predecessor-version":[{"id":5748,"href":"http:\/\/www.movimientocaamanista.com\/index.php?rest_route=\/wp\/v2\/posts\/5747\/revisions\/5748"}],"wp:featuredmedia":[{"embeddable":true,"href":"http:\/\/www.movimientocaamanista.com\/index.php?rest_route=\/wp\/v2\/media\/1552"}],"wp:attachment":[{"href":"http:\/\/www.movimientocaamanista.com\/index.php?rest_route=%2Fwp%2Fv2%2Fmedia&parent=5747"}],"wp:term":[{"taxonomy":"category","embeddable":true,"href":"http:\/\/www.movimientocaamanista.com\/index.php?rest_route=%2Fwp%2Fv2%2Fcategories&post=5747"},{"taxonomy":"post_tag","embeddable":true,"href":"http:\/\/www.movimientocaamanista.com\/index.php?rest_route=%2Fwp%2Fv2%2Ftags&post=5747"}],"curies":[{"name":"wp","href":"https:\/\/api.w.org\/{rel}","templated":true}]}}