{"id":5749,"date":"2022-01-09T14:13:27","date_gmt":"2022-01-09T14:13:27","guid":{"rendered":"http:\/\/www.movimientocaamanista.com\/?p=5749"},"modified":"2022-01-09T14:13:32","modified_gmt":"2022-01-09T14:13:32","slug":"los-costes-ocultos-que-la-gestion-de-la-pandemia-tiene-para-los-ninos","status":"publish","type":"post","link":"http:\/\/www.movimientocaamanista.com\/?p=5749","title":{"rendered":"Los costes ocultos que la gesti\u00f3n de la pandemia tiene para los ni\u00f1os"},"content":{"rendered":"\n<p>Iv\u00e1n Rodr\u00edguez Pascual<\/p>\n\n\n\n<p>Fuente: <a href=\"https:\/\/theconversation.com\/los-costes-ocultos-que-la-gestion-de-la-pandemia-tiene-para-los-ninos-172343\">The Conversation<\/a><\/p>\n\n\n\n<p>En el momento de escribir estas l\u00edneas la sombra de una sexta ola de la covid-19 se cierne sobre gran parte de Europa. Junto a los debates relativos al alcance y efectividad de las vacunas conviven otros que parecen devolvernos a los momentos iniciales de la pandemia. Muchos de ellos tienen a ni\u00f1as y ni\u00f1os como protagonistas. Sobre su papel en la propagaci\u00f3n de la enfermedad y la conveniencia de mantener abiertas las escuelas \u00bfEs posible que todav\u00eda desconozcamos cu\u00e1les son las mejores decisiones a tomar cuando se trata de la poblaci\u00f3n infantil?<\/p>\n\n\n\n<p>No parece que sea el caso. Intuimos pronto&nbsp;<a href=\"https:\/\/adc.bmj.com\/content\/105\/7\/618\">el papel real que este grupo de poblaci\u00f3n representaba en la infecci\u00f3n<\/a>. Sociedades cient\u00edficas influyentes como la Academia Americana de Pediatr\u00eda han mostrado&nbsp;<a href=\"https:\/\/publications.aap.org\/pediatrics\/article\/146\/2\/e2020004879\/36879\/COVID-19-Transmission-and-Children-The-Child-Is\">su rechazo a considerar que los ni\u00f1os sean superpropagadores de la covid-19<\/a>. El retorno a la docencia presencial tras la primera ola y meses de cierre educativo en muchos pa\u00edses&nbsp;<a href=\"https:\/\/elpais.com\/buenavida\/salud\/2020-11-18\/por-que-los-colegios-no-se-han-convertido-en-un-foco-de-contagios-de-covid.html\">no se tradujo en el esperado agravamiento de los contagios<\/a>. Tampoco han sido transmisores destacados en el \u00e1mbito familiar: un&nbsp;<a href=\"https:\/\/www.vallhebron.com\/es\/noticias\/un-estudio-prospectivo-de-vall-dhebron-confirma-que-los-menores-de-edad-son-poco\">estudio del Hospital Vall d\u2019Hebron de Barcelona<\/a>&nbsp;as\u00ed lo conclu\u00eda, tras el verano de 2020.<\/p>\n\n\n\n<p>La recomendaci\u00f3n m\u00e1s actualizada del&nbsp;<a href=\"https:\/\/www.ecdc.europa.eu\/en\/publications-data\/children-and-school-settings-covid-19-transmission\">Centro Europeo de Control de Enfermedades<\/a>&nbsp;es que el cierre de escuelas quedar\u00eda justificado solo como \u00faltimo recurso, dados sus importantes costes para la poblaci\u00f3n infantil. Por otro lado,&nbsp;<a href=\"https:\/\/unsdg.un.org\/sites\/default\/files\/2020-04\/160420_Covid_Children_Policy_Brief.pdf\">como ha revelado UNICEF<\/a>, el cierre educativo y otras medidas de la gesti\u00f3n pand\u00e9mica tienen un importante coste en t\u00e9rminos de desarrollo, seguridad personal y empeoramiento de la pobreza infantil. Las&nbsp;<a href=\"https:\/\/www.aepnya.eu\/index.php\/revistaaepnya\/article\/view\/355\">consecuencias que sobre la salud mental de la poblaci\u00f3n infantil y adolescente tienen este tipo de decisiones<\/a>&nbsp;est\u00e1n bien documentadas.<\/p>\n\n\n\n<p>\u00bfPor qu\u00e9, entonces, muchas personas adultas siguen pensando en la poblaci\u00f3n infantil con desconfianza y apoyar\u00edan medidas de dudosa eficacia?<\/p>\n\n\n\n<p>Es posible que la respuesta debamos buscarla fuera de la epidemolog\u00eda. Tiene m\u00e1s que ver con la manera en que concebimos la infancia, su lugar en la sociedad y nuestros prejuicios como adultos hacia ni\u00f1os y ni\u00f1as.<\/p>\n\n\n\n<p>Para empezar, muchas de las decisiones que han fundamentado nuestra manera de enfrentar la pandemia esconden una forma de&nbsp;<a href=\"https:\/\/link.springer.com\/article\/10.17269%2Fs41997-020-00410-6\">injusticia social radicada en que se han ignorado casi por completo los intereses y voces diversas de infantes y adolescentes<\/a>. Desde el inicio se les considera poco capacitados para intervenir y participar en la discusi\u00f3n p\u00fablica.<\/p>\n\n\n\n<p>Adem\u00e1s, gestionamos la pandemia desde una postura que sufre de cierta ceguera ante los costes que nuestras decisiones tienen sobre sus vidas.<\/p>\n\n\n\n<figure class=\"wp-block-image\"><a href=\"https:\/\/images.theconversation.com\/files\/435426\/original\/file-20211202-22405-1klt79m.jpg?ixlib=rb-1.1.0&amp;q=45&amp;auto=format&amp;w=1000&amp;fit=clip\"><img decoding=\"async\" src=\"https:\/\/images.theconversation.com\/files\/435426\/original\/file-20211202-22405-1klt79m.jpg?ixlib=rb-1.1.0&amp;q=45&amp;auto=format&amp;w=754&amp;fit=clip\" alt=\"\"\/><\/a><figcaption><a href=\"https:\/\/www.shutterstock.com\/es\/image-photo\/childrens-playground-spain-closed-due-covid19-1871096437\">Shutterstock \/ Javidestock<\/a><\/figcaption><\/figure>\n\n\n\n<p>Pensemos, por ejemplo, en los confinamientos a los que se someti\u00f3 gran parte de la poblaci\u00f3n mundial en la primavera de 2020. Es muy probable que&nbsp;<a href=\"https:\/\/theconversation.com\/la-infancia-la-gran-perjudicada-por-la-pandemia-148500\">hayan sido el grupo de poblaci\u00f3n m\u00e1s afectado por estas medidas<\/a>. Algunos de ellos, como en Espa\u00f1a,&nbsp;<a href=\"https:\/\/www.eldiario.es\/internacional\/comparativa-paises-europeos-empiezan-colegio_1_2719899.html\">fueron particularmente restrictivos con la poblaci\u00f3n infantil<\/a>. Dejaron pr\u00e1cticamente en suspenso sus derechos, limitaron su movilidad en mucho mayor grado que la de la poblaci\u00f3n adulta y contaron poco o nada con sus necesidades.<\/p>\n\n\n\n<p>Adem\u00e1s, all\u00ed donde se les etiquet\u00f3 como vectores de transmisi\u00f3n (como sucedi\u00f3 en Espa\u00f1a) se produjo incluso cierto grado evidente de discriminaci\u00f3n y deshumanizaci\u00f3n, al&nbsp;<a href=\"https:\/\/theconversation.com\/calling-children-vectors-during-covid-19-is-turning-into-discrimination-171041\">aplicarles una denominaci\u00f3n deformante<\/a>&nbsp;que en el mundo de la investigaci\u00f3n biom\u00e9dica se reserva para animales y par\u00e1sitos.<\/p>\n\n\n\n<p>No es descartable que, merced a esta insistencia en identificarles como ingobernables transmisores de la enfermedad, se haya&nbsp;<a href=\"https:\/\/redib.org\/Record\/oai_articulo3270504-%C2%BFde-invisibilidad-a-estigmatizaci%C3%B3n-sociolog%C3%ADa-del-adultismo-en-tiempos-de-pandemia\">contribuido a su estigmatizaci\u00f3n<\/a>. En consecuencia, se ha generado miedo y rechazo ante conductas infantiles que son perfectamente normales.<\/p>\n\n\n\n<figure class=\"wp-block-image\"><a href=\"https:\/\/images.theconversation.com\/files\/435421\/original\/file-20211202-23-h2ka07.jpg?ixlib=rb-1.1.0&amp;rect=0%2C11%2C7940%2C5285&amp;q=45&amp;auto=format&amp;w=1000&amp;fit=clip\"><img decoding=\"async\" src=\"https:\/\/images.theconversation.com\/files\/435421\/original\/file-20211202-23-h2ka07.jpg?ixlib=rb-1.1.0&amp;rect=0%2C11%2C7940%2C5285&amp;q=45&amp;auto=format&amp;w=754&amp;fit=clip\" alt=\"\"\/><\/a><figcaption><a href=\"https:\/\/theconversation.com\/drafts\/170733\/edit\">Shutterstock \/ G.Tbov<\/a><\/figcaption><\/figure>\n\n\n\n<h2 class=\"wp-block-heading\">La culpa no la tiene el coronavirus<\/h2>\n\n\n\n<p>Es llamarse a enga\u00f1o pensar que estos costes ocultos son producto de la covid-19 porque solo lo son indirectamente. La causa \u00faltima es la perspectiva sesgada desde la que se toman decisiones que, concerniendo a ni\u00f1as y ni\u00f1os, nunca les tienen seriamente en cuenta.<\/p>\n\n\n\n<p>Desde marzo de 2020 muchas sociedades han entendido que los derechos de la poblaci\u00f3n infantil y el respeto por los mismos es algo incompatible o irreconciliable con las prioridades del mundo adulto, generalmente centradas en la recuperaci\u00f3n econ\u00f3mica y de las libertades individuales que la pandemia nos arrebat\u00f3. En esta tensi\u00f3n, la obvia asimetr\u00eda de poder que existe entre ni\u00f1os y personas adultas hace que la balanza se est\u00e9 inclinando sistem\u00e1ticamente del lado de las segundas.<\/p>\n\n\n\n<p>A estas alturas de la pandemia vivimos en contextos donde a\u00fan se asume con naturalidad&nbsp;<a href=\"https:\/\/plataformadeinfancia.org\/noalcierredeparques-pedimos-no-prohibir-el-uso-de-los-parques-infantiles-de-manera-sistematica\/\">que se cierren los parques infantiles<\/a>. O en los que ni\u00f1as y ni\u00f1os deben, bajo la vigilancia estricta de los docentes, llevar una mascarilla en la escuela durante horas mientras las personas adultas pueden despojarse de ella en cuanto acuden a un restaurante.<\/p>\n\n\n\n<p>Esto sigue generando importantes consecuencias para el colectivo que quiz\u00e1s no estemos identificando adecuadamente.<\/p>\n\n\n\n<p>La vacunaci\u00f3n ha cambiado el escenario, pero no bajemos la guardia. El virus sigue mutando y los ni\u00f1os est\u00e1n en el furg\u00f3n de cola de la vacuna. No es improbable un futuro en el que crezca su afectaci\u00f3n y protagonicen m\u00e1s contagios, reforzando as\u00ed los estereotipos que est\u00e1n detr\u00e1s de esta injusta gesti\u00f3n pand\u00e9mica que describimos en este texto.<\/p>\n\n\n\n<p>Aceptar esta gesti\u00f3n es aceptar tambi\u00e9n que sus intereses y necesidades cotizan a la baja en estos tiempos de crisis, y que dependen de que antes puedan hacerse efectivas las demandas del mundo adulto. Incluso cuando estas solo parezcan conducir cada vez hasta la siguiente ola pand\u00e9mica.<\/p>\n","protected":false},"excerpt":{"rendered":"<p>Iv\u00e1n Rodr\u00edguez Pascual Fuente: The Conversation En el momento de escribir estas l\u00edneas la sombra de una sexta ola de la covid-19 se cierne sobre gran parte de Europa. Junto a los debates relativos al alcance y efectividad de las vacunas conviven otros que parecen devolvernos a los momentos iniciales de la pandemia. Muchos de [&hellip;]<\/p>\n","protected":false},"author":1,"featured_media":4024,"comment_status":"open","ping_status":"open","sticky":false,"template":"","format":"standard","meta":{"footnotes":""},"categories":[4],"tags":[],"_links":{"self":[{"href":"http:\/\/www.movimientocaamanista.com\/index.php?rest_route=\/wp\/v2\/posts\/5749"}],"collection":[{"href":"http:\/\/www.movimientocaamanista.com\/index.php?rest_route=\/wp\/v2\/posts"}],"about":[{"href":"http:\/\/www.movimientocaamanista.com\/index.php?rest_route=\/wp\/v2\/types\/post"}],"author":[{"embeddable":true,"href":"http:\/\/www.movimientocaamanista.com\/index.php?rest_route=\/wp\/v2\/users\/1"}],"replies":[{"embeddable":true,"href":"http:\/\/www.movimientocaamanista.com\/index.php?rest_route=%2Fwp%2Fv2%2Fcomments&post=5749"}],"version-history":[{"count":1,"href":"http:\/\/www.movimientocaamanista.com\/index.php?rest_route=\/wp\/v2\/posts\/5749\/revisions"}],"predecessor-version":[{"id":5750,"href":"http:\/\/www.movimientocaamanista.com\/index.php?rest_route=\/wp\/v2\/posts\/5749\/revisions\/5750"}],"wp:featuredmedia":[{"embeddable":true,"href":"http:\/\/www.movimientocaamanista.com\/index.php?rest_route=\/wp\/v2\/media\/4024"}],"wp:attachment":[{"href":"http:\/\/www.movimientocaamanista.com\/index.php?rest_route=%2Fwp%2Fv2%2Fmedia&parent=5749"}],"wp:term":[{"taxonomy":"category","embeddable":true,"href":"http:\/\/www.movimientocaamanista.com\/index.php?rest_route=%2Fwp%2Fv2%2Fcategories&post=5749"},{"taxonomy":"post_tag","embeddable":true,"href":"http:\/\/www.movimientocaamanista.com\/index.php?rest_route=%2Fwp%2Fv2%2Ftags&post=5749"}],"curies":[{"name":"wp","href":"https:\/\/api.w.org\/{rel}","templated":true}]}}