{"id":5751,"date":"2022-01-09T14:16:32","date_gmt":"2022-01-09T14:16:32","guid":{"rendered":"http:\/\/www.movimientocaamanista.com\/?p=5751"},"modified":"2022-01-09T14:16:36","modified_gmt":"2022-01-09T14:16:36","slug":"ciencia-2021-logramos-vacunar-pero-olvidamos-lo-que-significa-una-pandemia","status":"publish","type":"post","link":"http:\/\/www.movimientocaamanista.com\/?p=5751","title":{"rendered":"Ciencia 2021: logramos vacunar pero olvidamos lo que significa una pandemia"},"content":{"rendered":"\n<p>Sergio Ferrer P\u00e9rez<\/p>\n\n\n\n<p>Fuente: <a href=\"https:\/\/theconversation.com\/ciencia-2021-logramos-vacunar-pero-olvidamos-lo-que-significa-una-pandemia-174230\">The Conversation<\/a><\/p>\n\n\n\n<p>El a\u00f1o pasado dejamos a nuestros protagonistas, la poblaci\u00f3n entera del planeta Tierra,&nbsp;<a href=\"https:\/\/theconversation.com\/ciencia-2020-el-coronavirus-que-acorralo-a-la-humanidad-152583\">acorralados ante un nuevo coronavirus<\/a>. Parec\u00edan a punto de ser derrotados por la pandemia de covid-19 cuando llegaron las primeras vacunas. Justo cuando terminaba 2020, las primeras dosis comenzaron a ser inyectadas en los brazos de algunos afortunados. \u00bfEra este el principio del fin?<\/p>\n\n\n\n<h2 class=\"wp-block-heading\">Sindemia<\/h2>\n\n\n\n<p>Este a\u00f1o aprendimos que la covid-19 es algo m\u00e1s que una pandemia: es tambi\u00e9n una&nbsp;<em>sindemia<\/em>. La investigadora de la Universidad de las Palmas de Gran Canaria Mar\u00eda Teresa Tejedor&nbsp;<a href=\"https:\/\/theconversation.com\/sindemia-pandemia-importa-el-nombre-que-le-demos-152366\">nos explicaba el concepto<\/a>. La situaci\u00f3n que vivimos va m\u00e1s all\u00e1 del propio coronavirus, que se entrelaza con cuestiones sociales, econ\u00f3micas, pol\u00edticas, laborales y hasta ecol\u00f3gicas. Solo si atajamos sus causas \u00faltimas podremos paliar los efectos de la crisis. La edad y la hipertensi\u00f3n son factores de riesgo por motivos biol\u00f3gicos. La pobreza y la raza lo son por otras razones.<\/p>\n\n\n\n<h2 class=\"wp-block-heading\">Fatiga pand\u00e9mica<\/h2>\n\n\n\n<p>Tambi\u00e9n entendimos lo larga que puede ser (y puede hacerse) una pandemia. Esta no es una carrera de cien metros lisos, sino una marat\u00f3n. De forma indirecta, el SARS-CoV-2 ataca a nuestra salud mental y a nuestras relaciones personales. \u201cFatiga pand\u00e9mica\u201d es un concepto cuyo alcance solo hoy empezamos a comprender. Varios investigadores nos dieron&nbsp;<a href=\"https:\/\/theconversation.com\/como-evitar-que-la-fatiga-pandemica-nos-haga-bajar-la-guardia-160476\">una receta para combatirla sin bajar la guardia<\/a>&nbsp;que medio a\u00f1o m\u00e1s tarde sigue estando muy vigente. Una de las claves: se\u00f1alar todo lo que hemos conseguido como sociedad hasta ahora, m\u00e1s que los incumplimientos puntuales.<\/p>\n\n\n\n<h2 class=\"wp-block-heading\">Responsabilidad individual<\/h2>\n\n\n\n<p>\u201cResponsabilidad individual\u201d es otra de las frases m\u00e1s repetidas de la pandemia. Si en 2020 pens\u00e1bamos que esta era una clave fundamental en la lucha contra el virus, este a\u00f1o nos dimos cuenta de que se trataba solo de la punta del iceberg. Sin quitar peso a la necesaria colaboraci\u00f3n ciudadana, el investigador de FISABIO Salvador Peir\u00f3 nos cont\u00f3&nbsp;<a href=\"https:\/\/theconversation.com\/covid-19-el-repunte-de-la-transmision-en-jovenes-y-la-responsabilidad-individual-y-colectiva-163871\">por qu\u00e9 las enfermedades infecciosas son un problema colectivo que depende de actuaciones de salud p\u00fablica<\/a>. Estas, recordaba en julio, no consisten en reponer las mascarillas al aire libre.<\/p>\n\n\n\n<h2 class=\"wp-block-heading\">Injusticia infantil<\/h2>\n\n\n\n<p>Hemos tenido la enorme suerte de que la covid-19 no se cebara con los m\u00e1s peque\u00f1os, cuyos cuadros tienden a ser leves e incluso asintom\u00e1ticos. Pero esto no significa que hayan salido ilesos de la pandemia.&nbsp;<a href=\"https:\/\/theconversation.com\/los-costes-ocultos-que-la-gestion-de-la-pandemia-tiene-para-los-ninos-172343\">La gesti\u00f3n de esta crisis ha tenido costes ocultos<\/a>&nbsp;que el soci\u00f3logo de la Universidad de Huelva Iv\u00e1n Rodr\u00edguez enumeraba en un art\u00edculo. Tratar a ni\u00f1os y ni\u00f1as como vectores ha sido, en su opini\u00f3n, una suerte de injusticia social en la que se ha ignorado casi por completo los intereses de infantes y adolescentes mientras se priorizaban los de los adultos.<\/p>\n\n\n\n<h2 class=\"wp-block-heading\">\u00c9xito local<\/h2>\n\n\n\n<p>Pero este a\u00f1o ha sido, sobre todo, el a\u00f1o de las vacunas. Con ellas se han evitado millones de muertes y se ha cambiado por completo el escenario. Sin embargo, a pesar de su seguridad y eficacia, con ellas llegaron los bulos. Un grupo de investigadores encabezados por el vir\u00f3logo del King\u2019s College London Jos\u00e9 Manuel Jim\u00e9nez nos regal\u00f3 una&nbsp;<a href=\"https:\/\/theconversation.com\/guia-para-desmentir-24-bulos-sobre-la-vacuna-de-covid-19-152603\">gu\u00eda para desmentir 24 de los bulos m\u00e1s frecuentes<\/a>&nbsp;en los primeros meses de una campa\u00f1a de vacunaci\u00f3n que hoy sabemos que fue un \u00e9xito hist\u00f3rico.<\/p>\n\n\n\n<p>Por eso no debemos imitar a otros pa\u00edses que, a pesar de tener acceso a las vacunas, han sido m\u00e1s reticentes a utilizarlas. Las medidas punitivas contra los no vacunados, una diminuta minor\u00eda en Espa\u00f1a,&nbsp;<a href=\"https:\/\/theconversation.com\/por-que-no-deberiamos-adoptar-medidas-punitivas-contra-los-no-vacunados-174024\">pueden generar una brecha social, da\u00f1ar la confianza y fomentar medidas tan poco efectivas como los certificados covid<\/a>. Por eso, la soci\u00f3loga de la Universidad Complutense de Madrid Celia D\u00edaz apostaba por celebrar lo que nuestro pa\u00eds ha hecho bien para fortalecer esa sensaci\u00f3n de pertenencia a la sociedad y cohesionarnos entorno al bien com\u00fan.<\/p>\n\n\n\n<h2 class=\"wp-block-heading\">Desigualdad global<\/h2>\n\n\n\n<p>Precisamente porque este ha sido el a\u00f1o de las vacunas, resulta m\u00e1s doloroso que no hayan llegado por igual a todo el planeta. Algunos pa\u00edses acapararon suficientes dosis como para vacunar varias veces a toda su poblaci\u00f3n, incluidas terceras y cuartas dosis, mediante opacos contratos con farmac\u00e9uticas. Mientras, otros todav\u00eda tienen que esperar las sobras a punto de caducar. La desigualdad vacunal es uno de los grandes fracasos de 2021: la emergencia de la variante \u00f3micron en el continente menos vacunado del planeta deber\u00eda hacernos reflexionar sobre ello. Por eso, la epidemi\u00f3loga de la Universidad de Barcelona Carolina Dom\u00ednguez&nbsp;<a href=\"https:\/\/theconversation.com\/que-hemos-hecho-bien-en-espana-para-controlar-la-covid-19-tan-rapido-171316\">advert\u00eda contra el localismo<\/a>&nbsp;y defend\u00eda mirar m\u00e1s all\u00e1 de lo que pasa en nuestra comunidad.<\/p>\n\n\n\n<p>Quiz\u00e1 la fase aguda de la pandemia termine en 2022 y d\u00e9 paso a la pospandemia. Quiz\u00e1 no. Si algo hemos aprendido es que el coronavirus es m\u00e1s impredecible de lo que nos gustar\u00eda. Por suerte, 2021 ha sido&nbsp;<a href=\"https:\/\/theconversation.com\/diez-buenas-noticias-sobre-el-coronavirus-un-ano-despues-155892\">un a\u00f1o de buenas noticias para los pa\u00edses que han tenido acceso a vacunas y tratamientos<\/a>, tal y como defend\u00eda a principios de a\u00f1o el microbi\u00f3logo de la Universidad de Navarra Ignacio L\u00f3pez Go\u00f1i. Que 2022 sea un a\u00f1o mejor en el que podamos salir de esta crisis todos juntos, como vecinos de ese punto azul p\u00e1lido. Cualquier otro resultado no ser\u00eda un final feliz.<\/p>\n","protected":false},"excerpt":{"rendered":"<p>Sergio Ferrer P\u00e9rez Fuente: The Conversation El a\u00f1o pasado dejamos a nuestros protagonistas, la poblaci\u00f3n entera del planeta Tierra,&nbsp;acorralados ante un nuevo coronavirus. Parec\u00edan a punto de ser derrotados por la pandemia de covid-19 cuando llegaron las primeras vacunas. Justo cuando terminaba 2020, las primeras dosis comenzaron a ser inyectadas en los brazos de algunos [&hellip;]<\/p>\n","protected":false},"author":1,"featured_media":1484,"comment_status":"open","ping_status":"open","sticky":false,"template":"","format":"standard","meta":{"footnotes":""},"categories":[5,3],"tags":[],"_links":{"self":[{"href":"http:\/\/www.movimientocaamanista.com\/index.php?rest_route=\/wp\/v2\/posts\/5751"}],"collection":[{"href":"http:\/\/www.movimientocaamanista.com\/index.php?rest_route=\/wp\/v2\/posts"}],"about":[{"href":"http:\/\/www.movimientocaamanista.com\/index.php?rest_route=\/wp\/v2\/types\/post"}],"author":[{"embeddable":true,"href":"http:\/\/www.movimientocaamanista.com\/index.php?rest_route=\/wp\/v2\/users\/1"}],"replies":[{"embeddable":true,"href":"http:\/\/www.movimientocaamanista.com\/index.php?rest_route=%2Fwp%2Fv2%2Fcomments&post=5751"}],"version-history":[{"count":1,"href":"http:\/\/www.movimientocaamanista.com\/index.php?rest_route=\/wp\/v2\/posts\/5751\/revisions"}],"predecessor-version":[{"id":5752,"href":"http:\/\/www.movimientocaamanista.com\/index.php?rest_route=\/wp\/v2\/posts\/5751\/revisions\/5752"}],"wp:featuredmedia":[{"embeddable":true,"href":"http:\/\/www.movimientocaamanista.com\/index.php?rest_route=\/wp\/v2\/media\/1484"}],"wp:attachment":[{"href":"http:\/\/www.movimientocaamanista.com\/index.php?rest_route=%2Fwp%2Fv2%2Fmedia&parent=5751"}],"wp:term":[{"taxonomy":"category","embeddable":true,"href":"http:\/\/www.movimientocaamanista.com\/index.php?rest_route=%2Fwp%2Fv2%2Fcategories&post=5751"},{"taxonomy":"post_tag","embeddable":true,"href":"http:\/\/www.movimientocaamanista.com\/index.php?rest_route=%2Fwp%2Fv2%2Ftags&post=5751"}],"curies":[{"name":"wp","href":"https:\/\/api.w.org\/{rel}","templated":true}]}}