{"id":5753,"date":"2022-01-09T14:19:58","date_gmt":"2022-01-09T14:19:58","guid":{"rendered":"http:\/\/www.movimientocaamanista.com\/?p=5753"},"modified":"2022-01-09T14:19:59","modified_gmt":"2022-01-09T14:19:59","slug":"es-esta-la-nueva-normalidad","status":"publish","type":"post","link":"http:\/\/www.movimientocaamanista.com\/?p=5753","title":{"rendered":"\u00bfEs esta la nueva normalidad?"},"content":{"rendered":"\n<p>Marc Vandepitte<\/p>\n\n\n\n<p>Fuente: <a href=\"https:\/\/rebelion.org\/es-esta-la-nueva-normalidad\/\">Rebeli\u00f3n<\/a><\/p>\n\n\n\n<p>Traducido del neerland\u00e9s por Sven Magnus<\/p>\n\n\n\n<p>2021 fue un a\u00f1o agitado, lleno de imprevistos. Los partidarios de Trump asaltaron el Capitolio, no se resolvi\u00f3 la crisis del COVID-19 y la degeneraci\u00f3n del clima provoc\u00f3 inundaciones sin precedentes. \u00bfEs esta la nueva normalidad? Una mirada contradictoria a algunos de los acontecimientos llamativos del pasado a\u00f1o.<\/p>\n\n\n\n<h2 class=\"wp-block-heading\">La democracia amenazada en Estados Unidos<\/h2>\n\n\n\n<p>El 6 de enero varios miles de partidarios de Trump irrumpieron en el Capitolio para impedir que Biden fuera declarado presidente. Vimos im\u00e1genes que nadie esperaba en un pa\u00eds \u00abdemocr\u00e1tico\u00bb de Occidente. Este \u00abgolpe\u00bb fallido no fue en absoluto&nbsp;<a href=\"https:\/\/rebelion.org\/por-que-el-asalto-al-capitolio-es-solo-el-comienzo\/\">el fin de la era Trump<\/a>, sino todo lo contrario.<\/p>\n\n\n\n<p>El asalto al Capitolio radicaliz\u00f3 a\u00fan m\u00e1s al Partido Republicano. El&nbsp;<a href=\"https:\/\/edition.cnn.com\/2021\/04\/30\/politics\/cnn-poll-voting-rights\/index.html\">70%<\/a>&nbsp;de su base y una abrumadora mayor\u00eda de los funcionarios electos siguieron apoyando firmemente a Trump a pesar de este flagrante ataque al Estado de derecho. El&nbsp;<a href=\"https:\/\/www.americansurveycenter.org\/research\/after-the-ballots-are-counted-conspiracies-political-violence-and-american-exceptionalism\/\">56%<\/a>&nbsp;de los republicanos incluso cree justificada la violencia para \u00abproteger el modo de vida tradicional estadounidense\u00bb. Muchos de ellos opinan que los asaltantes son buenos patriotas.<\/p>\n\n\n\n<p>Mientras tanto, el Partido Republicano se ha&nbsp;<a href=\"https:\/\/www.theguardian.com\/commentisfree\/2021\/dec\/17\/republicans-plotting-destroy-democracy\">embarcado en una operaci\u00f3n<\/a>&nbsp;para asegurarse la victoria en las pr\u00f3ximas elecciones presidenciales. En los 19 estados en los que son mayor\u00eda se han aprobado leyes que dificulta votar a las personas de color. Los funcionarios que se opusieron al intento de Trump de socavar los resultados est\u00e1n siendo purgados y sustituidos por partidarios leales. En m\u00e1s de diez estados se han promulgado leyes que dan a los republicanos un fuerte control sobre el recuento y el control de las papeletas.<\/p>\n\n\n\n<p>\u00bfPuede Biden provocar un cambio? Hay pocas posibilidades. Hasta ahora no ha podido realizar ninguno de sus grandes planes y promesas. En primer lugar, porque&nbsp;<a href=\"https:\/\/www.ft.com\/content\/4e9907d0-06ea-469e-8f32-e07dcd69f1a8\">es prisionero de los poderosos grupos de presi\u00f3n<\/a>&nbsp;que le apoyaron durante su campa\u00f1a electoral. Los&nbsp;<a href=\"https:\/\/www.economist.com\/united-states\/2021\/12\/04\/the-buried-boon-to-the-wealthy-in-the-democrats-tax-plan\">planes de reducci\u00f3n de impuestos<\/a>&nbsp;beneficiar\u00e1n principalmente a la clase alta rica. Mientras tanto, la vida se encarece y la crisis del COVID-19 se prolonga. Mejor ni hablar de su torpeza durante la retirada de Afganist\u00e1n.<\/p>\n\n\n\n<p>Tiene una mayor\u00eda muy justa en el Senado y hay muchas luchas internas en el Partido Dem\u00f3crata. La popularidad de Biden ha ca\u00eddo&nbsp;<a href=\"https:\/\/news.gallup.com\/poll\/358343\/joe-biden-job-approval-rating-steady-december.aspx\">al 43%<\/a>. Es el&nbsp;<a href=\"https:\/\/www.knack.be\/nieuws\/wereld\/president-ontgoochelt-waarom-niemand-in-het-post-trumpjaar-blij-wordt-van-joe-biden\/article-longread-1812523.html\">segundo porcentaje m\u00e1s bajo<\/a>&nbsp;de un presidente en funciones al cabo de un a\u00f1o. En 2022 se arriesga a perder las elecciones parlamentarias de mitad de mandato, lo que le har\u00e1 a\u00fan m\u00e1s d\u00e9bil frente a Trump en 2024. Las pr\u00f3ximas elecciones presidenciales podr\u00edan convertirse en una crisis constitucional o algo peor.<\/p>\n\n\n\n<h2 class=\"wp-block-heading\">La interminable crisis del COVID-19<\/h2>\n\n\n\n<p>En 2020 la gesti\u00f3n de la crisis del COVID-19 en la mayor\u00eda de los pa\u00edses occidentales fue&nbsp;<a href=\"https:\/\/rebelion.org\/un-ano-de-covid-informe-demoledor-de-la-organizacion-mundial-de-la-salud-sobre-las-politicas-en-los-paises-occidentales\/\">desastrosa<\/a>. Los gobiernos no estaban preparados, reaccionaron demasiado tarde, y carecieron de valor pol\u00edtico y de decisi\u00f3n para cortar la pandemia de ra\u00edz. Adem\u00e1s, cuarenta a\u00f1os de pol\u00edticas neoliberales han afectado gravemente a la asistencia sanitaria. Como resultado, cientos de miles de personas perdieron la vida innecesariamente.<\/p>\n\n\n\n<p>Pero no hay que preocuparse, a principios de 2021 llegaron las vacunas como una especie de&nbsp;<em>deus ex m\u00e1quina, que<\/em>&nbsp;nos iban a llevar\u00edan r\u00e1pidamente de vuelta al \u00abreino de la libertad\u00bb. Una vez alcanzado un porcentaje suficientemente alto de vacunados en la poblaci\u00f3n, las medidas de seguridad se suprimieron inmediatamente. Libertad para ser feliz.<\/p>\n\n\n\n<p>Esa decisi\u00f3n fue&nbsp;<a href=\"https:\/\/rebelion.org\/la-crisis-de-la-covid-expone-dolorosamente-las-tendencias-pueriles-de-la-democracia-occidental\/\">muy miope<\/a>, porque Occidente piensa principalmente en s\u00ed mismo cuando se trata de la vacunaci\u00f3n y olvida que el virus no conoce fronteras. La inmunidad de grupo en un pa\u00eds o regi\u00f3n es una ilusi\u00f3n, el nacionalismo de las vacunas una idiotez. En un mundo altamente conectado no se derrotar\u00e1 a la pandemia en ninguna parte hasta que lo sea en todas partes. Los expertos nos han advertido desde el principio sobre las variantes, especialmente las procedentes de zonas donde es baja la cobertura de vacunaci\u00f3n.<\/p>\n\n\n\n<p>Una vez m\u00e1s, nadie le hizo caso a la ciencia y se dej\u00f3 de lado a los pa\u00edses del Sur. El acaparamiento por parte de Occidente es escandaloso. Hoy en d\u00eda casi el 70% de los habitantes de los pa\u00edses m\u00e1s ricos est\u00e1n totalmente vacunados. En los pa\u00edses m\u00e1s pobres apenas se llega al&nbsp;<a href=\"https:\/\/www.theguardian.com\/commentisfree\/2021\/dec\/14\/richest-countries-vaccine-hoarders-international-court-millions-have-died\">3,5%<\/a>.<\/p>\n\n\n\n<p>Adem\u00e1s del nacionalismo \u00abde las vacunas\u00bb, el af\u00e1n de lucro de&nbsp;<a href=\"https:\/\/rebelion.org\/campana-de-vacunacion-cuanto-tiempo-mas-vamos-a-tolerar-la-omnipotencia-de-los-gigantes-farmaceuticos\/\">los gigantes farmac\u00e9uticos<\/a>&nbsp;tambi\u00e9n desempe\u00f1a un papel fatal. Apoyados por los gobiernos occidentales, se niegan a liberar las patentes y se aferran desesperadamente a su monopolio de producci\u00f3n de las vacunas. Esta situaci\u00f3n hace que se produzcan menos vacunas de las que el mundo necesita, aunque se generan unos beneficios exhorbitantes. Los dos productores de vacunas m\u00e1s importantes, Pfizer\/BioNTech y Moderna, obtienen en conjunto&nbsp;<a href=\"https:\/\/reliefweb.int\/report\/world\/pfizer-biontech-and-moderna-making-1000-profit-every-second-while-world-s-poorest#:~:text=New%20figures%20from%20the%20Peoples,profits%20of%20$65%2C000%20every%20minute\">un beneficio de 65.000 d\u00f3lares por minuto<\/a>. A los accionistas les importa un pepino que esa situaci\u00f3n monopol\u00edstica haga que mueran millones de personas innecesariamente.<\/p>\n\n\n\n<p>A consecuencia de ello pronto tuvimos que lidiar con las variantes, contra las que no solo no sirven las vacunas, sino que tambi\u00e9n pueden reinfectar a alguien. La variante \u00f3micron probablemente sea menos mortal y tenga s\u00edntomas menos graves, pero, al ser mucho m\u00e1s contagiosa, est\u00e1 sometiendo al sistema sanitario (tanto a los m\u00e9dicos de cabecera como a los hospitales) a una fuerte presi\u00f3n, una vez m\u00e1s. Tambi\u00e9n sigue siendo peligroso y mortal para ciertos grupos de riesgo. Y no parece que la variante \u00f3micron vaya a ser la \u00faltima.<\/p>\n\n\n\n<p>Oficialmente, hasta ahora han muerto&nbsp;<a href=\"https:\/\/gisanddata.maps.arcgis.com\/apps\/dashboards\/bda7594740fd40299423467b48e9ecf6\">5,4 millones de<\/a>&nbsp;personas a causa del COVID-19. En realidad es probable que la cifra ronde los&nbsp;<a href=\"https:\/\/covid19.healthdata.org\/global?view=cumulative-deaths&amp;tab=trend\">12 millones<\/a>. Y quienes pensaban que la pandemia hab\u00eda terminado, se equivocan. Hoy en d\u00eda todav\u00eda se muere una persona de COVID-19&nbsp;<a href=\"https:\/\/www.ft.com\/content\/a2901ce8-5eb7-4633-b89c-cbdf5b386938\">cada 12 segundos<\/a>.<\/p>\n\n\n\n<p>Si seguimos metiendo la pata as\u00ed, corremos el riesgo de que esta crisis interminable se convierta en nuestra nueva forma de vida. \u00abSi queremos volver a tener una Navidad normal, tenemos que vacunar a todo el mundo\u00bb, dijo&nbsp;<a href=\"https:\/\/www.globaljustice.org.uk\/news\/rich-countries-have-received-more-vaccines-in-run-up-to-christmas-than-african-countries-have-all-year\/\">Nick Dearden<\/a>, director de Global Justice Now.<\/p>\n\n\n\n<h2 class=\"wp-block-heading\">A\u00fan no se ha evitado que degenere el clima<\/h2>\n\n\n\n<p>El pasado verano B\u00e9lgica y Alemania se vieron afectadas por unas inundaciones sin precedentes. Fue una dolorosa llamada de atenci\u00f3n sobre lo que nos espera si dejamos que el clima siga degenerando. Para evitar esta degeneraci\u00f3n, el calentamiento del planeta debe mantenerse por debajo de 1,5\u00b0C.<\/p>\n\n\n\n<p>Un grado y medio, ese fue el objetivo de la cumbre del clima celebrada en Glasgow en noviembre. Pero aparte de alcanzar un consenso entre todos los pa\u00edses y acordar reunirse de nuevo anualmente, no hubo ning\u00fan plan de acci\u00f3n a largo plazo ni compromisos concretos por parte de los participantes. No se decidi\u00f3 ninguna obligaci\u00f3n. Con los actuales planes nacionales de todos los pa\u00edses juntos, nos dirigimos a un calentamiento catastr\u00f3fico&nbsp;<a href=\"https:\/\/www.theguardian.com\/environment\/2021\/nov\/13\/third-draft-of-cop26-text-published-after-negotiations-overrun\">de 2,4\u00b0C<\/a>.<\/p>\n\n\n\n<p>El gran ganador de esta cumbre es el&nbsp;<a href=\"https:\/\/insideclimatenews.org\/news\/12112021\/cop26-fossil-fuel-industry\">sector de los combustibles f\u00f3siles<\/a>. A corto plazo los gigantes de la energ\u00eda pueden continuar con sus actividades sin molestias e incluso expandirlas. Los grandes perdedores son los pa\u00edses del Sur. Son los menos responsables del calentamiento global, pero sufrir\u00e1n la peor parte de sus consecuencias. Adem\u00e1s, no disponen de los recursos necesarios para llevar a cabo la necesaria transici\u00f3n energ\u00e9tica.<\/p>\n\n\n\n<p>Los pa\u00edses del Norte no est\u00e1n dispuestos a asumir los costes de su hist\u00f3rica deuda clim\u00e1tica. Sin una transferencia seria de fondos -varios m\u00faltiplos de lo que prometen ahora- nos dirigimos a un desastre clim\u00e1tico.<\/p>\n\n\n\n<p>Es muy urgente, no nos queda mucho tiempo. Para tener la posibilidad de limitar el calentamiento global a 1,5\u00baC, tenemos \u00abocho a\u00f1os para reducir casi a la mitad las emisiones de gases de efecto invernadero\u00bb, seg\u00fan&nbsp;<a href=\"https:\/\/wedocs.unep.org\/bitstream\/handle\/20.500.11822\/36990\/EGR21.pdf\">Inger Andersen<\/a>, del Programa de las Naciones Unidas para el Medio Ambiente (Pnuma): \u201cocho a\u00f1os para elaborar planes, adoptar pol\u00edticas, aplicarlas y, en definitiva, reducir las emisiones. El tiempo corre\u00bb.<\/p>\n\n\n\n<p>La cumbre de Glasgow demostr\u00f3 que los jefes de gobierno son incapaces de cambiar el rumbo. Ser\u00e1 necesario otro equilibrio de poder para obligar a los jefes de gobierno y a la \u00e9lite econ\u00f3mica a cambiar de rumbo. Un rumbo que no asegure los beneficios de los grandes grupos de capital, sino los del planeta. Un rumbo que no pase la factura a la gente com\u00fan o a los pa\u00edses del Sur. Este es quiz\u00e1s el reto m\u00e1s importante al que nos enfrentamos hoy en d\u00eda.<\/p>\n","protected":false},"excerpt":{"rendered":"<p>Marc Vandepitte Fuente: Rebeli\u00f3n Traducido del neerland\u00e9s por Sven Magnus 2021 fue un a\u00f1o agitado, lleno de imprevistos. Los partidarios de Trump asaltaron el Capitolio, no se resolvi\u00f3 la crisis del COVID-19 y la degeneraci\u00f3n del clima provoc\u00f3 inundaciones sin precedentes. \u00bfEs esta la nueva normalidad? Una mirada contradictoria a algunos de los acontecimientos llamativos [&hellip;]<\/p>\n","protected":false},"author":1,"featured_media":5754,"comment_status":"open","ping_status":"open","sticky":false,"template":"","format":"standard","meta":{"footnotes":""},"categories":[5,3],"tags":[],"_links":{"self":[{"href":"http:\/\/www.movimientocaamanista.com\/index.php?rest_route=\/wp\/v2\/posts\/5753"}],"collection":[{"href":"http:\/\/www.movimientocaamanista.com\/index.php?rest_route=\/wp\/v2\/posts"}],"about":[{"href":"http:\/\/www.movimientocaamanista.com\/index.php?rest_route=\/wp\/v2\/types\/post"}],"author":[{"embeddable":true,"href":"http:\/\/www.movimientocaamanista.com\/index.php?rest_route=\/wp\/v2\/users\/1"}],"replies":[{"embeddable":true,"href":"http:\/\/www.movimientocaamanista.com\/index.php?rest_route=%2Fwp%2Fv2%2Fcomments&post=5753"}],"version-history":[{"count":1,"href":"http:\/\/www.movimientocaamanista.com\/index.php?rest_route=\/wp\/v2\/posts\/5753\/revisions"}],"predecessor-version":[{"id":5755,"href":"http:\/\/www.movimientocaamanista.com\/index.php?rest_route=\/wp\/v2\/posts\/5753\/revisions\/5755"}],"wp:featuredmedia":[{"embeddable":true,"href":"http:\/\/www.movimientocaamanista.com\/index.php?rest_route=\/wp\/v2\/media\/5754"}],"wp:attachment":[{"href":"http:\/\/www.movimientocaamanista.com\/index.php?rest_route=%2Fwp%2Fv2%2Fmedia&parent=5753"}],"wp:term":[{"taxonomy":"category","embeddable":true,"href":"http:\/\/www.movimientocaamanista.com\/index.php?rest_route=%2Fwp%2Fv2%2Fcategories&post=5753"},{"taxonomy":"post_tag","embeddable":true,"href":"http:\/\/www.movimientocaamanista.com\/index.php?rest_route=%2Fwp%2Fv2%2Ftags&post=5753"}],"curies":[{"name":"wp","href":"https:\/\/api.w.org\/{rel}","templated":true}]}}