{"id":5789,"date":"2022-01-16T14:40:47","date_gmt":"2022-01-16T14:40:47","guid":{"rendered":"http:\/\/www.movimientocaamanista.com\/?p=5789"},"modified":"2022-01-16T14:40:49","modified_gmt":"2022-01-16T14:40:49","slug":"neofascismo-policial","status":"publish","type":"post","link":"http:\/\/www.movimientocaamanista.com\/?p=5789","title":{"rendered":"NEOFASCISMO POLICIAL"},"content":{"rendered":"\n<p>Narciso Isa Conde<\/p>\n\n\n\n<p>El patr\u00f3n de \u201creforma\u201d policial que EE.UU quiere imponer en pa\u00edses subordinados como \u00e9ste, apelando a instrumentos tipo  USAID, CIA FBI y sus Fundaciones, est\u00e1 orientado a la reproducci\u00f3n de modelos neofascistas t\u00e9cnicamente modernizados, como los de Chile y Colombia; caracterizados por su alta criminalidad.<\/p>\n\n\n\n<p>Oficiales colombianos est\u00e1n aqu\u00ed hace a\u00f1os y tienen  responsabilidad en las fechor\u00edas desplegadas por la PN; mientras la Escuela de Carabineros chilenos ha jugado un papel destacado en la formaci\u00f3n de sus oficiales. <\/p>\n\n\n\n<p>Ahora se trata de darle a ambas m\u00e1s relevancia en materia de asesor\u00eda y reestructuraci\u00f3n,  por expresa recomendaci\u00f3n de USAID y bajo el nefasto influjo de su financiamiento.<\/p>\n\n\n\n<p>En tanto recomendaciones de USAID son \u00f3rdenes, vale que el pueblo dominicano conozca algunos resultados de las Polic\u00edas que han sido seleccionadas para lo que el presidente Abinader llama \u201ctransformaci\u00f3n policial\u201d.<\/p>\n\n\n\n<p>El diario estadounidense New York Times afirm\u00f3 recientemente que \u201cen Chile protestar cuesta un ojo de la cara\u201d y relat\u00f3 c\u00f3mo disparaban los Carabineros perdigones a los ojos de manifestantes, causando m\u00faltiples lesiones, inclusive ceguera. Culpados de seis muertes, 6300 arrestos y 2400 hospitalizaciones.<\/p>\n\n\n\n<p>Ese cuerpo policial -adem\u00e1s de impregnado del fascismo pinochetista- est\u00e1 marcado por el esc\u00e1ndalo \u201cPacogat\u201d, malversaci\u00f3n de fondos p\u00fablicos catalogada \u201cel mayor fraude de la historia de Chile&#8221;. Se robaron 28,300 millones de pesos chilenos durante la gesti\u00f3n de su  ex director, general Eduardo Gordon.<\/p>\n\n\n\n<p>Los CARABINEROS mantienen su imagen y su pr\u00e1ctica criminal, reiterada durante el reciente \u201cestallido social\u201d chileno. Su actual Director se reuni\u00f3 en d\u00edas pasados con Abinader y Ch\u00fa V\u00e1squez para consolidar compromisos contra\u00eddos.<\/p>\n\n\n\n<p>Pero la polic\u00eda colombiana no se queda atr\u00e1s. Veamos algo de su historial: en febrero de 1992 ejecut\u00f3 la Masacre de Villatina-Medell\u00edn, asesinando 8 ni\u00f1os y un joven de 19 a\u00f1os; en septiembre del 1996, en Mondo\u00f1edo, a cargo de agentes de la Unidad DIJIN, secuestr\u00f3, tortur\u00f3 y asesin\u00f3 4 estudiantes de la Universidad Distrital Francisco Caldas en el barrio Salitre. Sus cuerpos fueron incinerados en un basurero.<\/p>\n\n\n\n<p>Adem\u00e1s, el 4 de diciembre del 2020, veinte y dos de sus miembros fueron capturados por nexos con bandas criminales dedicadas al tr\u00e1fico de drogas y robos; y durante los recientes paros nacionales, se registraron 1181 casos de abuso policial y 26 v\u00edctimas mortales, seg\u00fan entidades de entero cr\u00e9dito.<\/p>\n\n\n\n<p>Esas, entre otras -como las heredadas de la dependencia en Honduras y M\u00e9xico- son las polic\u00edas exaltadas por Abinader y el jefe de FINJUS y \u201ccomisi\u00f3n transformadora-PN\u201d, (dependiente del BANCO POPULAR), Serbio Tulio Casta\u00f1os. No desliguemos esto de APPS, privatizaciones, endeudamientos, carest\u00eda, saqueos mineros, coloniaje\u2026 y posibles rebeld\u00edas.<\/p>\n","protected":false},"excerpt":{"rendered":"<p>Narciso Isa Conde El patr\u00f3n de \u201creforma\u201d policial que EE.UU quiere imponer en pa\u00edses subordinados como \u00e9ste, apelando a instrumentos tipo USAID, CIA FBI y sus Fundaciones, est\u00e1 orientado a la reproducci\u00f3n de modelos neofascistas t\u00e9cnicamente modernizados, como los de Chile y Colombia; caracterizados por su alta criminalidad. Oficiales colombianos est\u00e1n aqu\u00ed hace a\u00f1os y [&hellip;]<\/p>\n","protected":false},"author":1,"featured_media":5145,"comment_status":"open","ping_status":"open","sticky":false,"template":"","format":"standard","meta":{"footnotes":""},"categories":[5,16],"tags":[],"_links":{"self":[{"href":"http:\/\/www.movimientocaamanista.com\/index.php?rest_route=\/wp\/v2\/posts\/5789"}],"collection":[{"href":"http:\/\/www.movimientocaamanista.com\/index.php?rest_route=\/wp\/v2\/posts"}],"about":[{"href":"http:\/\/www.movimientocaamanista.com\/index.php?rest_route=\/wp\/v2\/types\/post"}],"author":[{"embeddable":true,"href":"http:\/\/www.movimientocaamanista.com\/index.php?rest_route=\/wp\/v2\/users\/1"}],"replies":[{"embeddable":true,"href":"http:\/\/www.movimientocaamanista.com\/index.php?rest_route=%2Fwp%2Fv2%2Fcomments&post=5789"}],"version-history":[{"count":1,"href":"http:\/\/www.movimientocaamanista.com\/index.php?rest_route=\/wp\/v2\/posts\/5789\/revisions"}],"predecessor-version":[{"id":5790,"href":"http:\/\/www.movimientocaamanista.com\/index.php?rest_route=\/wp\/v2\/posts\/5789\/revisions\/5790"}],"wp:featuredmedia":[{"embeddable":true,"href":"http:\/\/www.movimientocaamanista.com\/index.php?rest_route=\/wp\/v2\/media\/5145"}],"wp:attachment":[{"href":"http:\/\/www.movimientocaamanista.com\/index.php?rest_route=%2Fwp%2Fv2%2Fmedia&parent=5789"}],"wp:term":[{"taxonomy":"category","embeddable":true,"href":"http:\/\/www.movimientocaamanista.com\/index.php?rest_route=%2Fwp%2Fv2%2Fcategories&post=5789"},{"taxonomy":"post_tag","embeddable":true,"href":"http:\/\/www.movimientocaamanista.com\/index.php?rest_route=%2Fwp%2Fv2%2Ftags&post=5789"}],"curies":[{"name":"wp","href":"https:\/\/api.w.org\/{rel}","templated":true}]}}