{"id":583,"date":"2019-10-17T02:35:49","date_gmt":"2019-10-17T02:35:49","guid":{"rendered":"http:\/\/www.movimientocaamanista.com\/?p=583"},"modified":"2019-10-17T02:35:50","modified_gmt":"2019-10-17T02:35:50","slug":"ecuador-de-la-revuelta-a-la-insurreccion","status":"publish","type":"post","link":"http:\/\/www.movimientocaamanista.com\/?p=583","title":{"rendered":"ECUADOR: \u00bfDE LA REVUELTA A LA INSURRECCION?"},"content":{"rendered":"\n<p>Atilio A. Boron <\/p>\n\n\n\n<p>Ya van diez d\u00edas del levantamiento plebeyo en Ecuador y la situaci\u00f3n \nlejos de revertirse cobra nuevos br\u00edos. La toma de edificios p\u00fablicos se\n generaliza: masas movilizadas de ind\u00edgenas, campesinos, capas medias \nempobrecidas y pobladores urbanos rodean el Palacio de Carondelet, sede \ndel gobierno ecuatoriano. y el edificio de la Asamblea Nacional. D\u00edas \npasados se tomaron la sede de la misi\u00f3n del FMI en Quito, \u00e1mbito donde \nreside \u201cgobierno real\u201d que tiene como su marioneta privilegiada a \nMoreno. El \u201cestado de excepci\u00f3n\u201d decretado por su gobierno, luego de su \ncobarde hu\u00edda hacia Guayaquil, no logr\u00f3 desbaratar la ofensiva popular a\n la que se sumaron, en las \u00faltimas horas, ind\u00edgenas amaz\u00f3nicos que nunca\n antes se hab\u00edan incorporado activamente a las protestas que conmovieran\n al Ecuador en 1997, 2000 y 2005 y que culminaran con los derrocamientos\n de Abdal\u00e1 Bucaram, Jamil Mahuad y Lucio Guti\u00e9rrez. La \u00fanica respuesta \ndel r\u00e9gimen, de la dictadura de Moreno, ha sido declarar el \u201ctoque de \nqueda\u201d desde las 15 horas de este s\u00e1bado.<\/p>\n\n\n\n<p>La situaci\u00f3n, al caer la tarde de hoy ha sido descripta de este modo \npor un testigo muy calificado instalado en el teatro mismo de los \nacontecimientos: \u201ces una verdadera lucha de clases \u2026 Quito paralizada \ncon \u201ctoque de queda\u201d desde las 15h, sin hora l\u00edmite. Ind\u00edgenas rodeados \nen las zonas de sede. Bombas y disparos. Ciudad militarizada. En otras \nciudades del pa\u00eds empiezan movilizaciones. Violencia brutal contra los \nprotestantes. Varios muertos, centenares de heridos, mil y m\u00e1s \napresados. Cortaron se\u00f1al de Telesur. Imposible informaci\u00f3n porque nadie\n puede circular. Algo se informa en redes y ah\u00ed circulan videos, fotos, \ndocumentos. Lenin Moreno dice estar abierto al di\u00e1logo. La posici\u00f3n \nind\u00edgena: no negociar sino p\u00fablicamente, con presencia de la televisi\u00f3n,\n ONU, derechos humanos, iglesia. No es solo movilizaci\u00f3n ind\u00edgena sino \ntambi\u00e9n estudiantes, trabajadores, pobladores. Los ind\u00edgenas son el \ncentro y la fuerza popular m\u00e1s grande. Llegaron a Quito desde distintas \nregiones del pa\u00eds. El pedido fundamental: dejar insubsistente decreto de\n liberaci\u00f3n de precios de combustibles. Cuesti\u00f3n de fondo: reacci\u00f3n \ncontra las medidas anunciadas y acordadas con el FMI. Situaci\u00f3n \nincierta. Sin salida por el momento. Para nosotros, quite\u00f1os, un \nambiente de guerra con focos de enfrentamientos. Situaci\u00f3n terrible.\u201d<\/p>\n\n\n\n<p>En toda crisis, como en las guerras, el papel de la prensa al \ninformar o desinformar es de enorme importancia. De hecho, el conflicto \nse presenta como si fuera una reacci\u00f3n de los ind\u00edgenas ecuatorianos, \nsegmentando y subestimando la confrontaci\u00f3n. En realidad el rechazo al \n\u201cpaquetazo\u201d de Moreno atraviesa \u2013como lo dice m\u00e1s arriba nuestro \ninformante- casi toda la estructura social: comenz\u00f3 primero en las \nciudades: los transportistas y, de inmediato, estudiantes, maestros, la \nmilitancia pol\u00edtica opositora, ciudadanas y ciudadanos de Quito y (en \nmenor medida al principio) de otras ciudades. Pero esta revuelta \n&nbsp;experiment\u00f3 un \u201csalto cualitativo\u201d con la arrolladora incorporaci\u00f3n de \nlas comunidades ind\u00edgenas y campesinas. Fueron \u00e9stas las que le \notorgaron ese tono amenazantemente plebeyo a la insurgencia que el \npresidente fugitivo y sus compinches caracterizaron como la \u201crevoluci\u00f3n \nde los z\u00e1nganos\u201d, reflejando n\u00edtidamente el talante racista del bloque \ndominante. &nbsp;Antes, los paniaguados de Lucio Guti\u00e9rrez tambi\u00e9n hab\u00edan \ndenigrado a las masas que, en el 2005, acabar\u00edan con ese otro traidor y \nque fueran anatemizadas como una \u201crevoluci\u00f3n de forajidos\u201d.<\/p>\n\n\n\n<p>Hay cuatro rasgos que distinguen a la actual coyuntura \npre-revolucionaria de las revueltas anteriores: esta es much\u00edsimo m\u00e1s \nmasiva y multitudinaria; tiene presencia en casi todo el pa\u00eds mientras \nque sus predecesoras ten\u00edan lugar casi exclusivamente en Quito; su \nduraci\u00f3n es mucho m\u00e1s prolongada; y la brutalidad de la represi\u00f3n \noficial es much\u00edsimo mayor, incluyendo el \u201ctoque de queda\u201d. Seg\u00fan cifras\n oficiales hab\u00eda cinco muertos a manos de las fuerzas de seguridad al \nanochecer del viernes. Pero las organizaciones sociales ya hablan de un \nn\u00famero bastante mayor y hay centenares de heridos -varios de ellos en \ngrave estado- y m\u00e1s de mil personas detenidas. &nbsp;Esto, antes del \u201ctoque \nde queda\u201d. Adem\u00e1s buena parte de los medios de comunicaci\u00f3n est\u00e1n bajo \ncontrol oficial y Telesur ha sido sacada del aire, al igual que un \npu\u00f1ado de radios anatemizadas por el gobierno ecuatoriano como \n\u201ccorre\u00edstas\u201d. Adem\u00e1s, los internautas est\u00e1n tambi\u00e9n siendo acosados y \nlos que emiten noticias contrarias a los informes oficiales por las \nredes sociales est\u00e1n siendo bloqueados. L\u00edderes y dirigentes opositores \nest\u00e1n detenidos o amenazados (por ejemplo, sobre Paola Pab\u00f3n, prefecto \nde Pichincha, pesa una orden de captura por instigaci\u00f3n a la violencia, \nsabotaje y terrorismo). Otros tuvieron que asilarse. Gabriela \nRivadeneira busc\u00f3 refugio en la embajada de M\u00e9xico y a Ricardo Pati\u00f1o se\n encuentra exiliado en ese pa\u00eds. Correa sigue en B\u00e9lgica y la \npersecuci\u00f3n sobre otros dirigentes del corre\u00edsmo es implacable.&nbsp; El \npresidente pr\u00f3fugo s\u00f3lo produjo como gesto de pacificaci\u00f3n un mensaje \npor cadena nacional de 44 segundos (\u00a1Sic!) diciendo que est\u00e1 dispuesto a\n dialogar con los revoltosos.<\/p>\n\n\n\n<p>Parece harto improbable que Moreno pueda volver a gobernar. \nT\u00e9cnicamente Ecuador se encuentra ac\u00e9falo; el presidente s\u00f3lo cuenta con\n la oportunista obediencia de las fuerzas represivas y tiene el apoyo de\n algunos gobiernos -Trump y sus lacayos regionales: Macri, Bolsonaro, \nPi\u00f1era, Duque, etc\u00e9tera- y la obscena complicidad de los medios \nhegem\u00f3nicos. A ellos hay que sumar el incondicional respaldo de las \noligarqu\u00edas econ\u00f3mico-financieras, que aprueban la \u201cmano dura\u201d de la \nrespuesta oficial y la mayor\u00eda de la Asamblea Nacional, hegemonizada por\n la derecha. No es un dato menor la gran difusi\u00f3n que se le ha dado al \nrelato de la derecha de que la actual crisis ha sido promovida por \nRafael&nbsp;&nbsp; Correa coludido para tales fines con el presidente Nicol\u00e1s \nMaduro, como lo dej\u00f3 entrever Mike Pompeo en recientes declaraciones. \nPero esto no basta para normalizar a un pa\u00eds paralizado. &nbsp;Ac\u00e9falo \ntambi\u00e9n porque la Asamblea Nacional no se re\u00fane \u2013pese a la exigencia de \nlos manifestantes- y su presidente declar\u00f3 que si lo hace, ma\u00f1ana, ser\u00e1 \npara \u201caplacar los \u00e1nimos\u201d y no para votar por la salida institucional \nque contempla la Constituci\u00f3n del 2008 en casos como el actual: la \n\u201cmuerte cruzada\u201d de la presidencia y la Asamblea Nacional, y un llamado \npara elegir presidente y asamble\u00edstas. Aparte de esto, la revuelta \nplebeya exige, taxativamente, la derogaci\u00f3n de las medidas adoptadas por\n Moreno bajo consejo del FMI y tal cosa ser\u00eda la campanada de la muerte \npara su gobierno. En los pr\u00f3ximos d\u00edas la dualidad de poderes propia de \ntoda acefal\u00eda deber\u00e1 resolverse. Lo m\u00e1s probable, a costa de Moreno. En \notras palabras, la revuelta podr\u00eda convertirse en insurrecci\u00f3n y abrir \nuna nueva p\u00e1gina en la historia ecuatoriana.<\/p>\n\n\n\n<p>Pero para que esto suceda hay algunas condiciones que alguien que \nsab\u00eda de revoluciones, V. I. Lenin, estableci\u00f3 muy claramente. Primero, \napoyarse en \u201cel auge revolucionario del pueblo\u201d y esto significa, \nconcretamente, no cesar en la ofensiva contra el gobierno en todos los \nfrentes; &nbsp;y, segundo, hacerlo en un \u201cmomento de viraje de la historia\u201d, \ncuando \u201clos de abajo ya no quieren y los de arriba ya no pueden\u201d seguir \nviviendo como antes. Da la impresi\u00f3n de que la coyuntura ecuatoriana \nestar\u00eda expresando, a\u00fan cuando de modo incipiente, la existencia de ese \nmomento de viraje.&nbsp; Claro est\u00e1 que situaciones como \u00e9stas \u2013una dualidad \nde poderes en donde el pueblo movilizado desaf\u00eda el orden vigente y, por\n otra parte, el poder constituido s\u00f3lo puede preservar su dominio \napelando a la fuerza pero sin controlar al pa\u00eds- son inevitablemente \ntransitorias &nbsp;y m\u00e1s pronto que tarde se resuelven para uno u otro lado. \nSi las fuerzas insurgentes representaran \u2013por su conciencia y \norganizaci\u00f3n- una propuesta \u201cavanzada\u201d (y esta es otra de las \ncondiciones a las que alude el revolucionario ruso) el desenlace de la \ncrisis podr\u00eda inclinarse a su favor y lograr la ca\u00edda del gobierno de \nMoreno. En pocos d\u00edas m\u00e1s sabremos si las masas populares ecuatorianas \nest\u00e1n en condiciones de lograr esa haza\u00f1a y luego trazar una ruta de \nreconstrucci\u00f3n nacional en un pa\u00eds destruido por la conjura entre el \ngobierno y el FMI, en medio de una corruptela rampante. Esto requerir\u00eda \nla conformaci\u00f3n de una amplia alianza pol\u00edtica en donde las masas \nind\u00edgenas y campesinas, los actores populares urbanos que tambi\u00e9n \nprotagonizaron las protestas y las fuerzas pol\u00edticas que se opusieron al\n gobierno -principalmente el corre\u00edsmo, objetivo excluyente de los \nataques de Moreno- coincidan en un programa com\u00fan deponiendo viejas \ndisputas y concentr\u00e1ndose en las inmensas tareas que les aguardan. De no\n ser as\u00ed, si la ofensiva fuese demasiado d\u00e9bil y desarticulada las \nfuerzas de la reacci\u00f3n podr\u00edan &nbsp;reagruparse con gran rapidez en torno a \nuna sola bandera y un \u00fanico liderazgo (como observara Antonio Gramsci en\n los or\u00edgenes del fascismo italiano), resolver las contradicciones y \nvacilaciones existentes en sus filas y lanzar un contraataque que podr\u00eda\n infligir a los insurgentes una derrota de la cual tardar\u00edan muchos a\u00f1os\n en reponerse. Pese a su combatividad y militancia \u00e9stos enfrentan no \npocos problemas pues el desbordante espontane\u00edsmo y el hero\u00edsmo de su \nlucha no oculta el hecho de que no pareciera haber una direcci\u00f3n \npol\u00edtica firmemente establecida y en condiciones de conducir el complejo\n tr\u00e1nsito que va desde la revuelta a la insurrecci\u00f3n. M\u00e1s bien, la \nimpresi\u00f3n que se proyecta es que hay una muy heterog\u00e9nea base social que\n se lanz\u00f3 a las calles rebasando a sus liderazgos tradicionales. \nLibradas a los avatares del combate callejero y sin una direcci\u00f3n \npol\u00edtica clara estas masas en rebeli\u00f3n podr\u00edan desmoralizarse, \ndispersarse y, por \u00faltimo, sucumbir ante el salvajismo de la represi\u00f3n, \nel chantaje del imperio y de la derecha y el terrorismo medi\u00e1tico que \npondr\u00eda a buena parte de la poblaci\u00f3n ecuatoriana en contra de los \ninsurgentes. Ser\u00eda deplorable que tal cosa suceda, y por eso es bueno \nadvertirlo a tiempo. De todos modos, se trata de cuestiones que no se \nresuelven desde un escrito o una teor\u00eda. Una vez m\u00e1s ser\u00e1 la pr\u00e1ctica \nconcreta de las luchas de clases -y en especial la lucidez del liderazgo\n contestatario, el entusiasmo revolucionario de las fuerzas plebeyas y, \ntambi\u00e9n, los errores del enemigo- &nbsp;los que determinar\u00e1n el resultado \nfinal de la insurrecci\u00f3n de octubre.<\/p>\n","protected":false},"excerpt":{"rendered":"<p>Atilio A. Boron Ya van diez d\u00edas del levantamiento plebeyo en Ecuador y la situaci\u00f3n lejos de revertirse cobra nuevos br\u00edos. La toma de edificios p\u00fablicos se generaliza: masas movilizadas de ind\u00edgenas, campesinos, capas medias empobrecidas y pobladores urbanos rodean el Palacio de Carondelet, sede del gobierno ecuatoriano. y el edificio de la Asamblea Nacional. [&hellip;]<\/p>\n","protected":false},"author":1,"featured_media":585,"comment_status":"open","ping_status":"open","sticky":false,"template":"","format":"standard","meta":{"footnotes":""},"categories":[5,3],"tags":[],"_links":{"self":[{"href":"http:\/\/www.movimientocaamanista.com\/index.php?rest_route=\/wp\/v2\/posts\/583"}],"collection":[{"href":"http:\/\/www.movimientocaamanista.com\/index.php?rest_route=\/wp\/v2\/posts"}],"about":[{"href":"http:\/\/www.movimientocaamanista.com\/index.php?rest_route=\/wp\/v2\/types\/post"}],"author":[{"embeddable":true,"href":"http:\/\/www.movimientocaamanista.com\/index.php?rest_route=\/wp\/v2\/users\/1"}],"replies":[{"embeddable":true,"href":"http:\/\/www.movimientocaamanista.com\/index.php?rest_route=%2Fwp%2Fv2%2Fcomments&post=583"}],"version-history":[{"count":1,"href":"http:\/\/www.movimientocaamanista.com\/index.php?rest_route=\/wp\/v2\/posts\/583\/revisions"}],"predecessor-version":[{"id":584,"href":"http:\/\/www.movimientocaamanista.com\/index.php?rest_route=\/wp\/v2\/posts\/583\/revisions\/584"}],"wp:featuredmedia":[{"embeddable":true,"href":"http:\/\/www.movimientocaamanista.com\/index.php?rest_route=\/wp\/v2\/media\/585"}],"wp:attachment":[{"href":"http:\/\/www.movimientocaamanista.com\/index.php?rest_route=%2Fwp%2Fv2%2Fmedia&parent=583"}],"wp:term":[{"taxonomy":"category","embeddable":true,"href":"http:\/\/www.movimientocaamanista.com\/index.php?rest_route=%2Fwp%2Fv2%2Fcategories&post=583"},{"taxonomy":"post_tag","embeddable":true,"href":"http:\/\/www.movimientocaamanista.com\/index.php?rest_route=%2Fwp%2Fv2%2Ftags&post=583"}],"curies":[{"name":"wp","href":"https:\/\/api.w.org\/{rel}","templated":true}]}}