{"id":5836,"date":"2022-01-25T22:42:08","date_gmt":"2022-01-25T22:42:08","guid":{"rendered":"http:\/\/www.movimientocaamanista.com\/?p=5836"},"modified":"2022-01-25T22:42:08","modified_gmt":"2022-01-25T22:42:08","slug":"joe-biden-primer-balance","status":"publish","type":"post","link":"http:\/\/www.movimientocaamanista.com\/?p=5836","title":{"rendered":"Joe Biden, primer balance"},"content":{"rendered":"\n<p>Atilio Boron<\/p>\n\n\n\n<p>Fuente: <a href=\"https:\/\/www.pagina12.com.ar\/396631-joe-biden-primer-balance\">P\u00e1gina 12<\/a><\/p>\n\n\n\n<p>Se cumple hoy,<a href=\"https:\/\/www.pagina12.com.ar\/396452-estados-unidos-joseph-biden-cumple-un-ano-en-la-casa-blanca\">&nbsp;<strong>20 de enero, el primer a\u00f1o de la Administraci\u00f3n Biden.<\/strong><\/a>Es buen momento para aportar una radiograf\u00eda sobre su gesti\u00f3n. Hay un consenso bastante generalizado de que, tal como lo sintetizara el columnista de<em>&nbsp;New York Times&nbsp;<\/em>Bret Stephens \u201cla palabra m\u00e1s amable que se puede decir del primer a\u00f1o de Biden como presidente es &#8216;<strong>decepcionante<\/strong>&#8216;&#8221;. Ciertamente es la m\u00e1s amable, porque hay otros vocablos mucho m\u00e1s duros que aparecen entre analistas y comentaristas. \u201cFracaso\u201d, \u201cfiasco\u201d, \u201cpalabrer\u00edo\u201d y otros por el estilo son utilizados para calificar este primer a\u00f1o de Biden.<br><\/p>\n\n\n\n<figure><iframe width=\"1\" height=\"1\"><\/iframe><\/figure>\n\n\n\n<p>En realidad, era absurdo esperar mucho m\u00e1s. Dir\u00eda, inclusive, que en algunos aspectos avanz\u00f3 m\u00e1s de lo que se conjeturaba, pero por comparaci\u00f3n a las monumentales tareas que debe realizar lo actuado es a todas luces insuficiente. Biden, no olvidar esto, es un hombre que ha vivido \u201cde la pol\u00edtica\u201d y no s\u00f3lo \u201cpara la pol\u00edtica\u201d casi toda su vida. Salvo una breve actividad en un estudio de abogados comenz\u00f3 a participar en la vida p\u00fablica en 1970, a nivel de concejal en New Castle, Delaware. En 1972 lleg\u00f3 al Senado derrotando sorpresivamente al republicano&nbsp;J. Caleb Boggs, que llevaba 12 a\u00f1os en el cargo. A partir de ese momento&nbsp;<strong>su carrera fue mete\u00f3rica<\/strong>:&nbsp;<strong>uno de los senadores m\u00e1s j\u00f3venes de la historia de Estados Unidos fue reelecto como tal en cinco elecciones consecutivas:<\/strong>&nbsp;1978, 1984, 1990, 1996 y 2002.&nbsp;<\/p>\n\n\n\n<p>Ya como presidente del poderoso Comit\u00e9 de Relaciones Exteriores del Senado brind\u00f3 su apoyo a las pol\u00edticas del presidente&nbsp;<strong>George W. Bush<\/strong>&nbsp;y su misi\u00f3n -seg\u00fan \u00e9l dictada personalmente por Dios- de recorrer el mundo para \u201csacar a los terroristas de sus&nbsp;escondrijos en m\u00e1s de&nbsp;sesenta&nbsp;pa\u00edses.\u201d Impresionado por las celestiales voces escuchadas por Bush,&nbsp;<strong>Biden lo acompa\u00f1\u00f3 en todas sus aventuras imperiales,<\/strong>&nbsp;comenzando por Irak, siguiendo por Afganist\u00e1n y luego, como vicepresidente de Barack Obama, en las agresiones que \u00e9ste perpetrara en Libia, en Siria y acompa\u00f1ando la infame declaraci\u00f3n presidencial de que Venezuela representaba un peligro excepcional e inminente a la seguridad y los intereses de Estados Unidos. No olvidar que desde su posici\u00f3n en el Senado&nbsp;<strong>apoy\u00f3 fervientemente a Margaret Thatcher en la Guerra de las Malvinas.&nbsp;<\/strong>Y un detalle m\u00e1s: a diferencia de algunos de sus predecesores fue un mal alumno en la universidad. Sus bi\u00f3grafos aseguran que en &nbsp;la&nbsp;Universidad de Delaware&nbsp;en Newark Biden obtuvo su bachillerato en 1965 con una doble especializaci\u00f3n en Historia y Ciencias Pol\u00edticas. Su promedio fue un m\u00f3dico \u201cC\u201d (\u201csuficiente\u201d, la nota inmediatamente superior al reprobado) y ocup\u00f3 el puesto 506 entre los 688 de su promoci\u00f3n. Posteriormente ingres\u00f3 en la Facultad de Derecho de la Universidad de Siracusa, y ratific\u00f3 que lo suyo no era el mundo de las ideas: egres\u00f3 con el t\u00edtulo de Juris Doctor, pese a ocupar el puesto 76 entre los 85 de su clase. Pero el hombre es voluntarioso y, contra viento y marea lleg\u00f3 a la Casa Blanca.<\/p>\n\n\n\n<p>Estos antecedentes biogr\u00e1ficos son relevantes para conocer al personaje y las ra\u00edces de su conducta. En t\u00e9rminos pr\u00e1cticos&nbsp;<strong>su gesti\u00f3n se anota dos logros que no pueden menospreciarse: en marzo del 2021 logr\u00f3 la aprobaci\u00f3n de un paquete de ayuda de 1,9 billones de d\u00f3lares para llevar alivio a millones de familias afectadas por la pandemia<\/strong>. Biden obtuvo otra victoria a fin de a\u00f1o, al lograr el respaldo de los republicanos para un plan de infraestructura por poco m\u00e1s de 1 bill\u00f3n de d\u00f3lares. En ambos casos las cifras fueron menores a las solicitadas pero aun as\u00ed muy significativas.&nbsp;<\/p>\n\n\n\n<p>Pero su gesti\u00f3n, precedida por los&nbsp;<strong>grav\u00edsimos disturbios que se produjeron en el Capitolio el 6 de enero<\/strong>, fue muy pobre en otras \u00e1reas. El combate a la pandemia estuvo lejos de ser tan eficaz como lo hab\u00eda prometido y muchos aseguran que se halla fuera de control;&nbsp;<strong>la inflaci\u00f3n del 7 % anual es de una inusitada graveda<\/strong>d cuando se toman los registros hist\u00f3ricos de Estados Unidos en este asunto. De hecho, es la mayor de los \u00faltimos 39 a\u00f1os, que se agrega a la profundizaci\u00f3n de la \u201cgrieta\u201d, o la polarizaci\u00f3n pol\u00edtica, evidenciada en los \u00faltimos a\u00f1os en Estados Unidos. T\u00e9ngase presente que cerca de&nbsp;<a href=\"https:\/\/thehill.com\/homenews\/campaign\/587700-nearly-three-quarters-of-gop-doubt-legitimacy-of-bidens-win-poll\" target=\"_blank\" rel=\"noreferrer noopener\">un 75 % de los Republicanos dudan, en una reciente encuesta, de la legitimidad del triunfo de Biden en las elecciones presidenciales<\/a>. Y hablando de encuestas, el \u00edndice de aprobaci\u00f3n de Biden se encuentra en un comparativamente muy bajo 41 % al final de su primer a\u00f1o de gesti\u00f3n, contra 54 % que lo desaprueba. Adicionalmente, la encuestadora Gallup comprob\u00f3 que un 62 % de los estadounidenses opinan que \u201clas cosas en Estados Unidos est\u00e1n yendo mal\u201d; cerca de un 60 % opina que&nbsp;<a href=\"https:\/\/edition.cnn.com\/2022\/01\/19\/politics\/poll-of-polls-biden-approval-one-year\/index.html\" target=\"_blank\" rel=\"noreferrer noopener\">Biden no tiene las prioridades m\u00e1s adecuadas para combatir los cr\u00edmenes violentos, la inflaci\u00f3n y la cadena de suministros;<\/a>&nbsp;s\u00f3lo 46 % opina que Biden est\u00e1 haciendo las cosas bien en relaci\u00f3n al Covid-19 y 54 % reprobaba la forma en que Biden quer\u00eda ayudar a las clases medias.&nbsp;<br><\/p>\n\n\n\n<p>Y en la<strong>&nbsp;pol\u00edtica exterior los elementos de continuidad entre Trump y Biden han sido resaltados a\u00fan por los m\u00e1s sobrios observadores del establishment<\/strong>&nbsp;acad\u00e9mico y diplom\u00e1tico. En una nota publicada en la edici\u00f3n de fin de a\u00f1o de Foreign Affairs Richard Haas, uno de sus m\u00e1s encumbrados analistas internacionales, plantea que a pesar de algunas diferencias \u201c<a href=\"https:\/\/www.foreignaffairs.com\/articles\/united-states\/2021-09-29\/biden-trump-age-america-first\" target=\"_blank\" rel=\"noreferrer noopener\">hay mucha m\u00e1s continuidad entre la pol\u00edtica exterior de Joe Biden y Donald Trump de la que es usualmente reconocida\u201d<\/a>. Lugar destacado en este terreno es la irresponsable pol\u00edtica belicista desplegada en contra de China y Rusia, a lo que hay que agregar el mantenimiento de las pol\u00edticas de sanciones y bloqueos en contra de Cuba, Nicaragua, Venezuela y, en Oriente Medio, Ir\u00e1n.&nbsp;<strong>El desastroso final luego de veinte a\u00f1os de guerra en Afganist\u00e1n&nbsp;<\/strong>en donde las tropas estadounidenses pr\u00e1cticamente se dieron a la fuga en medio de un desorden descomunal y la permanente inestabilidad del \u201cliberado\u201d Irak han impactado profundamente en la opini\u00f3n p\u00fablica de Estados Unidos que se pregunta ad\u00f3nde fueron a parar los billones de d\u00f3lares que costaron ambas guerras para ponerles un indigno punto final y regresar a casa con las manos vac\u00edas. Sentimiento que prevalece a la hora de juzgar&nbsp;<strong>el tironeo entre Washington y Mosc\u00fa a prop\u00f3sito de la situaci\u00f3n en Ucrania,<\/strong>&nbsp;y entre aqu\u00e9l y Beijing en torno a Taiw\u00e1n.&nbsp;<br><\/p>\n\n\n\n<p>&nbsp;La pol\u00edtica hacia Latinoam\u00e9rica y el Caribe de Biden est\u00e1 en l\u00ednea con la dise\u00f1ada bajo Trump, con su malvada intensificaci\u00f3n del bloqueo en el marco de la pandemia.&nbsp;<strong>En el caso de Cuba Biden retrocede varios casilleros en relaci\u00f3n a la normalizaci\u00f3n de las relaciones diplom\u00e1ticas lograda por Obama<\/strong>&nbsp;durante el final de su presidencia, de la cual el hoy primer mandatario era su vice. Y nada indica que el Departamento de Estado y el Comando Sur hayan modificado en un \u00e1pice sus concepciones tradicionales: el \u201cmonro\u00edsmo\u201d sigue siendo la br\u00fajula que orienta las pol\u00edticas hacia esta parte del mundo, acicateadas en los \u00faltimos a\u00f1os por la creciente presencia de China y Rusia en la regi\u00f3n, lo cual ha despertado una insalubre paranoia en Washington. En este punto Biden ha sido un fiasco may\u00fasculo, ejemplificado en su operaci\u00f3n propagand\u00edstica de fin de a\u00f1o convocando a una Cumbre por la Democracia, en donde nada menos que el corrupto y probado delincuente Juan Guaid\u00f3 fue invitado a hablar en nombre de la Rep\u00fablica Bolivariana de Venezuela.<\/p>\n\n\n\n<p>La complicidad del gobierno de Estados Unidos con el fraudulento pr\u00e9stamo otorgado por el FMI al gobierno de Mauricio Macri clama al cielo y descarta cualquier ilusi\u00f3n de una \u201cayuda\u201d que algunos esp\u00edritus ingenuos de la Argentina esperan que llegue de Washington.&nbsp;<strong>Biden y sus colaboradores est\u00e1n m\u00e1s que nada preocupados que una nueva ola de izquierda moderada se apodere de la regi\u00f3n<\/strong>. Los \u00faltimos resultados electorales del 2021 no son halag\u00fce\u00f1os para el imperio y para revertirlos est\u00e1n dispuestos a hacer cualquier cosa, apelando al \u201cpoder blando\u201d pero tambi\u00e9n a las formas m\u00e1s criminales del \u201cpoder duro\u201d. Estados Unidos es un le\u00f3n herido y como recordaba Violeta Parra \u201cel le\u00f3n es sanguinario en toda generaci\u00f3n.\u201d Su indisimulable declinaci\u00f3n como poder imperial, reconocida hoy hasta por sus m\u00e1s enfervorizados publicistas, s\u00f3lo augura m\u00e1s violencia en las relaciones internacionales. Y la diplomacia de Washington ser\u00e1 atraer a nuestros pa\u00edses para hacer nuestras las guerras que se est\u00e1n gestando en contra de Rusia y China. Por eso la unidad de Latinoam\u00e9rica y el Caribe para neutralizar esas iniciativas y garantizar que Nuestra Am\u00e9rica siga siendo una Zona de Paz es m\u00e1s importante que nunca.<\/p>\n","protected":false},"excerpt":{"rendered":"<p>Atilio Boron Fuente: P\u00e1gina 12 Se cumple hoy,&nbsp;20 de enero, el primer a\u00f1o de la Administraci\u00f3n Biden.Es buen momento para aportar una radiograf\u00eda sobre su gesti\u00f3n. Hay un consenso bastante generalizado de que, tal como lo sintetizara el columnista de&nbsp;New York Times&nbsp;Bret Stephens \u201cla palabra m\u00e1s amable que se puede decir del primer a\u00f1o de [&hellip;]<\/p>\n","protected":false},"author":1,"featured_media":3341,"comment_status":"open","ping_status":"open","sticky":false,"template":"","format":"standard","meta":{"footnotes":""},"categories":[5,3],"tags":[],"_links":{"self":[{"href":"http:\/\/www.movimientocaamanista.com\/index.php?rest_route=\/wp\/v2\/posts\/5836"}],"collection":[{"href":"http:\/\/www.movimientocaamanista.com\/index.php?rest_route=\/wp\/v2\/posts"}],"about":[{"href":"http:\/\/www.movimientocaamanista.com\/index.php?rest_route=\/wp\/v2\/types\/post"}],"author":[{"embeddable":true,"href":"http:\/\/www.movimientocaamanista.com\/index.php?rest_route=\/wp\/v2\/users\/1"}],"replies":[{"embeddable":true,"href":"http:\/\/www.movimientocaamanista.com\/index.php?rest_route=%2Fwp%2Fv2%2Fcomments&post=5836"}],"version-history":[{"count":1,"href":"http:\/\/www.movimientocaamanista.com\/index.php?rest_route=\/wp\/v2\/posts\/5836\/revisions"}],"predecessor-version":[{"id":5837,"href":"http:\/\/www.movimientocaamanista.com\/index.php?rest_route=\/wp\/v2\/posts\/5836\/revisions\/5837"}],"wp:featuredmedia":[{"embeddable":true,"href":"http:\/\/www.movimientocaamanista.com\/index.php?rest_route=\/wp\/v2\/media\/3341"}],"wp:attachment":[{"href":"http:\/\/www.movimientocaamanista.com\/index.php?rest_route=%2Fwp%2Fv2%2Fmedia&parent=5836"}],"wp:term":[{"taxonomy":"category","embeddable":true,"href":"http:\/\/www.movimientocaamanista.com\/index.php?rest_route=%2Fwp%2Fv2%2Fcategories&post=5836"},{"taxonomy":"post_tag","embeddable":true,"href":"http:\/\/www.movimientocaamanista.com\/index.php?rest_route=%2Fwp%2Fv2%2Ftags&post=5836"}],"curies":[{"name":"wp","href":"https:\/\/api.w.org\/{rel}","templated":true}]}}