{"id":5840,"date":"2022-01-25T22:51:31","date_gmt":"2022-01-25T22:51:31","guid":{"rendered":"http:\/\/www.movimientocaamanista.com\/?p=5840"},"modified":"2022-01-25T22:51:33","modified_gmt":"2022-01-25T22:51:33","slug":"king","status":"publish","type":"post","link":"http:\/\/www.movimientocaamanista.com\/?p=5840","title":{"rendered":"King"},"content":{"rendered":"\n<p>David Brooks<\/p>\n\n\n\n<p>Fuente: <a href=\"https:\/\/rebelion.org\/king\/\">Rebeli\u00f3n<\/a><\/p>\n\n\n\n<p>La luz radical del reverendo Martin Luther King, Jr no podr\u00eda ser m\u00e1s contempor\u00e1nea \u2013al celebrarse lo que ser\u00edan sus 93 a\u00f1os de edad\u2013 y eso es a la vez triste y esperanzador.<\/p>\n\n\n\n<p>Triste porque uno de los logros magnos de su movimiento de derechos civiles, el derecho pleno al voto a todo estadounidense sin importar su raza, conquistado por a\u00f1os de lucha no violenta que culmin\u00f3 en la Ley de Derecho al Voto de 1965, se est\u00e1 anulando. De hecho, su familia inst\u00f3 a que no se celebrara su d\u00eda festivo oficial este lunes sin luchar por una legislaci\u00f3n que garantice el derecho al voto, hoy bajo asalto por la derecha. Igual de grave es que, adem\u00e1s de su lucha por la democracia pol\u00edtica, tambi\u00e9n hay severos reveses en su lucha por la democracia econ\u00f3mica.<\/p>\n\n\n\n<p>M\u00e1s de medio siglo despu\u00e9s de su asesinato en 1968, mientras impulsaba su gran campa\u00f1a para la democratizaci\u00f3n econ\u00f3mica de Estados Unidos con su Campa\u00f1a para los Pobres, y despu\u00e9s de que se hab\u00eda atrevido a denunciar la guerra de Vietnam y el sistema imperial estadunidense, su pa\u00eds de nuevo se encuentra en una batalla por los derechos democr\u00e1ticos, bajo sitio por fuerzas neofascistas, y ante la mayor desigualdad econ\u00f3mica en casi cien a\u00f1os.<\/p>\n\n\n\n<p>Como es com\u00fan en tantos pa\u00edses, figuras hist\u00f3ricas radicales como King que eran repudiadas, vigiladas y reprimidas mientras viv\u00edan, despues son esterilizadas y domadas para ser presentadas como parte de la propaganda oficial de las c\u00fapulas, y no hay mejor ejemplo que King, cuyo d\u00eda feriado oficial nacional es este lunes.<\/p>\n\n\n\n<p>Dentro y fuera de su pa\u00eds, se suele reducir su historia a la versi\u00f3n oficialmente aprobada de un tipo de santo que promov\u00eda la igualdad racial expresado en su famoso discurso&nbsp;Yo tengo un sue\u00f1o&nbsp;de 1963. Pocos resaltan que vincul\u00f3 el racismo con el sistema capitalista y finalmente el poder imperial, y por lo tanto la lucha antirracista al movimiento a favor de la dignidad de los trabajadores y los pobres, tanto dentro como fuera de Estados Unidos.<\/p>\n\n\n\n<p>King conden\u00f3 las injusticias del capitalismo y en varios momentos afirm\u00f3 estar a favor de una econom\u00eda&nbsp;m\u00e1s socialista.&nbsp;El hecho es que el capitalismo fue construido sobre la explotaci\u00f3n y sufrimiento de esclavos negros y contin\u00faa prosperando sobre la explotaci\u00f3n de los pobres, tanto negros y blancos, aqu\u00ed y en el extranjero, declar\u00f3 en 1967. Poco despu\u00e9s, en su monumental discurso de la iglesia Riverside, proclam\u00f3 que&nbsp;si vamos a estar del lado correcto de la revoluci\u00f3n mundial, nosotros como naci\u00f3n tenemos que realizar una revoluci\u00f3n radical de valores(<a href=\"https:\/\/kinginstitute.stanford.edu\/encyclopedia\/beyond-vietnam\" target=\"_blank\" rel=\"noreferrer noopener\">https:\/\/kinginstitute.stanford.edu\/encyclopedia\/beyond-vietnam<\/a>).<\/p>\n\n\n\n<p>Reconoci\u00f3&nbsp;la red inescapable de mutualidad&nbsp;entre todos los que luchan contra las injusticias sociales \u2013incluso empez\u00f3 a trabajar con mexicano-estadunidenses en su Campa\u00f1a de los Pobres y en 1966 expres\u00f3 a C\u00e9sar Ch\u00e1vez que&nbsp;nuestras luchas separadas son en verdad una sola; una lucha por la libertad, la dignidad y la humanidad. Para \u00e9l, el racismo era parte de la guerra contra todos los trabajadores y los pobres.<\/p>\n\n\n\n<p>Vale recordar que a finales de su vida, King era repudiado por m\u00e1s de dos tercios de sus compatriotas, sus propios aliados se alejaron al criticar que estaba debilitando al movimiento de derechos civiles al hablar sobre la guerra, o sea, los costos de expresar su conciencia. \u00c9l respondi\u00f3 que lo ten\u00eda que hacer porque&nbsp;llega un momento en que el silencio es traici\u00f3n.<\/p>\n\n\n\n<p>Y eso es lo esperanzador en este d\u00eda de King: amplios sectores rehusan guardar silencio. Se ha resucitado su Campa\u00f1a para los Pobres como una iniciativa multirracial a favor de la justicia econ\u00f3mica y King est\u00e1 muy presente en las movilizaciones de defensa de libertades y derechos civiles, en el movimiento de j\u00f3venes contra la violencia de armas de fuego, en la lucha por los derechos de los trabajadores incluyendo los inmigrantes, y en la resistencia contra el militarismo.<\/p>\n\n\n\n<p>Estas son las fuerzas democratizadoras que King dec\u00eda eran\/son la esperanza para el futuro estadounidense.<\/p>\n\n\n\n<p>Neville Brothers.&nbsp;<em>Let my People Go<\/em>.&nbsp;<a rel=\"noreferrer noopener\" href=\"https:\/\/open.spotify.com\/track\/1zJEp7JjArWDesv5wNLoYx?si=261411f511d44e9e\" target=\"_blank\">https:\/\/open.spotify.com\/track\/1zJEp7JjArWDesv5wNLoYx?si=261411f511d44e9e<\/a><\/p>\n\n\n\n<p>Ben Harper.&nbsp;<em>Like a King<\/em>.&nbsp;<a rel=\"noreferrer noopener\" href=\"https:\/\/open.spotify.com\/track\/2g0zx3ktLjMiyc9jOc6ll8?si=107d6cc15ab04fc3\" target=\"_blank\">https:\/\/open.spotify.com\/track\/2g0zx3ktLjMiyc9jOc6ll8?si=107d6cc15ab04fc3<\/a><br><\/p>\n","protected":false},"excerpt":{"rendered":"<p>David Brooks Fuente: Rebeli\u00f3n La luz radical del reverendo Martin Luther King, Jr no podr\u00eda ser m\u00e1s contempor\u00e1nea \u2013al celebrarse lo que ser\u00edan sus 93 a\u00f1os de edad\u2013 y eso es a la vez triste y esperanzador. Triste porque uno de los logros magnos de su movimiento de derechos civiles, el derecho pleno al voto [&hellip;]<\/p>\n","protected":false},"author":1,"featured_media":5841,"comment_status":"open","ping_status":"open","sticky":false,"template":"","format":"standard","meta":{"footnotes":""},"categories":[5,3],"tags":[],"_links":{"self":[{"href":"http:\/\/www.movimientocaamanista.com\/index.php?rest_route=\/wp\/v2\/posts\/5840"}],"collection":[{"href":"http:\/\/www.movimientocaamanista.com\/index.php?rest_route=\/wp\/v2\/posts"}],"about":[{"href":"http:\/\/www.movimientocaamanista.com\/index.php?rest_route=\/wp\/v2\/types\/post"}],"author":[{"embeddable":true,"href":"http:\/\/www.movimientocaamanista.com\/index.php?rest_route=\/wp\/v2\/users\/1"}],"replies":[{"embeddable":true,"href":"http:\/\/www.movimientocaamanista.com\/index.php?rest_route=%2Fwp%2Fv2%2Fcomments&post=5840"}],"version-history":[{"count":1,"href":"http:\/\/www.movimientocaamanista.com\/index.php?rest_route=\/wp\/v2\/posts\/5840\/revisions"}],"predecessor-version":[{"id":5842,"href":"http:\/\/www.movimientocaamanista.com\/index.php?rest_route=\/wp\/v2\/posts\/5840\/revisions\/5842"}],"wp:featuredmedia":[{"embeddable":true,"href":"http:\/\/www.movimientocaamanista.com\/index.php?rest_route=\/wp\/v2\/media\/5841"}],"wp:attachment":[{"href":"http:\/\/www.movimientocaamanista.com\/index.php?rest_route=%2Fwp%2Fv2%2Fmedia&parent=5840"}],"wp:term":[{"taxonomy":"category","embeddable":true,"href":"http:\/\/www.movimientocaamanista.com\/index.php?rest_route=%2Fwp%2Fv2%2Fcategories&post=5840"},{"taxonomy":"post_tag","embeddable":true,"href":"http:\/\/www.movimientocaamanista.com\/index.php?rest_route=%2Fwp%2Fv2%2Ftags&post=5840"}],"curies":[{"name":"wp","href":"https:\/\/api.w.org\/{rel}","templated":true}]}}