{"id":5924,"date":"2022-02-08T11:11:22","date_gmt":"2022-02-08T11:11:22","guid":{"rendered":"http:\/\/www.movimientocaamanista.com\/?p=5924"},"modified":"2022-02-20T22:24:23","modified_gmt":"2022-02-20T22:24:23","slug":"p-n-reactiva-capitulo-de-ejecuciones-extra-judiciales-el-plan-comienza-por-navarrete-esto-hay-que-impedirlo","status":"publish","type":"post","link":"http:\/\/www.movimientocaamanista.com\/?p=5924","title":{"rendered":"P.N. REACTIVA CAP\u00cdTULO DE EJECUCIONES EXTRA JUDICIALES: EL PLAN COMIENZA POR NAVARRETE! \u00a1ESTO HAY QUE IMPEDIRLO!"},"content":{"rendered":"\n<p>El alto mando policial ha reactivado el cap\u00edtulo de ejecuciones extrajudiciales (asesinatos) contra j\u00f3venes rebeldes hastiados de abuso, abandono y pobreza; aprovechando determinados protestas populares y choques violentos en barrios y pueblos empobrecidos. El plan comienza por NAVARRETE.<\/p>\n\n\n\n<p>La determinaci\u00f3n criminal de la PN incluye la modalidad de infiltrar protestas y disparar desde ellas contra tropas policiales, para luego acusar activistas de grupos populares y perseguirlos a muerte. Todo parece indicar que eso hizo recientemente en Navarrete Y SFM.<\/p>\n\n\n\n<p>El plan criminal de represalias de la Polic\u00eda persigue sembrar terror en vista del descontento social creciente, el repunte de las protestas populares y su posibilidad de expansi\u00f3n, dada la indignaci\u00f3n que est\u00e1n provocando las alzas de los combustibles y alimentos, los apagones, el abandono de los barrios pobres y el enriquecimiento empresarial a costa del patrimonio nacional.<\/p>\n\n\n\n<p>La activaci\u00f3n de cap\u00edtulo de las ejecuciones extra-judiciales por la PN viene de la tradici\u00f3n de \u201cmano dura\u201d de los Candelier, Guzm\u00e1n Ferm\u00edn, Polanco G\u00f3mez (todav\u00eda impunes)\u2026 a la que pertenece el General THEN, quien fue junto a Polanco G\u00f3mez uno de los protectores de LA SOGA en Santiago, y ahora responde a instrucciones de oficiales colombianos y carabineros chilenos.<\/p>\n\n\n\n<p>La PN pretende ensa\u00f1arse aun m\u00e1s contra las protestas en el Noroeste, Navarrete, Licey, Moca y SFM\u2026 considerados por sus jefes como \u201clos puntos  m\u00e1s calientes a ser  apaciguados\u201d por sus tropas especiales; d\u00e1ndole \u2013agregan- un buen \u201cescarmiento\u201d a los j\u00f3venes m\u00e1s combativos e indoblegables.<\/p>\n\n\n\n<p>De buena fuente nos enteramos, que en el caso de Navarrete, el alto mando policial del Cibao tiene la decisi\u00f3n de &#8220;darle para abajo&#8221; a cuatro j\u00f3venes rebeldes pertenecientes al grupo popular CONALUCHA, cuyos nombres son JAIME VARGAS, ARMANDO GARC\u00cdA, JOSE RODRIGUEZ y LUILLY GARC\u00cdA <\/p>\n\n\n\n<p>\u00a1ESTO HAY QUE DENUNCIARLO Y ENFRENTARLO POR TODAS LAS V\u00cdAS HASTA IMPEDIRLO!<\/p>\n\n\n\n<p>\u00a1ALTO A LA CRIMINALIDAD POLICIAL!<\/p>\n\n\n\n<p style=\"text-align:center\">Por la COORDINACI\u00d3N CENTRAL del Movimiento Caama\u00f1ista-MC:<br>\nNarciso Isa Conde<\/p>\n","protected":false},"excerpt":{"rendered":"<p>El alto mando policial ha reactivado el cap\u00edtulo de ejecuciones extrajudiciales (asesinatos) contra j\u00f3venes rebeldes hastiados de abuso, abandono y pobreza; aprovechando determinados protestas populares y choques violentos en barrios y pueblos empobrecidos. El plan comienza por NAVARRETE. La determinaci\u00f3n criminal de la PN incluye la modalidad de infiltrar protestas y disparar desde ellas contra [&hellip;]<\/p>\n","protected":false},"author":1,"featured_media":228,"comment_status":"open","ping_status":"open","sticky":false,"template":"","format":"standard","meta":{"footnotes":""},"categories":[24,5,16],"tags":[],"_links":{"self":[{"href":"http:\/\/www.movimientocaamanista.com\/index.php?rest_route=\/wp\/v2\/posts\/5924"}],"collection":[{"href":"http:\/\/www.movimientocaamanista.com\/index.php?rest_route=\/wp\/v2\/posts"}],"about":[{"href":"http:\/\/www.movimientocaamanista.com\/index.php?rest_route=\/wp\/v2\/types\/post"}],"author":[{"embeddable":true,"href":"http:\/\/www.movimientocaamanista.com\/index.php?rest_route=\/wp\/v2\/users\/1"}],"replies":[{"embeddable":true,"href":"http:\/\/www.movimientocaamanista.com\/index.php?rest_route=%2Fwp%2Fv2%2Fcomments&post=5924"}],"version-history":[{"count":1,"href":"http:\/\/www.movimientocaamanista.com\/index.php?rest_route=\/wp\/v2\/posts\/5924\/revisions"}],"predecessor-version":[{"id":5925,"href":"http:\/\/www.movimientocaamanista.com\/index.php?rest_route=\/wp\/v2\/posts\/5924\/revisions\/5925"}],"wp:featuredmedia":[{"embeddable":true,"href":"http:\/\/www.movimientocaamanista.com\/index.php?rest_route=\/wp\/v2\/media\/228"}],"wp:attachment":[{"href":"http:\/\/www.movimientocaamanista.com\/index.php?rest_route=%2Fwp%2Fv2%2Fmedia&parent=5924"}],"wp:term":[{"taxonomy":"category","embeddable":true,"href":"http:\/\/www.movimientocaamanista.com\/index.php?rest_route=%2Fwp%2Fv2%2Fcategories&post=5924"},{"taxonomy":"post_tag","embeddable":true,"href":"http:\/\/www.movimientocaamanista.com\/index.php?rest_route=%2Fwp%2Fv2%2Ftags&post=5924"}],"curies":[{"name":"wp","href":"https:\/\/api.w.org\/{rel}","templated":true}]}}