{"id":5961,"date":"2022-02-15T10:58:39","date_gmt":"2022-02-15T10:58:39","guid":{"rendered":"http:\/\/www.movimientocaamanista.com\/?p=5961"},"modified":"2022-02-15T10:58:41","modified_gmt":"2022-02-15T10:58:41","slug":"davos-2022-y-la-crisis-del-sistema","status":"publish","type":"post","link":"http:\/\/www.movimientocaamanista.com\/?p=5961","title":{"rendered":"Davos 2022 y la crisis del sistema"},"content":{"rendered":"\n<p>Edgar Isch L.<\/p>\n\n\n\n<p>Fuente: <a href=\"https:\/\/rebelion.org\/davos-2022-y-la-crisis-del-sistema\/\">Rebeli\u00f3n<\/a><\/p>\n\n\n\n<p>Nada aparece como estable, ning\u00fan pa\u00eds como cabeza de playa de un capitalismo sin muy graves conflictos.<\/p>\n\n\n\n<p>Es conocido que el Foro Econ\u00f3mico Mundial de Davos permite conocer cu\u00e1les son las preocupaciones de las grandes fortunas y las potencias, aunque de cuando en cuando hay invitados que quieren presentar otra naturaleza. No extra\u00f1a por ello que ante la crisis multilateral del sistema su foco de atenci\u00f3n sea como salvar al capitalismo y ajustar las condiciones de explotaci\u00f3n de seres humanos y del conjunto de la naturaleza.<\/p>\n\n\n\n<p>Hace dos a\u00f1os, pretendiendo que los mayores problemas surgieron con la pandemia de la Covid-19, llamaron a preparar el \u201cGran Reseteo\u201d, nombre tecnol\u00f3gico que se refiri\u00f3 a la oportunidad que encontraron, o cre\u00edan encontrar, para ajustar y reiniciar el sistema en su conjunto. En todas las medidas propuestas se consideraba que era necesario el actuar unidos, con prop\u00f3sitos que superaran a los intereses de las transnacionales y de los imperialismos. Anhelo, por supuesto que solo se cumplir\u00eda en objetivos espec\u00edficos en un mar creciente de olas de disputa de quien tomar\u00eda el poder en el mundo.<\/p>\n\n\n\n<p>En contraparte del Foro de Davos se sol\u00eda presentar el Foro Social Mundial, que en 2021 cumpli\u00f3 20 a\u00f1os de presencia, m\u00e1s no de organizaci\u00f3n con un norte ideol\u00f3gico claro. La hegemon\u00eda de posiciones socialdem\u00f3cratas y reformistas, que se demuestran estancadas en criticar los efectos del capitalismo pero sin plantear una salida del sistema que supere los discursos, ha debilitado esta instancia y su estructura misma est\u00e1 en cuesti\u00f3n.<\/p>\n\n\n\n<p>Dadas estas realidades, la imposibilidad del Gran Reseteo no vino de fuerzas contrapuestas al mismo sino de las propias pugnas interimperialistas, que se acent\u00faan y que incluso muestran m\u00fasculos de guerra en tierras de terceros pa\u00edses. Cuando se ponen de acuerdo, nuevamente se trata m\u00e1s de una demagogia de escala global, como las novedades en los discursos y acuerdos en torno al cambio clim\u00e1tico, mientras se acent\u00faa la exploraci\u00f3n de nuevas fuentes de combustibles f\u00f3siles.<\/p>\n\n\n\n<p>Pero esto no quiere decir que empleando mayormente el recetario neoliberal, aunque a veces en combinaci\u00f3n con ciertas obligatorias medidas keynesianas como los bonos de auxilio ante los efectos sociales de la covid-19, la competencia global se redujese o controlase y que se pudiese dar un reseteo que considere los intereses de la mayor\u00eda de la poblaci\u00f3n.<\/p>\n\n\n\n<p><strong>Los peligros mundiales<\/strong><\/p>\n\n\n\n<p>Este enero el Foro de Davos se concret\u00f3 a sesiones virtuales para aplazar su encuentro presencial por seis meses debido a la pandemia. Sin embargo, lo all\u00ed dicho tiene importancia indudable.<\/p>\n\n\n\n<p>La principal expresi\u00f3n es la edici\u00f3n 17 del \u201cInforme de Riesgos Globales 2022\u201d. All\u00ed se plantea que las situaciones m\u00e1s graves est\u00e1n en: los fen\u00f3menos meteorol\u00f3gicos extremos, la crisis de empleo y desigualdad social, las enfermedades infecciosas, el deterioro de la salud mental, los ataques cibern\u00e9ticos y el endeudamiento de las naciones. Se\u00f1ala adem\u00e1s que, para lograr la cohesi\u00f3n social, recuperar el empleo y lograr la prosperidad se requerir\u00e1 varios a\u00f1os.<\/p>\n\n\n\n<p>Como se ve, hay una multiplicidad de factores que, si se quisiese ir a la ra\u00edz com\u00fan, encontrar\u00edamos al modo de producci\u00f3n y de vida capitalista. Eso, por supuesto no lo dice el informe, en el que no solo se plantea a la pandemia como origen, sino que cualquier otro problema, bajo los eufemismos neoliberales, no son sino distorsiones del mercado.&nbsp;<\/p>\n\n\n\n<p>Pero el tema de la cohesi\u00f3n se les torna urgente de considerar. Cuando la cohesi\u00f3n no funciona, cuando los trabajadores y sectores populares dejan de asumir como propias las mentiras del sistema y a considerar que los intereses de los millonarios son intereses sociales, es cuando el sistema tambalea. Saben bien que sin cohesi\u00f3n deben usar la represi\u00f3n, pero numerosos levantamientos populares en los \u00faltimos a\u00f1os evidencian que tambi\u00e9n en ese terreno van cayendo sus capacidades de dominaci\u00f3n.<\/p>\n\n\n\n<p>Sin duda esto es lo que llev\u00f3 a un grupo de alrededor de 100 milmillonarios a enviar una solicitud a Davos, planteando que les cobren m\u00e1s impuestos, de inmediato y de manera permanente. Lo hacen con ciertos argumentos \u201c\u00e9ticos\u201d, pero que en lo esencial responden a la necesidad de cohesionar a la sociedad, de lograr que la gente tenga confianza en el sistema. \u00abLa confianza -en la pol\u00edtica, en la sociedad, en los dem\u00e1s- no se construye en peque\u00f1as habitaciones a las que s\u00f3lo pueden acceder los m\u00e1s ricos y poderosos. No est\u00e1 construido por viajeros espaciales multimillonarios que hacen una fortuna con una pandemia, pero no pagan casi nada en impuestos y proporcionan salarios bajos a sus trabajadores\u00bb, dice parte del escrito.<\/p>\n\n\n\n<p>Por cierto, no plantean dejar de ser extremadamente millonarios ni debilitar su poder, \u00fanicamente repartir un poco para que los pueblos no exijan todo lo que les pertenece y ocultan la diferencia entre un 1% de la poblaci\u00f3n mundial que posee m\u00e1s de la mitad de la riqueza mundial.<\/p>\n\n\n\n<p><strong>Los Estados a borde del colapso<\/strong><\/p>\n\n\n\n<p>Mediante una amplia encuesta a personajes con alto poder, el informe plantea tambi\u00e9n, pa\u00eds por pa\u00eds, cuales son los riesgos inmediatos m\u00e1s visibles. Resalta all\u00ed la existencia, sea como la amenaza n\u00famero uno o la n\u00famero cinco, la posibilidad de colapso de determinadas \u00e1reas socio-econ\u00f3micas e incluso del colapso total de determinados Estados.&nbsp;Este ser\u00eda resultado del conflicto interno, el quebrantamiento legal, la erosi\u00f3n de las instituciones posibilidades de golpe militar o instabilidad regional o global.<\/p>\n\n\n\n<p>Una clara advertencia de que no hay tranquilidad en los cimientos del sistema, pero tambi\u00e9n un llamado a las potencias a cuidar sus patios traseros. O \u201cpatio delantero\u201d, como hace poco dijo el presidente de Estados Unidos refiri\u00e9ndose a Am\u00e9rica Latina, como si se tratara de otorgarnos un ascenso en la escala de la servidumbre y dependencia.&nbsp;<\/p>\n\n\n\n<p>En Am\u00e9rica Latina, el colapso del Estado es visto como un tema de primer orden en varios pa\u00edses (entre par\u00e9ntesis, el orden en los cinco niveles de riesgo): Argentina (3ero); Bolivia (5to); Chile (4to); Colombia (4to); Costa Rica (4to); El Salvador (2do); Guatemala (2do); Honduras (1ero); M\u00e9xico (3ero); Nicaragua (1ero); Paraguay (5to); Per\u00fa (1ero); Venezuela (1ero).&nbsp;<\/p>\n\n\n\n<p>Pero los otros anuncios de riesgos no son menores y podr\u00edan traer lo que llaman colapso por conflictos sociales, como por ejemplo con el colapso de la seguridad social que ser\u00eda el primer riesgo para Ecuador.&nbsp;<\/p>\n\n\n\n<p><strong>Los culpables de los males no pueden curar al mundo<\/strong><\/p>\n\n\n\n<p>Nada, entonces, aparece como estable, ning\u00fan pa\u00eds como cabeza de playa de un capitalismo sin muy graves conflictos. El Foro de Davos lo alerta, aunque en su interior hay diversas opiniones que solo evidencian que tras el foro y el debate, no sale ni saldr\u00e1 una acci\u00f3n com\u00fan. Para Xi Jiinping, el presidente de China, por ejemplo, siendo quien arranc\u00f3 las intervenciones, hay riesgos puntuales como inflaci\u00f3n o problemas de los suministros y la receta es m\u00e1s globalizaci\u00f3n neoliberal, que otras potencias no se crucen en su camino a convertirse en la nueva gran potencia.<\/p>\n\n\n\n<p>Las grandes corporaciones y los pa\u00edses imperialistas est\u00e1n en ofensiva para ganar la carrera en el p\u00f3dium de grandes potencias. Davos, sus informes y el grueso de las intervenciones nada dicen al respecto y plantean que se trata de corregir rumbos equivocados. Es decir que esperan que las soluciones vengan de la \u201cbuena voluntad\u201d de los poderosos o de la \u201cconciencia\u201d de la gravedad de situaciones como el cambio clim\u00e1tico. Ese es, por el contrario, un camino seguro al agravamiento de las condiciones de vida y esperanza de futuro de la humanidad.<\/p>\n\n\n\n<p>Las olas huelgu\u00edsticas en los pa\u00edses desarrollados, las protestas y b\u00fasqueda de alternativas pol\u00edticas en pa\u00edses dependientes, la polarizaci\u00f3n de clase alrededor del mundo, el resurgimiento del fascismo como \u00faltima l\u00ednea de defensa del sistema, entre otros indicadores, evidencian que no se puede esperar mucho de peque\u00f1os cambios. Es en el terreno de la lucha de clases donde se disputar\u00e1 el futuro de los pueblos y la humanidad.<\/p>\n\n\n\n<p><em>*&nbsp;&nbsp;Acad\u00e9mico y exministro de Medioambiente de Ecuador. Asociado al Centro Latinoamericano de An\u00e1lisis Estrat\u00e9gico (CLAE)<\/em><\/p>\n","protected":false},"excerpt":{"rendered":"<p>Edgar Isch L. Fuente: Rebeli\u00f3n Nada aparece como estable, ning\u00fan pa\u00eds como cabeza de playa de un capitalismo sin muy graves conflictos. Es conocido que el Foro Econ\u00f3mico Mundial de Davos permite conocer cu\u00e1les son las preocupaciones de las grandes fortunas y las potencias, aunque de cuando en cuando hay invitados que quieren presentar otra [&hellip;]<\/p>\n","protected":false},"author":1,"featured_media":4337,"comment_status":"open","ping_status":"open","sticky":false,"template":"","format":"standard","meta":{"footnotes":""},"categories":[5,3],"tags":[],"_links":{"self":[{"href":"http:\/\/www.movimientocaamanista.com\/index.php?rest_route=\/wp\/v2\/posts\/5961"}],"collection":[{"href":"http:\/\/www.movimientocaamanista.com\/index.php?rest_route=\/wp\/v2\/posts"}],"about":[{"href":"http:\/\/www.movimientocaamanista.com\/index.php?rest_route=\/wp\/v2\/types\/post"}],"author":[{"embeddable":true,"href":"http:\/\/www.movimientocaamanista.com\/index.php?rest_route=\/wp\/v2\/users\/1"}],"replies":[{"embeddable":true,"href":"http:\/\/www.movimientocaamanista.com\/index.php?rest_route=%2Fwp%2Fv2%2Fcomments&post=5961"}],"version-history":[{"count":1,"href":"http:\/\/www.movimientocaamanista.com\/index.php?rest_route=\/wp\/v2\/posts\/5961\/revisions"}],"predecessor-version":[{"id":5962,"href":"http:\/\/www.movimientocaamanista.com\/index.php?rest_route=\/wp\/v2\/posts\/5961\/revisions\/5962"}],"wp:featuredmedia":[{"embeddable":true,"href":"http:\/\/www.movimientocaamanista.com\/index.php?rest_route=\/wp\/v2\/media\/4337"}],"wp:attachment":[{"href":"http:\/\/www.movimientocaamanista.com\/index.php?rest_route=%2Fwp%2Fv2%2Fmedia&parent=5961"}],"wp:term":[{"taxonomy":"category","embeddable":true,"href":"http:\/\/www.movimientocaamanista.com\/index.php?rest_route=%2Fwp%2Fv2%2Fcategories&post=5961"},{"taxonomy":"post_tag","embeddable":true,"href":"http:\/\/www.movimientocaamanista.com\/index.php?rest_route=%2Fwp%2Fv2%2Ftags&post=5961"}],"curies":[{"name":"wp","href":"https:\/\/api.w.org\/{rel}","templated":true}]}}