{"id":5963,"date":"2022-02-15T11:01:12","date_gmt":"2022-02-15T11:01:12","guid":{"rendered":"http:\/\/www.movimientocaamanista.com\/?p=5963"},"modified":"2022-02-15T11:01:13","modified_gmt":"2022-02-15T11:01:13","slug":"giro-a-la-derecha-del-gobierno-de-pedro-castillo","status":"publish","type":"post","link":"http:\/\/www.movimientocaamanista.com\/?p=5963","title":{"rendered":"Giro a la derecha del Gobierno de Pedro Castillo"},"content":{"rendered":"\n<p>Cesar Robles<\/p>\n\n\n\n<p>Fuente: <a href=\"https:\/\/rebelion.org\/giro-a-la-derecha-del-gobierno-de-pedro-castillo\/\">Rebeli\u00f3n<\/a><\/p>\n\n\n\n<p>La inesperada, y a la vez, sorpresiva designaci\u00f3n de H\u00e9ctor Valer como nuevo Primer Ministro del gobierno de Pedro Castillo, aleja cada vez m\u00e1s el apoyo y respaldo que ven\u00edan expresando diversos sectores de izquierda que no han dudado en catalogar a este nuevo gabinete como de derechas y ultraconservador.<\/p>\n\n\n\n<p>Valer, quien se considera aprista, es una figura que ha transitado por diversos partidos pol\u00edticos, militando en su juventud en el APRA, pasando luego por Uni\u00f3n Por el Per\u00fa, Per\u00fa Naci\u00f3n y recientemente por Renovaci\u00f3n Popular, partido que postul\u00f3 a la Presidencia de la Rep\u00fablica a Rafael L\u00f3pez Aliaga, un exc\u00e9ntrico l\u00edder de derecha y ultraconservador, al estilo Bolsonaro de Brasil.&nbsp;<\/p>\n\n\n\n<p>Electo congresista por Lima, y antes de asumir funciones, el nuevo Primer Ministro es expulsado de su grupo parlamentario por \u201cdesleal\u201d, y empieza su acercamiento a Per\u00fa Libre y al Gobierno de Pedro Castillo.&nbsp;<\/p>\n\n\n\n<p>Todo indica que la denominaci\u00f3n de \u201ctr\u00e1nsfuga\u201d le cae como la guinda al pastel, ya que esa ha sido la constante en su actividad pol\u00edtica, virando de una orilla a otra, dependiendo de adonde \u201csoplen\u201d los vientos.&nbsp;<\/p>\n\n\n\n<p>Pero echarle la culpa a Valer de su designaci\u00f3n es no querer ver el fondo del problema, que es el viraje del Gobierno a posturas de derecha y ultraconservadoras en todo lo relacionado con los derechos civiles o de familia.&nbsp;<\/p>\n\n\n\n<p>La salida de los ministros Pedro Francke de Econom\u00eda y Anah\u00ed Durand de La Mujer, ambos del partido aliado Nuevo Per\u00fa, es un mensaje claro de adonde apunta el Gobierno del presidente Castillo, que es desmarcarse de la izquierda y a partir del \u201ccuoteo\u201d y \u201crepartija\u201d pol\u00edtica de ministerios con partidos con representaci\u00f3n parlamentaria de derecha, tratar de evitar una nueva iniciativa o propuesta de vacancia presidencial. &nbsp;<\/p>\n\n\n\n<p>Al fin de cuentas, lo que se necesitan son votos para \u201csalvar\u201d al Gobierno y lograr mantener las riendas del Estado, sin embargo, el precio es alto y muy arriesgado, ya que no s\u00f3lo se trata de sobrevivir a las intentonas golpistas, sino y, sobre todo, de darle un rumbo y una orientaci\u00f3n clara al Gobierno para plasmar las grandes reformas pol\u00edticas y estructurales que el pa\u00eds necesita y por las cuales el pueblo voto.&nbsp;<\/p>\n\n\n\n<p>Lo preocupante del asunto, sin embargo, es que se han cumplido seis meses de gobierno y ya va el tercer gabinete ministerial que cae, pasando del infantilismo de izquierda liderado por el congresista Guido Bellido de Per\u00fa Libre, a uno liderado por H\u00e9ctor Valer que se reclama aprista e integrante del ala mas conservadora de la Iglesia Cat\u00f3lica como el Opus Dei. &nbsp;<\/p>\n\n\n\n<p>No cabe duda que con esta reconfiguraci\u00f3n del gabinete ministerial, el presidente Pedro Castillo acaba abandonando las promesas de cambio que impuls\u00f3 en su campa\u00f1a electoral y por las que obtuvo el respaldo del pueblo peruano y de los diversos partidos y movimientos de izquierda. \u00a1La historia se repite, pero esta vez como tragedia!&nbsp;<\/p>\n","protected":false},"excerpt":{"rendered":"<p>Cesar Robles Fuente: Rebeli\u00f3n La inesperada, y a la vez, sorpresiva designaci\u00f3n de H\u00e9ctor Valer como nuevo Primer Ministro del gobierno de Pedro Castillo, aleja cada vez m\u00e1s el apoyo y respaldo que ven\u00edan expresando diversos sectores de izquierda que no han dudado en catalogar a este nuevo gabinete como de derechas y ultraconservador. Valer, [&hellip;]<\/p>\n","protected":false},"author":1,"featured_media":5209,"comment_status":"open","ping_status":"open","sticky":false,"template":"","format":"standard","meta":{"footnotes":""},"categories":[5,3],"tags":[],"_links":{"self":[{"href":"http:\/\/www.movimientocaamanista.com\/index.php?rest_route=\/wp\/v2\/posts\/5963"}],"collection":[{"href":"http:\/\/www.movimientocaamanista.com\/index.php?rest_route=\/wp\/v2\/posts"}],"about":[{"href":"http:\/\/www.movimientocaamanista.com\/index.php?rest_route=\/wp\/v2\/types\/post"}],"author":[{"embeddable":true,"href":"http:\/\/www.movimientocaamanista.com\/index.php?rest_route=\/wp\/v2\/users\/1"}],"replies":[{"embeddable":true,"href":"http:\/\/www.movimientocaamanista.com\/index.php?rest_route=%2Fwp%2Fv2%2Fcomments&post=5963"}],"version-history":[{"count":1,"href":"http:\/\/www.movimientocaamanista.com\/index.php?rest_route=\/wp\/v2\/posts\/5963\/revisions"}],"predecessor-version":[{"id":5964,"href":"http:\/\/www.movimientocaamanista.com\/index.php?rest_route=\/wp\/v2\/posts\/5963\/revisions\/5964"}],"wp:featuredmedia":[{"embeddable":true,"href":"http:\/\/www.movimientocaamanista.com\/index.php?rest_route=\/wp\/v2\/media\/5209"}],"wp:attachment":[{"href":"http:\/\/www.movimientocaamanista.com\/index.php?rest_route=%2Fwp%2Fv2%2Fmedia&parent=5963"}],"wp:term":[{"taxonomy":"category","embeddable":true,"href":"http:\/\/www.movimientocaamanista.com\/index.php?rest_route=%2Fwp%2Fv2%2Fcategories&post=5963"},{"taxonomy":"post_tag","embeddable":true,"href":"http:\/\/www.movimientocaamanista.com\/index.php?rest_route=%2Fwp%2Fv2%2Ftags&post=5963"}],"curies":[{"name":"wp","href":"https:\/\/api.w.org\/{rel}","templated":true}]}}