{"id":5965,"date":"2022-02-15T11:09:44","date_gmt":"2022-02-15T11:09:44","guid":{"rendered":"http:\/\/www.movimientocaamanista.com\/?p=5965"},"modified":"2022-02-15T11:09:45","modified_gmt":"2022-02-15T11:09:45","slug":"brasil-demasiado-temprano-la-oposicion-de-izquierda-y-sus-alianzas-electorales","status":"publish","type":"post","link":"http:\/\/www.movimientocaamanista.com\/?p=5965","title":{"rendered":"Brasil \u2013 Demasiado temprano: La oposici\u00f3n de izquierda y sus alianzas electorales."},"content":{"rendered":"\n<p>Felipe Demier<\/p>\n\n\n\n<p>Fuente: <a href=\"https:\/\/correspondenciadeprensa.com\/?p=23705\">Correspondencia de Prensa<\/a><\/p>\n\n\n\n<p>Al considerar el nombre del electoralmente moribundo Geraldo Alckmin, como vicepresidente en una f\u00f3rmula con Lula, el PT, m\u00e1s que presentar una genial t\u00e1ctica electoral que podr\u00eda traducirse en votos, pretende dejar claro a la burgues\u00eda brasile\u00f1a dos cuestiones, dos posibilidades, por as\u00ed decirlo:<\/p>\n\n\n\n<p>1- que un futuro gobierno de Lula pretender\u00e1 restaurar, para la burgues\u00eda -y a juzgar por hoy, a pesar de ella e incluso contra ella- su r\u00e9gimen contra-reformista de 1988 tal como funcion\u00f3 hasta el golpe burgu\u00e9s de 2016, y:<\/p>\n\n\n\n<p>2- que esa misma burgues\u00eda podr\u00e1, de nuevo a trav\u00e9s de la vicepresidencia, dar un nuevo golpe de Estado si las orientaciones del futuro gobierno petista le desagradan en sus objetivos econ\u00f3micos inmediatos.<\/p>\n\n\n\n<p>Si el PT se somete por adelantado, como aspira la burgues\u00eda ante una eventual victoria electoral contra ella misma, la oposici\u00f3n de izquierda, a saber, el PSOL (Partido Socialismo e Liberdade), por su parte, privado de un liderazgo nacional desde que su principal figura (Guilherme Boulos: ndt) lanz\u00f3 prematuramente su candidatura para la gobernaci\u00f3n de S\u00e3o Paulo, parece estar m\u00e1s preocupado por la t\u00e1ctica para las elecciones parlamentarias, con el fin de preservar\/incrementar los cargos que, concretamente, sustentan los aparatos de sus corrientes internas.<\/p>\n\n\n\n<p>Un ala del partido critica correctamente la alianza con Alckmin, pero, de antemano, ya da se\u00f1ales de que puede apoyar la f\u00f3rmula del viejo r\u00e9gimen, siempre que prometa vagamente medidas program\u00e1ticas a la izquierda&nbsp;<sup><a href=\"https:\/\/correspondenciadeprensa.com\/?p=23705#fn-23705-1\">1<\/a><\/sup>, del tipo, \u00abmi\u00e9nteme, di que me amas, di que la dejar\u00e1s para quedarte conmigo\u00bb; otra ala, tratando de posar como m\u00e1s a la izquierda, est\u00e1 de hecho estancada en un&nbsp;<em>udenismo<\/em>&nbsp;<sup><a href=\"https:\/\/correspondenciadeprensa.com\/?p=23705#fn-23705-2\">2<\/a><\/sup>&nbsp;moralista y coquetea abiertamente con el antipetismo lavajatista.<\/p>\n\n\n\n<p>Mientras tanto, una buena parte de la militancia de izquierda, ap\u00e1tica ante el desierto de lo real, opta por luchar entusiastamente la \u00ablucha de clases\u00bb (o la lucha de identidades) en un reality show global.<\/p>\n\n\n\n<p><strong>*<\/strong>&nbsp;<strong>Felipe Demier<\/strong>, doctor en Historia por la Universidad Federal Fluminense (UFF) y profesor de la Facultad de Servicio Social da Universidad del Estado do Rio de Janeiro (UERJ). Es autor, entre otros libros, de \u00ab<em>O Longo Bonapartismo Brasileiro: un ensayo de interpretaci\u00f3n hist\u00f3rica<\/em>&nbsp;(1930-1964)\u00bb (Mauad, 2013) y \u00ab<em>Depois do Golpe: a dial\u00e9tica da democracia armada no Brasil<\/em>\u00bb (Mauad, 2017).<\/p>\n\n\n\n<p><strong>Notas de Correspondencia de Prensa&nbsp;<\/strong><\/p>\n\n\n\n<ol><li>Tal es el caso, entre otros, de Juliano Medeiros, presidente del PSOL, para quien, \u201cLa hip\u00f3tesis por la que queremos trabajar en este primer semestre es la construcci\u00f3n de la unidad de las izquierdas. Alckmin es un elemento que la dificulta, pero no necesariamente la inviabiliza. Lo fundamental es lo que ese frente ir\u00e1 a defender, porque si ese frente tiene un programa y una identidad de izquierda, ah\u00ed la contradicci\u00f3n de estar en \u00e9l es de Geraldo Alckmin y no nuestra\u201d. Citado por Manuela Sampallo en \u201cAmistades peligrosas. El acercamiento entre Lula y Alckmin\u201d:&nbsp;<a href=\"https:\/\/correspondenciadeprensa.com\/?p=23588\" target=\"_blank\" rel=\"noreferrer noopener\">https:\/\/correspondenciadeprensa.com\/?p=23588<\/a>&nbsp;<a href=\"https:\/\/correspondenciadeprensa.com\/?p=23705#fnref-23705-1\"><\/a><\/li><li>El&nbsp;<em>udenismo&nbsp;<\/em>de ideolog\u00eda \u201cliberal-conservadora\u201d y \u201cantipopulista\u201d. El t\u00e9rmino tiene su origen en la Uni\u00f3n Democr\u00e1tica Nacional (UDN), fundada en 1945 como una a \u201casociaci\u00f3n de partidos estaduales y corriente de opini\u00f3n\u201d contra la \u201cdictadura del Estado Nuevo\u201d de Get\u00falio Vargas. Se organiz\u00f3 como partido pol\u00edtico nacional y particip\u00f3 de todas las elecciones hasta 1965. Muchos&nbsp;<em>udenistas&nbsp;<\/em>apoyaron el golpe de Estado de 1964 y al r\u00e9gimen militar.&nbsp;<\/li><\/ol>\n\n\n\n<p><strong>Traducci\u00f3n de\u00a0<a href=\"https:\/\/correspondenciadeprensa.com\/\">Correspondencia de Prensa<\/a><\/strong><\/p>\n","protected":false},"excerpt":{"rendered":"<p>Felipe Demier Fuente: Correspondencia de Prensa Al considerar el nombre del electoralmente moribundo Geraldo Alckmin, como vicepresidente en una f\u00f3rmula con Lula, el PT, m\u00e1s que presentar una genial t\u00e1ctica electoral que podr\u00eda traducirse en votos, pretende dejar claro a la burgues\u00eda brasile\u00f1a dos cuestiones, dos posibilidades, por as\u00ed decirlo: 1- que un futuro gobierno [&hellip;]<\/p>\n","protected":false},"author":1,"featured_media":5860,"comment_status":"open","ping_status":"open","sticky":false,"template":"","format":"standard","meta":{"footnotes":""},"categories":[5,3],"tags":[],"_links":{"self":[{"href":"http:\/\/www.movimientocaamanista.com\/index.php?rest_route=\/wp\/v2\/posts\/5965"}],"collection":[{"href":"http:\/\/www.movimientocaamanista.com\/index.php?rest_route=\/wp\/v2\/posts"}],"about":[{"href":"http:\/\/www.movimientocaamanista.com\/index.php?rest_route=\/wp\/v2\/types\/post"}],"author":[{"embeddable":true,"href":"http:\/\/www.movimientocaamanista.com\/index.php?rest_route=\/wp\/v2\/users\/1"}],"replies":[{"embeddable":true,"href":"http:\/\/www.movimientocaamanista.com\/index.php?rest_route=%2Fwp%2Fv2%2Fcomments&post=5965"}],"version-history":[{"count":1,"href":"http:\/\/www.movimientocaamanista.com\/index.php?rest_route=\/wp\/v2\/posts\/5965\/revisions"}],"predecessor-version":[{"id":5966,"href":"http:\/\/www.movimientocaamanista.com\/index.php?rest_route=\/wp\/v2\/posts\/5965\/revisions\/5966"}],"wp:featuredmedia":[{"embeddable":true,"href":"http:\/\/www.movimientocaamanista.com\/index.php?rest_route=\/wp\/v2\/media\/5860"}],"wp:attachment":[{"href":"http:\/\/www.movimientocaamanista.com\/index.php?rest_route=%2Fwp%2Fv2%2Fmedia&parent=5965"}],"wp:term":[{"taxonomy":"category","embeddable":true,"href":"http:\/\/www.movimientocaamanista.com\/index.php?rest_route=%2Fwp%2Fv2%2Fcategories&post=5965"},{"taxonomy":"post_tag","embeddable":true,"href":"http:\/\/www.movimientocaamanista.com\/index.php?rest_route=%2Fwp%2Fv2%2Ftags&post=5965"}],"curies":[{"name":"wp","href":"https:\/\/api.w.org\/{rel}","templated":true}]}}