{"id":598,"date":"2019-10-24T13:53:11","date_gmt":"2019-10-24T13:53:11","guid":{"rendered":"http:\/\/www.movimientocaamanista.com\/?p=598"},"modified":"2019-10-27T00:07:27","modified_gmt":"2019-10-27T00:07:27","slug":"pinera-y-la-represion","status":"publish","type":"post","link":"http:\/\/www.movimientocaamanista.com\/?p=598","title":{"rendered":"Pi\u00f1era y la represi\u00f3n"},"content":{"rendered":"\n<p>Atilio Boron<\/p>\n\n\n\n<p>El r\u00e9gimen de Pi\u00f1era -e insisto en lo de \u201cr\u00e9gimen\u201d porque un gobierno\n que reprime con la brutalidad que todo el mundo ha visto no puede \nconsiderarse democr\u00e1tico- se enfrenta ante la m\u00e1s seria amenaza popular \njam\u00e1s enfrentada por gobierno alguno desde el derrocamiento de la Unidad\n Popular el 11 de Septiembre de 1973. Las rid\u00edculas explicaciones \noficiales no convencen ni a quienes las divulgan; se oyen denuncias \nsobre el vandalismo de los manifestantes, o su criminal desprecio&nbsp; por \nla propiedad privada, o por la paz y la tranquilidad para ni hablar de \nlas oblicuas alusiones a la letal influencia del \u201ccastro-madurismo\u201d en \nel desencadenamiento de las protestas que culminaron con la declaratoria\n del \u201cestado de emergencia\u201d por parte de La Moneda, argumento absurdo y \nfalaz antes esgrimido por el corrupto que hoy gobierna al Ecuador y \nabrumadoramente desmentido por los hechos.<\/p>\n\n\n\n<p>El estupor oficial y el de los sectores de la oposici\u00f3n solidarios \ncon el modelo econ\u00f3mico-pol\u00edtico heredado de la dictadura carece por \ncompleto de fundamento, a no ser por el anacronismo de &nbsp;la opulenta \npartidocracia dominante (una de las mejor remuneradas del mundo), su \nincurable ceguera o su completo aislamiento de las condiciones en que \nviven -o sobreviven- millones de chilenas y chilenos. Para un ojo bien \nentrenado si hay algo que sorprende es la eficacia de la propaganda que \npor d\u00e9cadas convenci\u00f3 a propios y ajenos de las excelsas virtudes del \nmodelo chileno. Este fue ensalzado hasta el hartazgo por los principales\n publicistas del imperio en estas latitudes: polit\u00f3logos y acad\u00e9micos \ndel buen pensar, operadores y lobistas disfrazados de periodistas, o \nintelectuales coloniales, como Mario Vargas Llosa, quien en un reciente \nart\u00edculo fustigaba sin piedad a los \u201cpopulismos\u201d existentes o en ciernes\n que atribulan a la regi\u00f3n a la vez que exaltaba el progreso \u201ca pasos de\n gigante\u201d de Chile.<a href=\"http:\/\/atilioboron.com.ar\/pinera-y-la-represion\/#_edn1\">[1]<\/a>\n Este pa\u00eds es para los opin\u00f3logos bienpensantes la feliz culminaci\u00f3n de \nun doble tr\u00e1nsito: de la dictadura a la democracia y de la econom\u00eda \nintervencionista a una de mercado. Lo primero no es cierto, lo segundo \ns\u00ed, con un agravante: en poqu\u00edsimos pa\u00edses el capitalismo ha arrasado \ncon los derechos fundamentales de la persona como en Chile, \nconvirti\u00e9ndolos en costosas mercanc\u00edas s\u00f3lo al alcance de una minor\u00eda.&nbsp; \nEl agua, la salud, la educaci\u00f3n, la seguridad social, el transporte, la \nvivienda, la riqueza minera, los bosques y el litoral marino fueron \nvorazmente apropiados por los amigos del r\u00e9gimen, durante la dictadura \nde Pinochet y con renovados \u00edmpetus en la supuesta \u201cdemocracia\u201d que le \nsucedi\u00f3. &nbsp;Este cruel e inhumano fundamentalismo de mercado tuvo como \nconsecuencia que Chile se convirtiera en el pa\u00eds con el mayor \nendeudamiento de hogares de Am\u00e9rica Latina, producto de la infinita \nprivatizaci\u00f3n ya mencionada que obliga a chilenas y chilenos pagar por \ntodo y a endeudarse hasta el infinito con el dinero que les expropian de\n sus sueldos y salarios las pira\u00f1as financieras que manejan los fondos \nde pensi\u00f3n. Seg\u00fan un estudio de la Fundaci\u00f3n Sol \u201cm\u00e1s de la mitad de los\n trabajadores asalariados no puede sacar a una familia promedio de la \npobreza\u201d y la distribuci\u00f3n del ingreso, dice un estudio reciente del \nBanco Mundial, sit\u00faa a Chile junto a Rwanda como uno de los ocho pa\u00edses \nm\u00e1s desiguales del mundo. Por \u00faltimo, digamos que la CEPAL comprob\u00f3 en \nsu \u00faltimo estudio sobre la cuesti\u00f3n social en Latinoam\u00e9rica que &nbsp;el 1por\n ciento m\u00e1s rico de Chile se apropia del &nbsp;26,5 por ciento del ingreso \nnacional mientras que el 50 por ciento de los hogares m\u00e1s pobres s\u00f3lo \naccede al 2.1 por ciento del mismo. <a href=\"http:\/\/atilioboron.com.ar\/pinera-y-la-represion\/#_edn2\">[2]<\/a> &nbsp;\u00bfEste es el modelo a imitar?<\/p>\n\n\n\n<p>En suma: en Chile se sintetizan una explosiva combinaci\u00f3n de libre \nmercado sin anestesia y una democracia completamente deslegitimizada,&nbsp; \nque de ella s\u00f3lo conserva el nombre. Degener\u00f3 en una plutocracia que, \nhasta hace pocos d\u00edas -pero ya no m\u00e1s- medraba ante la resignaci\u00f3n, \ndesmoralizaci\u00f3n y apat\u00eda de la ciudadan\u00eda, enga\u00f1ada h\u00e1bilmente por la \noligarqu\u00eda medi\u00e1tica socia de la clase dominante. Una se\u00f1al de alerta \ndel descontento social fue que m\u00e1s de la mitad de la poblaci\u00f3n (el 53.3 \npor ciento) en edad de votar ni siquiera se molest\u00f3 en acudir a las \nurnas en la primera vuelta de la elecci\u00f3n presidencial del 2017. Si bien\n en el balotaje la abstenci\u00f3n se redujo al 51 por ciento Sebasti\u00e1n \nPi\u00f1era fue electo con apenas el 26.4 por ciento de los electores \ninscriptos. En pocas palabras, s\u00f3lo uno de cada cuatro ciudadanos se \nsinti\u00f3 representado por \u00e9l. Hoy esa cifra debe ser bastante menor y en \nun clima en donde por doquier el neoliberalismo se encuentra acosado por\n las protestas sociales. Ha cambiado el clima de \u00e9poca, y no s\u00f3lo en \nLatinoam\u00e9rica. &nbsp;Sus falsas promesas ya no son m\u00e1s cre\u00edbles y los pueblos\n se rebelan: algunos, como en Argentina, desalojando a sus voceros del \ngobierno a trav\u00e9s del mecanismo electoral, y otros intentando con sus \nenormes movilizaciones \u2013Chile, Ecuador, Hait\u00ed, Honduras- poner fin a un \nproyecto insanablemente injusto, inhumano y predatorio. Es cierto: hay \nun \u201cfin de ciclo\u201d en la regi\u00f3n. Pero no, como postulaban algunos, el del\n progresismo sino el del neoliberalismo, que s\u00f3lo podr\u00e1 ser sostenido, y\n no por mucho tiempo, a fuerza de brutales represiones.<\/p>\n\n\n\n<p><a href=\"http:\/\/atilioboron.com.ar\/pinera-y-la-represion\/#_ednref1\">[1]<\/a> Cf. \u201cRetorno a la barbarie\u201d, <strong><em>El Pa\u00eds<\/em><\/strong>, 31 de Agosto de 2019.<\/p>\n\n\n\n<p><a href=\"http:\/\/atilioboron.com.ar\/pinera-y-la-represion\/#_ednref2\">[2]<\/a> Los datos de la Fundaci\u00f3n Sol son recogidos en la nota de Nicol\u00e1s Bravo Sep\u00falveda para el peri\u00f3dico digital El Mostrador&nbsp;<a href=\"https:\/\/atilioboron.us3.list-manage.com\/track\/click?u=02499424c4b78156f7d898545&amp;id=a4cb28d9c4&amp;e=4e261c1dc1\">www.elmostrador.cl\/destacado\/2019\/08\/21<\/a>&nbsp;. La fuente original est\u00e1 en <a href=\"http:\/\/www.fundacionsol.cl\/2018\/12\/un-tercio-de-los-chilenos-no-tiene-ingresos-del-trabajo-suficientes-para-superar-la-pobreza\/\">http:\/\/www.fundacionsol.cl\/2018\/12\/un-tercio-de-los-chilenos-no-tiene-ingresos-del-trabajo-suficientes-para-superar-la-pobreza\/<\/a> Los datos relativos a la desigualdad se encuentran en un informe del Banco Mundial: \u201cTaking on inequality\u201d (Washington: 2016)<\/p>\n","protected":false},"excerpt":{"rendered":"<p>Atilio Boron El r\u00e9gimen de Pi\u00f1era -e insisto en lo de \u201cr\u00e9gimen\u201d porque un gobierno que reprime con la brutalidad que todo el mundo ha visto no puede considerarse democr\u00e1tico- se enfrenta ante la m\u00e1s seria amenaza popular jam\u00e1s enfrentada por gobierno alguno desde el derrocamiento de la Unidad Popular el 11 de Septiembre de [&hellip;]<\/p>\n","protected":false},"author":1,"featured_media":599,"comment_status":"open","ping_status":"open","sticky":false,"template":"","format":"standard","meta":{"footnotes":""},"categories":[5,3],"tags":[],"_links":{"self":[{"href":"http:\/\/www.movimientocaamanista.com\/index.php?rest_route=\/wp\/v2\/posts\/598"}],"collection":[{"href":"http:\/\/www.movimientocaamanista.com\/index.php?rest_route=\/wp\/v2\/posts"}],"about":[{"href":"http:\/\/www.movimientocaamanista.com\/index.php?rest_route=\/wp\/v2\/types\/post"}],"author":[{"embeddable":true,"href":"http:\/\/www.movimientocaamanista.com\/index.php?rest_route=\/wp\/v2\/users\/1"}],"replies":[{"embeddable":true,"href":"http:\/\/www.movimientocaamanista.com\/index.php?rest_route=%2Fwp%2Fv2%2Fcomments&post=598"}],"version-history":[{"count":1,"href":"http:\/\/www.movimientocaamanista.com\/index.php?rest_route=\/wp\/v2\/posts\/598\/revisions"}],"predecessor-version":[{"id":600,"href":"http:\/\/www.movimientocaamanista.com\/index.php?rest_route=\/wp\/v2\/posts\/598\/revisions\/600"}],"wp:featuredmedia":[{"embeddable":true,"href":"http:\/\/www.movimientocaamanista.com\/index.php?rest_route=\/wp\/v2\/media\/599"}],"wp:attachment":[{"href":"http:\/\/www.movimientocaamanista.com\/index.php?rest_route=%2Fwp%2Fv2%2Fmedia&parent=598"}],"wp:term":[{"taxonomy":"category","embeddable":true,"href":"http:\/\/www.movimientocaamanista.com\/index.php?rest_route=%2Fwp%2Fv2%2Fcategories&post=598"},{"taxonomy":"post_tag","embeddable":true,"href":"http:\/\/www.movimientocaamanista.com\/index.php?rest_route=%2Fwp%2Fv2%2Ftags&post=598"}],"curies":[{"name":"wp","href":"https:\/\/api.w.org\/{rel}","templated":true}]}}