{"id":6006,"date":"2022-02-24T11:06:53","date_gmt":"2022-02-24T11:06:53","guid":{"rendered":"http:\/\/www.movimientocaamanista.com\/?p=6006"},"modified":"2022-02-24T11:06:55","modified_gmt":"2022-02-24T11:06:55","slug":"la-actual-epidemia-de-prohibiciones-de-libros-en-ee-uu-debe-ser-considerada-como-una-advertencia","status":"publish","type":"post","link":"http:\/\/www.movimientocaamanista.com\/?p=6006","title":{"rendered":"La actual epidemia de prohibiciones de libros en EE.UU. debe ser considerada como una advertencia"},"content":{"rendered":"\n<p>Amy Goodman &#8211; Denis Moynihan<\/p>\n\n\n\n<p>Fuente: <a href=\"https:\/\/rebelion.org\/la-actual-epidemia-de-prohibiciones-de-libros-en-ee-uu-debe-ser-considerada-como-una-advertencia\/\">Rebeli\u00f3n<\/a><\/p>\n\n\n\n<p>Cerca de la Puerta de Brandemburgo, en Berl\u00edn, hay una plaza p\u00fablica conocida como Opernplatz, donde, el 10 de mayo de 1933, ocurri\u00f3 una de las quemas de libros m\u00e1s infames de la historia de la humanidad.<\/p>\n\n\n\n<p>Un grupo de estudiantes alemanes hab\u00eda organizado en todo el pa\u00eds una \u201cAcci\u00f3n contra el esp\u00edritu antialem\u00e1n\u201d, una convocatoria en favor del nazismo que culmin\u00f3 con numerosas quemas de libros. La incineraci\u00f3n de obras en la plaza Opernplatz fue la m\u00e1s grande y significativa. Ese d\u00eda, Joseph Goebbels, el ministro de Propaganda e Informaci\u00f3n de Hitler, se dirigi\u00f3 a una multitud de 30.000 j\u00f3venes nazis enardecidos que se hab\u00edan congregado en la plaza y los incit\u00f3 a \u201centregar a las llamas\u201d los libros que fomentaban la \u201cdecadencia y la corrupci\u00f3n moral\u201d. Algunos a\u00f1os despu\u00e9s, los nazis no solo quemar\u00edan libros sino tambi\u00e9n seres humanos.<\/p>\n\n\n\n<p>El D\u00eda Internacional de Conmemoraci\u00f3n en Memoria de las V\u00edctimas del Holocausto se celebra cada 27 de enero, d\u00eda en que se recuerda la liberaci\u00f3n en 1945 de los prisioneros del campo de concentraci\u00f3n de Auschwitz, donde los nazis mataron a aproximadamente 1,1 millones de personas. M\u00e1s de un mill\u00f3n de esas personas eran jud\u00edas. Los nazis tambi\u00e9n asesinaron comunistas, roman\u00edes \u2014a los que generalmente se los denomina con el t\u00e9rmino despectivo de \u201cgitanos\u201d\u2014, pacifistas cristianos, miembros de la comunidad LGBTQ+, prisioneros de guerra sovi\u00e9ticos, discapacitados y otras personas consideradas enemigas del Reich alem\u00e1n. Este a\u00f1o, mientras en todo el mundo se conmemoraba con solemnidad el aniversario en memoria de las v\u00edctimas del Holocausto, en Estados Unidos comenz\u00f3 a circular una noticia alarmante: la junta escolar del condado de McMinn, en el estado de Tennessee, vot\u00f3 en forma un\u00e1nime a favor de prohibir uno de los libros autobiogr\u00e1ficos m\u00e1s conocidos sobre Auschwitz, la novela gr\u00e1fica \u201cMaus\u201d, de Art Spiegelman, ganadora de un Premio Pulitzer. La novela describe las experiencias de los padres de Spiegelman, Vladek y Anja, antes, durante y despu\u00e9s de su reclusi\u00f3n en Auschwitz. La obra, en formato de c\u00f3mic, presenta a los jud\u00edos como ratones y a los alemanes como gatos, y el campo de exterminio de Auschwitz se llama \u201cMauschwitz\u201d.<\/p>\n\n\n\n<p>La junta escolar de McMinn vot\u00f3 a favor de prohibir la obra y de retirarla del plan de estudios de octavo grado el 10 de enero pasado. Para justificar dicha decisi\u00f3n, las autoridades escolares alegaron que el libro est\u00e1 escrito en un \u201clenguaje vulgar y objetable\u201d y contiene un dibujo de la madre de Spiegelman desnuda en una ba\u00f1era despu\u00e9s de morir por suicidio.<\/p>\n\n\n\n<p>Seg\u00fan las actas de la reuni\u00f3n, Tony Allman, uno de los miembros de la junta escolar, dijo durante la reuni\u00f3n: \u201cNo niego que el [Holocausto] fue algo horrible, brutal y cruel. [\u2026] Pero esto es como cuando est\u00e1s viendo una pel\u00edcula en televisi\u00f3n y alguien dice una mala palabra o aparece una escena de desnudo, no agrega nada al contenido y la pel\u00edcula ser\u00eda lo mismo sin eso. Bueno, esto es igual, el libro ser\u00eda lo mismo sin eso\u201d. Siguiendo con su cr\u00edtica de \u201cMaus\u201d, Allman agreg\u00f3: \u201c[La novela] muestra a personas ahorcando a otras personas y matando ni\u00f1os. \u00bfPor qu\u00e9 el sistema educativo promueve este tipo de cosas? No es sensato ni saludable\u201d.<\/p>\n\n\n\n<p>Lance McConkey, un profesor de historia que vive en el condado de McMinn y ense\u00f1a en un distrito escolar vecino, dijo a Democracy Now!: \u201cNo hay una forma bonita de ense\u00f1ar el Holocausto\u201d. McConkey es miembro del cuerpo docente de la Comisi\u00f3n de Tennessee sobre el Holocausto y recibi\u00f3 el premio Belz-Lipman a la Excelencia en la Ense\u00f1anza del Holocausto , una distinci\u00f3n que reconoce el talento y el compromiso extraordinarios en el campo de la ense\u00f1anza sobre el Holocausto. El profesor McConkey utiliza la novela \u201cMaus\u201d en sus clases y dijo al respecto en Democracy Now!: \u201cA los ni\u00f1os les encanta la novela. Les resulta f\u00e1cil de leer\u201d.<\/p>\n\n\n\n<p>Por su parte, el autor de la novela, Art Spiegelman, afirma que nunca tuvo la intenci\u00f3n de que el libro fuera una lectura destinada a las infancias, pero que a partir de su publicaci\u00f3n y de la obtenci\u00f3n del premio Pulitzer en 1992, ha cambiado de opini\u00f3n. En conversaci\u00f3n con Democracy Now!, Spiegelman coment\u00f3 al respecto: \u201cMe enter\u00e9 de que much\u00edsimos ni\u00f1os han estudiado la novela en la escuela, la han le\u00eddo por su cuenta o la han recibido de sus padres. Y la han realmente comprendido y recibido con mucha sabidur\u00eda. Los c\u00f3mics son para quien pueda entenderlos. Obviamente la junta escolar no ha podido hacerlo\u201d.<\/p>\n\n\n\n<p>El condado de McMinn no es el \u00fanico que ha censurado libros. La lucha por la justicia racial que sigui\u00f3 a la muerte de George Floyd a manos de la polic\u00eda en la ciudad de Mine\u00e1polis en mayo de 2020, revitaliz\u00f3 el inter\u00e9s por ense\u00f1ar literatura sobre raza y racismo y por obras escritas por autores de comunidades marginadas o relativas a ellas. Esto ha llevado a una contracampa\u00f1a para prohibir ese tipo de libros, que ha sido coordinada por grupos conservadores como Moms for Liberty (Mam\u00e1s por la libertad), Parents Defending Education (Padres y madres en defensa de la educaci\u00f3n) y No Left Turn in Education (No al giro a la izquierda en la educaci\u00f3n), que cuentan con el apoyo financiero del multimillonario de derecha Charles Koch. Libros con tem\u00e1ticas relacionadas con la comunidad negra o LGBTQ+ son los principales objetivos de estos grupos.<\/p>\n\n\n\n<p>La organizaci\u00f3n PEN America est\u00e1 siguiendo de cerca la legislaci\u00f3n que promueve la censura en el \u00e1mbito educativo y ha enumerado 89 proyectos de ley al respecto que han sido presentados ante legislaturas estatales de todo Estados Unidos. Entre estas iniciativas de ley figura una del estado de Iowa que prohibir\u00eda el uso en las escuelas del Proyecto 1619 \u2014un proyecto interactivo ganador del Premio Pulitzer que reexamina el legado de la esclavitud\u2014, y la ley HB 1255 del estado de Nuevo Hampshire, tambi\u00e9n denominada Ley sobre la Lealtad de los Docentes (An Act Relative to Teachers\u2019 Loyalty), que prohibir\u00eda a los docentes de escuelas p\u00fablicas abordar la historia de Estados Unidos de manera negativa. Hacia fines del a\u00f1o pasado, la Asociaci\u00f3n de Bibliotecas de Estados Unidos recibi\u00f3 nada menos que 330 informes de intentos de prohibir o impugnar libros.<\/p>\n\n\n\n<p>El escritor y activista George M. Johnson, cuya galardonada autobiograf\u00eda-manifiesto \u201cNo todos los chicos son azules\u201d ha sido prohibida en al menos 15 estados del pa\u00eds, coment\u00f3 a Democracy Now!: \u201cCuando prohibes algo, solo lo haces m\u00e1s tentador. Poner a nuestros libros en el centro de atenci\u00f3n y tratar de prohibirlos solo hace que m\u00e1s personas se interesen por ellos\u201d.<\/p>\n\n\n\n<p>En en centro de la plaza Opernplatz de Berl\u00edn fue construido un monumento que recuerda la tristemente c\u00e9lebre quema de libros de 1933. Denominado \u201cLa biblioteca vac\u00eda\u201d, el monumento consiste en un tragaluz de vidrio emplazado en el suelo que revela debajo una habitaci\u00f3n subterr\u00e1nea iluminada, con sus paredes llenas de estanter\u00edas blancas vac\u00edas. Las quemas de libros de los nazis en la primavera europea de 1933 fueron un presagio de lo que estaba por venir. La epidemia de prohibiciones de libros que actualmente se extiende por Estados Unidos debe ser confrontada y detenida con urgencia.<\/p>\n\n\n\n<hr class=\"wp-block-separator\"\/>\n\n\n\n<p>\u00a9 2022 Amy Goodman<\/p>\n\n\n\n<p>Traducci\u00f3n al espa\u00f1ol de la&nbsp;<a href=\"https:\/\/www.democracynow.org\/2022\/2\/3\/the_epidemic_of_book_bannings_must\">columna original en ingl\u00e9s<\/a>. Edici\u00f3n:&nbsp;<a href=\"https:\/\/www.democracynow.org\/es\">Democracy Now! en espa\u00f1ol<\/a>,&nbsp;spanish@democracynow.org<\/p>\n","protected":false},"excerpt":{"rendered":"<p>Amy Goodman &#8211; Denis Moynihan Fuente: Rebeli\u00f3n Cerca de la Puerta de Brandemburgo, en Berl\u00edn, hay una plaza p\u00fablica conocida como Opernplatz, donde, el 10 de mayo de 1933, ocurri\u00f3 una de las quemas de libros m\u00e1s infames de la historia de la humanidad. Un grupo de estudiantes alemanes hab\u00eda organizado en todo el pa\u00eds [&hellip;]<\/p>\n","protected":false},"author":1,"featured_media":5974,"comment_status":"open","ping_status":"open","sticky":false,"template":"","format":"standard","meta":{"footnotes":""},"categories":[5,3],"tags":[],"_links":{"self":[{"href":"http:\/\/www.movimientocaamanista.com\/index.php?rest_route=\/wp\/v2\/posts\/6006"}],"collection":[{"href":"http:\/\/www.movimientocaamanista.com\/index.php?rest_route=\/wp\/v2\/posts"}],"about":[{"href":"http:\/\/www.movimientocaamanista.com\/index.php?rest_route=\/wp\/v2\/types\/post"}],"author":[{"embeddable":true,"href":"http:\/\/www.movimientocaamanista.com\/index.php?rest_route=\/wp\/v2\/users\/1"}],"replies":[{"embeddable":true,"href":"http:\/\/www.movimientocaamanista.com\/index.php?rest_route=%2Fwp%2Fv2%2Fcomments&post=6006"}],"version-history":[{"count":1,"href":"http:\/\/www.movimientocaamanista.com\/index.php?rest_route=\/wp\/v2\/posts\/6006\/revisions"}],"predecessor-version":[{"id":6007,"href":"http:\/\/www.movimientocaamanista.com\/index.php?rest_route=\/wp\/v2\/posts\/6006\/revisions\/6007"}],"wp:featuredmedia":[{"embeddable":true,"href":"http:\/\/www.movimientocaamanista.com\/index.php?rest_route=\/wp\/v2\/media\/5974"}],"wp:attachment":[{"href":"http:\/\/www.movimientocaamanista.com\/index.php?rest_route=%2Fwp%2Fv2%2Fmedia&parent=6006"}],"wp:term":[{"taxonomy":"category","embeddable":true,"href":"http:\/\/www.movimientocaamanista.com\/index.php?rest_route=%2Fwp%2Fv2%2Fcategories&post=6006"},{"taxonomy":"post_tag","embeddable":true,"href":"http:\/\/www.movimientocaamanista.com\/index.php?rest_route=%2Fwp%2Fv2%2Ftags&post=6006"}],"curies":[{"name":"wp","href":"https:\/\/api.w.org\/{rel}","templated":true}]}}