{"id":6008,"date":"2022-02-25T08:23:29","date_gmt":"2022-02-25T08:23:29","guid":{"rendered":"http:\/\/www.movimientocaamanista.com\/?p=6008"},"modified":"2022-02-25T08:23:29","modified_gmt":"2022-02-25T08:23:29","slug":"la-guerra-en-ucrania-eu-otan-contra-rusia","status":"publish","type":"post","link":"http:\/\/www.movimientocaamanista.com\/?p=6008","title":{"rendered":"LA GUERRA EN UCRANIA: EU-OTAN CONTRA RUSIA"},"content":{"rendered":"\n<p>Narciso Isa Conde<\/p>\n\n\n\n<p>El presidente de Rusia, Vladimir Putin, anunci\u00f3 el pasado jueves 23 de febrero una \u00aboperaci\u00f3n militar especial\u00bb en la regi\u00f3n del Donbas, ubicada en el Oriente de Ucrania.  <\/p>\n\n\n\n<p>A continuaci\u00f3n  las agencias del Imperialismo Occidental reportaron supuestas \u201cexplosiones y ataques por todo el pa\u00eds\u201d, lo que parece ser un recurso para incrementar sus represalias fuera de la esfera militar.<\/p>\n\n\n\n<p>Biden a su vez inform\u00f3 de exclusivas y \u201cdr\u00e1sticas\u201d sanciones econ\u00f3micas contra Rusia de parte de quienes s\u00f3lo representan \u201cla mitad de la econom\u00eda mundial\u201d; lo que disgust\u00f3 al Presidente de Ucrania, que dice dejaron solo a ese pa\u00eds.<\/p>\n\n\n\n<p>EE.UU, como s\u00faper potencia en declinaci\u00f3n, junto al sistema imperialista occidental que todav\u00eda capitanea, est\u00e1 evidentemente a la defensiva en esta confrontaci\u00f3n, resignados sus gobernantes a perder lo que conquistaron con el golpe de Estado de febrero del 2014, que estuvo acompa\u00f1ado de la consiguiente y cruel represi\u00f3n contra el pueblo ucraniano, seguida de fallidos intentos de sofocar brutalmente el desgajamiento de Lugansk y Donetsk, constituidas en rep\u00fablicas populares independientes.<\/p>\n\n\n\n<p><strong>\u2022 PROP\u00d3SITOS DEL GOLPE<\/strong><\/p>\n\n\n\n<p>El Donbass es una regi\u00f3n hist\u00f3rica, cultural y econ\u00f3mica ubicada en el Sureste de Ucrania, parte de cuyo territorio est\u00e1 ocupado por los pueblos de Donetsk y Lugansk, que optaron por su autodeterminaci\u00f3n y que estaban siendo masacrados por el alto mando pol\u00edtico-militar del r\u00e9gimen golpista, con respaldo en armas y capacidad operativa de EE.UU-PENT\u00c1GONO y OTAN.<\/p>\n\n\n\n<p>Recordemos que EE.UU  y potencias europeas aliadas a esa s\u00faper potencia,  dieron el golpe de Estado en Ucrania para separarla de su alianza con Rusia forjada con posterioridad al derrumbe del sistema sovi\u00e9tico, y para controlarla pol\u00edtica y militarmente. <\/p>\n\n\n\n<p>En la base de ese golpe, que nada tuvo del amor por libertad que dicen defender los gobernantes estadounidenses, est\u00e1n presentes sus inaceptables ambiciones territoriales geoestrat\u00e9gicas y la inmensa voracidad material de un imperio decadente, empecinado en prolongar su modelo consumista y dispendioso, ya inviable.<\/p>\n\n\n\n<p>Ucrania tiene una extensa frontera con Rusia y valiosos recursos minerales, agr\u00edcolas e industriales.<\/p>\n\n\n\n<p>Cuenta con enormes yacimientos de litio, mercurio, titanio y uranio; adem\u00e1s de hierro, carb\u00f3n, agua y gas natural.<\/p>\n\n\n\n<p>Posee uno de los territorios con las mejores capas vegetales del planeta (abundante humus) y se ha convertido en un formidable granero mundial, con capacidad de producci\u00f3n de enormes vol\u00famenes de trigo, cebada, centeno, pastos y otros nutrientes, que posibilitan alimentar a 600 millones de seres humanos.<\/p>\n\n\n\n<p>Es claro que las mineras, las corporaciones agr\u00edcolas y pecuarias del mundo capitalista occidental y las potencias carentes de esas fuentes de expansi\u00f3n del gran capital, ambicionan controlar  esos recursos; tanto como el Pent\u00e1gono incorporar a Ucrania a la OTAN  y tomar posesi\u00f3n de las fronteras de Rusia colindantes con las ex rep\u00fablicas sovi\u00e9ticas, algo que quisieron imponer de manera perdurable y no lo han logrado.<\/p>\n\n\n\n<p><strong>\u2022 REVESES POSTERIORES<\/strong><\/p>\n\n\n\n<p>Ciertamente no pudieron mantener el control de CRIMEA, porque Rusia  recuper\u00f3 su influencia  usando su poder\u00edo militar; y m\u00e1s tarde han tenido que enfrentar,  a un costo de 14 mil muertos, la autodeterminaci\u00f3n de Lugansk y Donetsk. <\/p>\n\n\n\n<p>Tal masacre desmiente la supuesta vocaci\u00f3n por la soberan\u00eda y la democracia de los Jefes de Estado y magnates estadounidenses y europeos, entre los que ahora sobresalen Biden y  George Soros; ambos, pertenecientes a la \u201cfacci\u00f3n globalista\u201d af\u00edn al Partido Dem\u00f3crata,  han jugado -y est\u00e1n jugando- un papel realmente funesto en la crisis ucraniana en asociaci\u00f3n delictiva con la jefatura pol\u00edtico-militar ucraniana, plegada a Washington.<\/p>\n\n\n\n<p>Con raz\u00f3n, luego del Golpe de Estado del 2014, el entonces presidente ucraniano PETRO POROSHENKO, declar\u00f3 ante el Senado de EEUU que la guerra de Ucrania no era una guerra \u201csolo de Ucrania, sino tambi\u00e9n de EE.UU\u201d.<\/p>\n\n\n\n<p><strong>\u2022 DECISI\u00d3N DE RUSIA COMO POTENCIA EMERGENTE<\/strong><\/p>\n\n\n\n<p>Rusia decidi\u00f3 impedir la determinaci\u00f3n de los que pretend\u00edan reconquistar a Ucrania por la fuerza, desde la Casa Blanca y desde sus respectivos Palacios de Gobierno y sedes militares.<\/p>\n\n\n\n<p>Ellos cargan con los cr\u00edmenes de \u201clesa humanidad\u201d contra los pueblos de la regi\u00f3n de Donbas, ahora ocupada por el ej\u00e9rcito ruso a petici\u00f3n de sus dos rep\u00fablicas independientes, evidentemente agobiadas por ese inmenso genocidio y por sus limitadas capacidades de defensa frente a sus aviesos y poderos agresores.<\/p>\n\n\n\n<p>Con la decisi\u00f3n de Putin, en representaci\u00f3n del Estado ruso, ese peligroso conflicto  ha subido necesariamente de tono e intensidad.<\/p>\n\n\n\n<p>La guerra, que ya exist\u00eda en territorio ucraniano, ha elevado su nivel en la regi\u00f3n DONBASS, todav\u00eda no generalizada a todo el territorio ucraniano, como pregonan las agencias occidentales para intentar justificar las draconianas sanciones econ\u00f3micas contra Rusia.<\/p>\n\n\n\n<p>Es adem\u00e1s para no creerse, pero es cierto, que como factor impulsor y catalizador importante de la agudizaci\u00f3n de este conflicto, est\u00e1 actuando la creciente impopularidad del presidente estadunidense Joseph Biden y del premier brit\u00e1nico Boris Johnson. Algo que otros mandatarios de ese sistema mundial, en plan de reelecci\u00f3n, no han tenido empacho en practicar con gran descaro en situaciones parecidas.<\/p>\n\n\n\n<p>Hay, pues, que esperar incluso m\u00e1s sanciones y mayor confrontaci\u00f3n.<br>Porque realmente no es un choque Rusia-Ucrania, sino entre el decadente y agresivo sistema imperialista occidental (encabezado por EE.UU) y la potencia emergente que encarna la Federaci\u00f3n Rusa, dispuesta a recuperar influencias arrebatadas y a impedir retrocesos en la nueva correlaci\u00f3n de fuerza mundial. <\/p>\n\n\n\n<p>Todo esto tiene lugar en el marco de un duro enfrentamiento global de  EE.UU y sus aliados con el resto de la humanidad; lo que que ya ha tenido expresiones criminales dantescas en Palestina, Kosovo, Irak, Afganist\u00e1n, Libia, Yemen, Siria, Colombia\u2026 y agresiones muy destructivas contra las soberan\u00edas de Cuba, Bolivia y Venezuela. <\/p>\n\n\n\n<p>Tan persistentes fechor\u00edas se han intensificado en la medida la p\u00e9rdida de hegemon\u00eda mundial de ese sistema de dominaci\u00f3n se ha visto desafiado por un gran polo alternativo representado por China, Rusia, Ir\u00e1n, los Estados independientes de Asia, \u00c1frica y Am\u00e9rica Latina y el Caribe, y  el torrente de pueblos indignados y en rebeld\u00eda frente a un imperio incapaz de admitir que pasaron los tiempos que lo llevaron a considerarse \u201cdue\u00f1os del planeta\u201d.<\/p>\n\n\n\n<p>Y como nota curiosa, vale destacar como el presidente dominicano Luis Abinader, su esposa Raquel Arbaje y Mr. Biden, coinciden en meter a su Dios, que en fin cuentas es el Dios del Occidente imperialista, en esa guerra; presentando el conflicto como una pelea entre Rusia y una Ucrania supuestamente agredida por Rusia, llegando Biden a la ridiculez de afirmar que \u201cDios est\u00e1 con Ucrania\u201d. <\/p>\n\n\n\n<p>Pero la verdad es que algo tan terrenal solo puede tener una salida airosa si las fuerzas mundiales alternativas al orden mundial impuesto por el maltrecho Coloso del Norte, logran desplegar energ\u00edas suficientes para obligarlo a recular. \u00a1Es de esperar que as\u00ed sea!<\/p>\n","protected":false},"excerpt":{"rendered":"<p>Narciso Isa Conde El presidente de Rusia, Vladimir Putin, anunci\u00f3 el pasado jueves 23 de febrero una \u00aboperaci\u00f3n militar especial\u00bb en la regi\u00f3n del Donbas, ubicada en el Oriente de Ucrania. A continuaci\u00f3n las agencias del Imperialismo Occidental reportaron supuestas \u201cexplosiones y ataques por todo el pa\u00eds\u201d, lo que parece ser un recurso para incrementar [&hellip;]<\/p>\n","protected":false},"author":1,"featured_media":6009,"comment_status":"open","ping_status":"open","sticky":false,"template":"","format":"standard","meta":{"footnotes":""},"categories":[5,16],"tags":[],"_links":{"self":[{"href":"http:\/\/www.movimientocaamanista.com\/index.php?rest_route=\/wp\/v2\/posts\/6008"}],"collection":[{"href":"http:\/\/www.movimientocaamanista.com\/index.php?rest_route=\/wp\/v2\/posts"}],"about":[{"href":"http:\/\/www.movimientocaamanista.com\/index.php?rest_route=\/wp\/v2\/types\/post"}],"author":[{"embeddable":true,"href":"http:\/\/www.movimientocaamanista.com\/index.php?rest_route=\/wp\/v2\/users\/1"}],"replies":[{"embeddable":true,"href":"http:\/\/www.movimientocaamanista.com\/index.php?rest_route=%2Fwp%2Fv2%2Fcomments&post=6008"}],"version-history":[{"count":1,"href":"http:\/\/www.movimientocaamanista.com\/index.php?rest_route=\/wp\/v2\/posts\/6008\/revisions"}],"predecessor-version":[{"id":6010,"href":"http:\/\/www.movimientocaamanista.com\/index.php?rest_route=\/wp\/v2\/posts\/6008\/revisions\/6010"}],"wp:featuredmedia":[{"embeddable":true,"href":"http:\/\/www.movimientocaamanista.com\/index.php?rest_route=\/wp\/v2\/media\/6009"}],"wp:attachment":[{"href":"http:\/\/www.movimientocaamanista.com\/index.php?rest_route=%2Fwp%2Fv2%2Fmedia&parent=6008"}],"wp:term":[{"taxonomy":"category","embeddable":true,"href":"http:\/\/www.movimientocaamanista.com\/index.php?rest_route=%2Fwp%2Fv2%2Fcategories&post=6008"},{"taxonomy":"post_tag","embeddable":true,"href":"http:\/\/www.movimientocaamanista.com\/index.php?rest_route=%2Fwp%2Fv2%2Ftags&post=6008"}],"curies":[{"name":"wp","href":"https:\/\/api.w.org\/{rel}","templated":true}]}}