{"id":6053,"date":"2022-03-04T10:57:14","date_gmt":"2022-03-04T10:57:14","guid":{"rendered":"http:\/\/www.movimientocaamanista.com\/?p=6053"},"modified":"2022-03-04T10:57:16","modified_gmt":"2022-03-04T10:57:16","slug":"la-izquierda-peruana-va-a-cargar-con-los-pasivos-del-gobierno-de-pedro-castillo","status":"publish","type":"post","link":"http:\/\/www.movimientocaamanista.com\/?p=6053","title":{"rendered":"\u201cLa izquierda peruana va a cargar con los pasivos del gobierno de Pedro Castillo\u201d"},"content":{"rendered":"\n<p>Rodrigo Chillitupa Tantas<\/p>\n\n\n\n<p>Fuente: <a href=\"https:\/\/rebelion.org\/la-izquierda-peruana-va-a-cargar-con-los-pasivos-del-gobierno-de-pedro-castillo\/\">Rebeli\u00f3n<\/a><\/p>\n\n\n\n<p>Con un 60% de desaprobaci\u00f3n ciudadana y denuncias de \u201cfalta de transparencia\u201d en su proceder, el gobierno de Pedro Castillo est\u00e1 cada vez m\u00e1s bajo la mira. En una entrevista con el Dipl\u00f3, el soci\u00f3logo Fernando Tuesta Soldevilla analiza la realidad peruana y el recorrido de Castillo hasta el momento.<\/p>\n\n\n\n<p>Fernando Tuesta Soldevilla es uno de los mejores observadores de la pol\u00edtica peruana. Su experiencia acad\u00e9mica lo respalda: es doctor en Ciencias Sociales por la Universidad Nacional Mayor de San Marcos, mag\u00edster y licenciado en sociolog\u00eda por la Pontificia Universidad Cat\u00f3lica del Per\u00fa (PUCP), adem\u00e1s de haber realizado estudios de doctorado en Ciencia Pol\u00edtica en la Universidad de Heidelberg. Sus reconocimientos profesionales no son menores: fue, entre 2000 y 2004, jefe de la Oficina Nacional de Procesos Electorales (ONPE); entre 2005 y 2011 desempe\u00f1\u00f3 el cargo de director en el Instituto de Opini\u00f3n P\u00fablica de la PUCP y en 2019 fue presidente de la Comisi\u00f3n de Alto Nivel para la Reforma Pol\u00edtica.<\/p>\n\n\n\n<p>Con ese bagaje, Tuesta analiza los seis primeros meses de gobierno del izquierdista Pedro Castillo, quien derrot\u00f3 el a\u00f1o pasado a la derechista Keiko Fujimori en una elecci\u00f3n presidencial muy polarizada. \u201cCreo que, de alguna manera, se confirm\u00f3 que el Presidente no tiene conocimiento sobre muchas materias y le falta preparaci\u00f3n\u201d, dice Tuesta a&nbsp;<em>el Dipl\u00f3<\/em>&nbsp;como reflexi\u00f3n inicial a lo observado en los \u00faltimos d\u00edas a ra\u00edz de las entrevistas concedidas por Castillo a tres medios de comunicaci\u00f3n. La \u00faltima, para la cadena CNN en Espa\u00f1ol, ha generado, sin duda, mayor repercusi\u00f3n para los peruanos. Actualmente, Castillo tiene 60% de desaprobaci\u00f3n ciudadana.<\/p>\n\n\n\n<p><strong>Rodrigo Chillitupa Tantas: \u00bfLos seis meses del gobierno de Pedro Castillo se han caracterizado por el caos, el desorden y la falta de transparencia?<\/strong><\/p>\n\n\n\n<p><strong>Fernando Tuesta Soldevilla:<\/strong>&nbsp;S\u00ed, totalmente. Era esperable la improvisaci\u00f3n del presidente Castillo. Es una persona que no estaba preparada para hacer una campa\u00f1a electoral y, quiz\u00e1, apuntaba tan solo a superar la valla electoral que conservaba la inscripci\u00f3n de su partido. Hemos visto una falta total de transparencia, que alimenta zonas grises y pone en un segundo plano las exigencias que se le debe pedir a una persona con un cargo como el suyo.<\/p>\n\n\n\n<p><strong>\u2014\u00bfRecuerda alg\u00fan periodo presidencial tan desgastante en su etapa inicial?<\/strong><\/p>\n\n\n\n<p>\u2014Ninguno. Lo cierto es que Castillo ha tenido una oposici\u00f3n recalcitrante al inicio, pero eso no ha sido lo \u00fanico.<\/p>\n\n\n\n<p><strong>\u2014En parte, la crisis que atraviesa Castillo es por su falta de definici\u00f3n. No se sabe qu\u00e9 rumbo desea llevar. Gobernar con la izquierda, posicionarse al centro o ser pragm\u00e1tico. \u00bfEsto puede generarle problemas para su gesti\u00f3n?<\/strong><\/p>\n\n\n\n<p>\u2014Castillo es un efecto, en la medida en que su candidatura presidencial provoc\u00f3 que la gente se identifique con \u00e9l, al punto de llevarlo a la presidencia. Recordemos que, entre la primera y segunda vuelta, le sac\u00f3 una ventaja enorme a Keiko Fujimori. Y termin\u00f3 con una diferencia de tan solo 40 mil votos en el balotaje final. Lo que quiero decir con esto es que se lleg\u00f3 a esa situaci\u00f3n por los errores de Castillo. Y se traslad\u00f3 a una presidencia donde hay improvisaci\u00f3n, falta de transparencia y desorden para guiarse en grupos de referencia que le permitan elegir bien a sus funcionarios. Lo primero que hizo al asumir su cargo fue repartir cargos a sus allegados. Es un Presidente minimalista.<\/p>\n\n\n\n<p><strong>\u2014Y tampoco ha logrado aterrizar sus planes de gobierno.<\/strong><\/p>\n\n\n\n<p>\u2014No tiene idea c\u00f3mo hacerlo. Cuenta con las ideas gen\u00e9ricas de la izquierda peruana, como la Asamblea Constituyente, y otras suyas, como la disoluci\u00f3n de la Defensor\u00eda del Pueblo y el Tribunal Constitucional, pero carece de formaci\u00f3n pol\u00edtica. Dir\u00eda yo que el presidente Castillo tambi\u00e9n tiene un problema de cultura general. \u00c9l es producto, lamentablemente, de la mala educaci\u00f3n p\u00fablica que hay en el Per\u00fa. El Presidente es maestro y, a veces, uno se pregunta c\u00f3mo ense\u00f1aba a sus ni\u00f1os en su escuela. No tiene capacidad de s\u00edntesis y, cuando le preguntas sobre algo, no te responde porque se va por las ramas.<\/p>\n\n\n\n<p><strong>\u2014Si el Presidente cuenta con serias limitaciones, \u00bfdeber\u00eda rodearse de tecn\u00f3cratas?<\/strong><\/p>\n\n\n\n<p>\u2014Castillo es un hombre, con todas las limitaciones que hemos visto, que se posicion\u00f3 en la izquierda desde el primer momento. Pero, a la vez, es tambi\u00e9n pragm\u00e1tico porque carece de un pensamiento ideol\u00f3gico. Creo que \u00e9l no se separar\u00e1 de su partido, Per\u00fa Libre, porque teme que lo vaquen.<\/p>\n\n\n\n<p><strong>\u2014Precisamente, sobre el sost\u00e9n pol\u00edtico que deber\u00eda tener Castillo, tambi\u00e9n hay disputas dentro de su partido y ri\u00f1as con otras organizaciones de la izquierda peruana. \u00bfEste panorama tambi\u00e9n podr\u00eda pasarle factura a su r\u00e9gimen?<\/strong><\/p>\n\n\n\n<p>\u2014Bueno, lo primero es que en Per\u00fa no hay una coalici\u00f3n de izquierdas. Per\u00fa Libre no quiere saber nada con Juntos por el Per\u00fa, aliado del presidente. Hay una disputa entre Vladimir Cerr\u00f3n y Ver\u00f3nika Mendoza por los cargos dentro del gobierno. Ya vimos que los cuadros de Per\u00fa Libre salieron del ejecutivo. Y el Frente Amplio, partido de izquierda tambi\u00e9n aliado de Castillo, no tiene bancada en el Congreso. Entonces, vemos que la izquierda va tener que cargar, ahora y m\u00e1s adelante, con los pasivos de Castillo.<\/p>\n\n\n\n<p><strong>\u2014\u00bfLa administraci\u00f3n de Castillo determinar\u00e1 el futuro pol\u00edtico de la izquierda peruana?<\/strong><\/p>\n\n\n\n<p>\u2014Totalmente. Por el momento, lidera un gobierno de izquierda y los resultados son malos. Esto les va a pasar factura. As\u00ed como sucedi\u00f3 con Sendero Luminoso, que enterr\u00f3 por a\u00f1os a la izquierda, tambi\u00e9n podr\u00eda suceder con el Gobierno de Castillo.<\/p>\n\n\n\n<p><strong>\u2014\u00bfCu\u00e1nto ha afectado para la gobernabilidad de este r\u00e9gimen el factor Vladimir Cerr\u00f3n, l\u00edder del partido de gobierno Per\u00fa Libre?<\/strong><\/p>\n\n\n\n<p>\u2014De hecho, el gabinete de Guido Bellido, un hombre de confianza de Cerr\u00f3n, fue m\u00e1s un costo que beneficio para el presidente Castillo. No aport\u00f3 absolutamente nada y se perdi\u00f3 bastante tiempo para el gobierno.<\/p>\n\n\n\n<p><strong>\u2014\u00bfPor qu\u00e9 posibilidades podr\u00eda optar Castillo para encaminar el rumbo perdido?<\/strong><\/p>\n\n\n\n<p>\u2014No le veo muchas opciones. Creo que el acuerdo de Castillo con Cerr\u00f3n y Per\u00fa Libre se mantendr\u00e1. Mientras tanto, en el trabajo con el Congreso, las bancadas de derecha seguir\u00e1n recalcitrantes frente a su gesti\u00f3n. Lo que deber\u00eda hacer es tender puentes con los partidos que no est\u00e1n en los extremos \u2013como Acci\u00f3n Popular, Alianza para el Progreso, Partido Morado y Somos Per\u00fa\u2013 para sacar adelante sus propuestas.<\/p>\n\n\n\n<p><strong>\u2014\u00bfA qui\u00e9n podr\u00eda favorecer un hipot\u00e9tico fracaso de la gesti\u00f3n de Castillo? \u00bfA una opci\u00f3n de extrema derecha?<\/strong><\/p>\n\n\n\n<p>\u2014De hecho, observamos que la extrema derecha est\u00e1 muy bien identificada en Fuerza Popular, Avanza Pa\u00eds y Renovaci\u00f3n Popular, opositores al gobierno de Castillo. En octubre [cuando se realizar\u00e1n las elecciones municipales y regionales] habr\u00e1 que tener cuidado, porque todav\u00eda no hay un compuesto definido de este bloque.<\/p>\n\n\n\n<p><strong>\u2014\u00bfEn qu\u00e9 aspecto, m\u00e1s all\u00e1 de los caminos legales, deber\u00eda discutirse el tema de la Asamblea Constituyente?<\/strong><\/p>\n\n\n\n<p>\u2014La Asamblea Constituyente se ha convertido en la bandera de la izquierda. Para ellos, todos los problemas se van a resolver con una nueva Constituci\u00f3n. Para empezar, tenemos 13 constituciones en la historia que han nacido por intermedio de las Asambleas Constituyentes que, a su vez, canalizaron crisis mayores dentro del pa\u00eds. Entonces, no hay ninguna Constituci\u00f3n que haya nacido en \u00e9poca democr\u00e1tica, sino que fueron producto de las crisis. No creo que, si se convocan a elecciones para la Asamblea Constituyente, salgan congresistas llenos de virtudes y valores para trabajar en una nueva Constituci\u00f3n.<\/p>\n","protected":false},"excerpt":{"rendered":"<p>Rodrigo Chillitupa Tantas Fuente: Rebeli\u00f3n Con un 60% de desaprobaci\u00f3n ciudadana y denuncias de \u201cfalta de transparencia\u201d en su proceder, el gobierno de Pedro Castillo est\u00e1 cada vez m\u00e1s bajo la mira. En una entrevista con el Dipl\u00f3, el soci\u00f3logo Fernando Tuesta Soldevilla analiza la realidad peruana y el recorrido de Castillo hasta el momento. [&hellip;]<\/p>\n","protected":false},"author":1,"featured_media":6054,"comment_status":"open","ping_status":"open","sticky":false,"template":"","format":"standard","meta":{"footnotes":""},"categories":[5,3],"tags":[],"_links":{"self":[{"href":"http:\/\/www.movimientocaamanista.com\/index.php?rest_route=\/wp\/v2\/posts\/6053"}],"collection":[{"href":"http:\/\/www.movimientocaamanista.com\/index.php?rest_route=\/wp\/v2\/posts"}],"about":[{"href":"http:\/\/www.movimientocaamanista.com\/index.php?rest_route=\/wp\/v2\/types\/post"}],"author":[{"embeddable":true,"href":"http:\/\/www.movimientocaamanista.com\/index.php?rest_route=\/wp\/v2\/users\/1"}],"replies":[{"embeddable":true,"href":"http:\/\/www.movimientocaamanista.com\/index.php?rest_route=%2Fwp%2Fv2%2Fcomments&post=6053"}],"version-history":[{"count":1,"href":"http:\/\/www.movimientocaamanista.com\/index.php?rest_route=\/wp\/v2\/posts\/6053\/revisions"}],"predecessor-version":[{"id":6055,"href":"http:\/\/www.movimientocaamanista.com\/index.php?rest_route=\/wp\/v2\/posts\/6053\/revisions\/6055"}],"wp:featuredmedia":[{"embeddable":true,"href":"http:\/\/www.movimientocaamanista.com\/index.php?rest_route=\/wp\/v2\/media\/6054"}],"wp:attachment":[{"href":"http:\/\/www.movimientocaamanista.com\/index.php?rest_route=%2Fwp%2Fv2%2Fmedia&parent=6053"}],"wp:term":[{"taxonomy":"category","embeddable":true,"href":"http:\/\/www.movimientocaamanista.com\/index.php?rest_route=%2Fwp%2Fv2%2Fcategories&post=6053"},{"taxonomy":"post_tag","embeddable":true,"href":"http:\/\/www.movimientocaamanista.com\/index.php?rest_route=%2Fwp%2Fv2%2Ftags&post=6053"}],"curies":[{"name":"wp","href":"https:\/\/api.w.org\/{rel}","templated":true}]}}