{"id":6100,"date":"2022-03-10T22:10:35","date_gmt":"2022-03-10T22:10:35","guid":{"rendered":"http:\/\/www.movimientocaamanista.com\/?p=6100"},"modified":"2022-03-10T22:10:40","modified_gmt":"2022-03-10T22:10:40","slug":"boron-y-el-campismo-canalla","status":"publish","type":"post","link":"http:\/\/www.movimientocaamanista.com\/?p=6100","title":{"rendered":"Bor\u00f3n y el campismo canalla"},"content":{"rendered":"\n<p>Carlos Carcione<\/p>\n\n\n\n<p>Fuente: <a href=\"https:\/\/rebelion.org\/712370-2\/\">Rebeli\u00f3n<\/a><\/p>\n\n\n\n<p>Desde el 27 de enero el soci\u00f3logo Atilio Bor\u00f3n, te\u00f3rico actual del Partido Comunista de Argentina, integrante del Frente de Todos, escribi\u00f3 cuatro columnas sobre la crisis provocada primero por la amenaza y luego la concreci\u00f3n, de la invasi\u00f3n de Ucrania por parte de Rusia.<\/p>\n\n\n\n<p>En todas ellas se coloca sin vacilaciones del lado ruso en la \u201ctragedia\u201d de Ucrania[1].<\/p>\n\n\n\n<p>El objetivo de esta serie es a dos puntas: una, dejar en claro la agresividad guerrerista de la OTAN, sus integrantes y la responsabilidad de Estados Unidos y dos, defender la invasi\u00f3n rusa a Ucrania porque, seg\u00fan \u00e9l, es defensiva frente a la agresividad de la OTAN. En su relato, Bor\u00f3n ubica este episodio como parte de una Guerra Fr\u00eda que repetir\u00eda los protagonistas y el contexto de la anterior. Lo que propone Bor\u00f3n no toma en cuenta, no nombra y por lo tanto niega la disputa entre distintos bloques imperialistas, cada uno de ellos encabezados por Estados Unidos por un lado y China, en el que est\u00e1 Rusia, por otro, respectivamente. Y as\u00ed justifica que el sufrimiento por la invasi\u00f3n lo soporten los trabajadores y el pueblo ucranianos y los trabajadores y la juventud rusas que rechazan esa agresi\u00f3n de Putin, como ya se ha visto en las multitudinarias movilizaciones contra la invasi\u00f3n. Una verdadera canallada.<\/p>\n\n\n\n<p><strong>Una verdad sobre la OTAN para mentir groseramente sobre la invasi\u00f3n rusa<\/strong><\/p>\n\n\n\n<p>El recurso argumentativo de Bor\u00f3n no es nuevo. Utiliza un hecho cierto, como la expansi\u00f3n de la OTAN hacia las fronteras rusas de Europa, el soci\u00f3logo del PCA, usa este argumento para justificar la invasi\u00f3n ordenada por Putin. Coloca adem\u00e1s el nombre de Guerra Fr\u00eda para confundir el fen\u00f3meno hist\u00f3rico pol\u00edtico que, hasta la ca\u00edda del Muro de Berl\u00edn y la disoluci\u00f3n de la URSS, predomin\u00f3 a nivel mundial para confundir sobre el car\u00e1cter interimperialista de la confrontaci\u00f3n actual. De esta manera no solo no dice una palabra sobre las terribles consecuencias que para el pueblo ucraniano resultan de esta agresi\u00f3n, sino que por el contrario elige un campo imperialista por sobre otro, recordando a los socialdem\u00f3cratas de los pa\u00edses europeos m\u00e1s importantes frente a la Primera Guerra Mundial que en los parlamentos decidieron apoyar cada uno a su propio imperialismo, en este caso Bor\u00f3n apoya al imperialismo ruso.<\/p>\n\n\n\n<p>Al mismo tiempo en otra de sus columnas la del 25 de febrero, recorre una larga lista de agresiones relativamente recientes de Estados Unidos al resto del mundo para culminar se\u00f1alando lo siguiente:&nbsp;<em>\u201cUna tragedia que podr\u00eda haberse evitado y ante la cual no hay neutralidad posible.&nbsp;<strong>Hay un bando agresor: Estados Unidos y la OTAN, y otro agredido, Rusia. En esto no puede haber confusion alguna<\/strong>.\u201d<\/em><\/p>\n\n\n\n<p>Mientras tanto en su nota del 2 de marzo el intelectual busca otro camino para justificar su apoyo a Putin. Y frente al hecho de no poder negar la invasi\u00f3n, Bor\u00f3n utiliza el recurso de explicar que el gobierno de la Federaci\u00f3n Rusa es el damnificado. Recurre a una famosa cita de Clausewitz, para sostener, por ejemplo:&nbsp;<em>\u201cPor eso lo que en un c\u00f3modo plano de la intelecci\u00f3n las cosas se presentan con una claridad absoluta y sin fisuras en la fragorosa lucha en el barro y sangre de la historia la \u201cinvasi\u00f3n\u201d de marras aparece con un significado completamente distinto: como la&nbsp;<strong>reacci\u00f3n defensiva<\/strong>&nbsp;<\/em>(negritas nuestras)<em>&nbsp;ante un hostigamiento interminable e injustificado.\u201d&nbsp;<\/em>Para concluir el articulo afirmando: \u201c<em>En suma: las apariencias no siempre revelan la esencia de las cosas, y lo que a primera vista parece ser una cosa \u2013una invasi\u00f3n- mirada desde otra perspectiva y teniendo en cuenta&nbsp;<strong>los datos del contexto puede ser algo completamente distinto<\/strong>.\u201d&nbsp;<\/em>En s\u00edntesis, si por su contundencia no puede negar los hechos, dice que estos no son lo que parecen.<\/p>\n\n\n\n<p><strong>La Liga Internacional Socialista (LIS-ISL)<\/strong>[2]<strong>&nbsp;le responde a Bor\u00f3n desde Ucrania y Petrogrado<\/strong><\/p>\n\n\n\n<p>Para la fecha de la primera columna de Bor\u00f3n que citamos, el 29 de enero la Liga Internacional Socialista emite una declaraci\u00f3n con t\u00edtulo \u201c<em>\u00a1No a la agresi\u00f3n del imperialismo ruso a Ucrania! \u00a1Fuera la OTAN y EE.UU. del este europeo! \u00a1Basta de guerras al servicio de los imperialistas!\u201d<\/em>; construida por su direcci\u00f3n en conjunto con su organizaci\u00f3n de Ucrania y sus militantes en Petrogrado, Rusia. Sin dejar de denunciar categ\u00f3ricamente el perverso papel de la OTAN y luego de caracterizar las condiciones que crean el escenario actual, este documento en su punto 10 afirma:&nbsp;<em>\u201cLa Liga Internacional Socialista llama a los trabajadores del mundo y en especial a la clase obrera rusa a oponerse a la ocupaci\u00f3n de Ucrania que impulsa su gobierno y a evitar que esta se convierta en un campo de batalla de las potencias imperialistas! Somos muy conscientes de que Ucrania se ha convertido en un reh\u00e9n en el juego y la competencia de los principales imperialismos del mundo.&nbsp; Entendemos perfectamente todo el cinismo y la mezquindad del imperialismo estadounidense y occidental, que ahora juegan a los \u201cdefensores de Ucrania\u201d ante la comunidad internacional, temiendo perder su control decisivo sobre la econom\u00eda de un pa\u00eds d\u00e9bil y dependiente del capitalismo perif\u00e9rico.&nbsp; Somos muy conscientes de que ambos campos imperialistas no defienden los intereses del pueblo ucraniano, sino exclusivamente sus propios intereses geopol\u00edticos.&nbsp; La clase obrera de Ucrania no debe hacerse ilusiones sobre estos imperialismos \u00abamigos\u00bb y sus verdaderas intenciones y exigir el retiro de la OTAN de todo el este europeo.\u201d<\/em><\/p>\n\n\n\n<p>Un mes despu\u00e9s, el 24 de febrero, una vez concretada la invasi\u00f3n, la LIS-ISL, emite un nuevo documento[3] en este, entre otros puntos afirma en el 11:&nbsp; \u201c<em>Desde la LIS llamamos a realizar acciones unitarias y expresiones de repudio en todo el mundo contra la invasi\u00f3n imperialista rusa y en solidaridad con el pueblo trabajador ucraniano. Denunciando al mismo tiempo el accionar del imperialismo occidental, que act\u00faa para rodear a Rusia, aumenta su presencia en el Mar Negro y quiere incorporar a Ucrania a la OTAN, acumula fuerzas militares en Grecia y cuenta con un Biden cada vez m\u00e1s agresivo, que intenta recomponer el poder\u00edo perdido de los EE. UU. tras el planteo que&nbsp;\u2018Am\u00e9rica ha vuelto\u2019.\u201d<\/em><\/p>\n\n\n\n<p>Por su parte el dirigente de la Liga Socialista de Ucrania Oleg Vernyk se\u00f1ala en una entrevista del d\u00eda 10 de febrero luego de describir el car\u00e1cter capitalista y antiobrero del gobierno ucraniano lo siguiente[4]: &nbsp;<em>\u201cHacemos un llamado a nuestros hermanos y hermanas de todo el mundo para fortalecer la solidaridad internacional de la clase obrera con los hermanos y hermanas ucranianos de la clase proletaria. \u00a1Nuestra Liga Socialista Ucraniana, como parte de la Liga Internacional Socialista, llama a los trabajadores del mundo y especialmente a la clase obrera de Rusia, a oponerse a la idea de ocupaci\u00f3n de Ucrania promovida por su gobierno y no permitir que se convierta en un campo de batalla para las potencias imperialistas!\u201d<\/em><\/p>\n\n\n\n<p>Por otra parte, desde Petrogrado, la cuna de la Revoluci\u00f3n Rusa, el militante de la LIS y miembro de Movimiento Socialista de Rusia, fue entrevistado Andery Nestruev, luego de ser liberado de su encarcelamiento por participar en las manifestaciones contra la guerra en su ciudad, lo siguiente[5]:&nbsp;<strong>\u201cT\u00fa fuiste detenido<em>:&nbsp;<\/em><\/strong><em>As\u00ed es, fui preso junto a otros camaradas y 1700 personas que el 24 de febrero&nbsp;<strong>se movilizaron en 52 ciudades<\/strong>&nbsp;del pa\u00eds. El mensaje de los que salimos a la calle fue muy claro:&nbsp;\u201cNo necesitamos esta guerra\u201d.<\/em>\u201d Cuando se le pregunto, \u00bfQu\u00e9 mensaje le dejar\u00edas a los trabajadores y los pueblos? Respondi\u00f3:&nbsp;<em>\u201cLes dir\u00eda que es necesario actuar para derrocar a los reg\u00edmenes fascistas antes del momento en que desaten las guerras. Que es necesario tomar las luchas con m\u00e1s fuerza y radicalidad. Y que es necesario lograr la hermandad entre los pueblos, enfrentando a sus propios gobiernos, que responden a los intereses imperialistas y capitalistas.\u201d<\/em><\/p>\n\n\n\n<p><strong>El campismo en los nuevos escenarios de crisis, polarizaci\u00f3n y conflicto interimperialista<\/strong><\/p>\n\n\n\n<p>El intento de Bor\u00f3n de convertir la agresiva invasi\u00f3n de Rusia sobre Ucrania como una operaci\u00f3n defensiva no es otra cosa de elegir el campo de uno de los bloques imperialistas, el encabezado por China y al que adhiere Rusia, para hacer propaganda a favor de ese campo. Por otra parte, la disociaci\u00f3n de este hecho del proceso de crisis sist\u00e9mica del capitalismo y el ocultamiento de las razones de fondo de este conflicto como una disputa interimperialista, responden a la misma l\u00f3gica.<\/p>\n\n\n\n<p>Lo que expresa Bor\u00f3n es la decisi\u00f3n de un sector de la izquierda, el campismo reformista, los restos min\u00fasculos del estalinismo, de apoyar a uno de estos bloques imperialistas, aunque para ello tenga que mentir, ocultar y distorsionar la realidad. No es la primera vez que Bor\u00f3n utiliza este m\u00e9todo. La historia demuestra que en su recorrido los renegados de la lucha por el socialismo no dudan en defender una pol\u00edtica canalla.<\/p>\n\n\n\n<p><strong>Notas:<\/strong><\/p>\n\n\n\n<p>[1]&nbsp;<a href=\"https:\/\/www.pagina12.com.ar\/397854-la-crisis-en-ucrania-en-un-par-de-imagenes\">https:\/\/www.pagina12.com.ar\/397854-la-crisis-en-ucrania-en-un-par-de-imagenes<\/a>&nbsp;27 de enero. &nbsp;<a href=\"https:\/\/www.pagina12.com.ar\/398803-victoria-nuland-un-personaje-sombrio-en-la-crisis-de-ucrania\">https:\/\/www.pagina12.com.ar\/398803-victoria-nuland-un-personaje-sombrio-en-la-crisis-de-ucrania<\/a>&nbsp;1 de febrero.&nbsp;<a href=\"https:\/\/www.pagina12.com.ar\/403832-rusia-ucrania-una-tragedia-evitable\">https:\/\/www.pagina12.com.ar\/403832-rusia-ucrania-una-tragedia-evitable<\/a>&nbsp;25 de febrero.&nbsp;<a href=\"https:\/\/www.pagina12.com.ar\/404466-conflicto-rusia-ucrania-una-segunda-mirada\">https:\/\/www.pagina12.com.ar\/404466-conflicto-rusia-ucrania-una-segunda-mirada<\/a>&nbsp;2 de marzo.<\/p>\n\n\n\n<p>[2] Declaraci\u00f3n del 29 de enero.&nbsp;<a href=\"https:\/\/lis-isl.org\/2022\/01\/29\/declaracion-de-la-lis-no-a-la-agresion-del-imperialismo-ruso-a-ucrania-fuera-la-otan-y-ee-uu-del-este-europeobasta-de-guerras-al-servicio-de-los-imperialistas\/\">https:\/\/lis-isl.org\/2022\/01\/29\/declaracion-de-la-lis-no-a-la-agresion-del-imperialismo-ruso-a-ucrania-fuera-la-otan-y-ee-uu-del-este-europeobasta-de-guerras-al-servicio-de-los-imperialistas\/<\/a><\/p>\n\n\n\n<p>[3] Declaraci\u00f3n del 24 de febrero.&nbsp;<a href=\"https:\/\/lis-isl.org\/2022\/02\/24\/decla\/\">https:\/\/lis-isl.org\/2022\/02\/24\/decla\/<\/a><\/p>\n\n\n\n<p>[4] Oleg Vernyk.&nbsp;<a href=\"https:\/\/lis-isl.org\/2022\/02\/10\/ucrania-entrevista-a-oleg-vernyk-los-trabajadores-rusos-son-nuestros-hermanos-en-la-lucha-anticapitalista\/\">https:\/\/lis-isl.org\/2022\/02\/10\/ucrania-entrevista-a-oleg-vernyk-los-trabajadores-rusos-son-nuestros-hermanos-en-la-lucha-anticapitalista\/<\/a>.<\/p>\n\n\n\n<p>[5] Andery Nestruev.&nbsp;<a href=\"https:\/\/lis-isl.org\/2022\/03\/01\/rus\/\">https:\/\/lis-isl.org\/2022\/03\/01\/rus\/<\/a><\/p>\n","protected":false},"excerpt":{"rendered":"<p>Carlos Carcione Fuente: Rebeli\u00f3n Desde el 27 de enero el soci\u00f3logo Atilio Bor\u00f3n, te\u00f3rico actual del Partido Comunista de Argentina, integrante del Frente de Todos, escribi\u00f3 cuatro columnas sobre la crisis provocada primero por la amenaza y luego la concreci\u00f3n, de la invasi\u00f3n de Ucrania por parte de Rusia. En todas ellas se coloca sin [&hellip;]<\/p>\n","protected":false},"author":1,"featured_media":6041,"comment_status":"open","ping_status":"open","sticky":false,"template":"","format":"standard","meta":{"footnotes":""},"categories":[4],"tags":[],"_links":{"self":[{"href":"http:\/\/www.movimientocaamanista.com\/index.php?rest_route=\/wp\/v2\/posts\/6100"}],"collection":[{"href":"http:\/\/www.movimientocaamanista.com\/index.php?rest_route=\/wp\/v2\/posts"}],"about":[{"href":"http:\/\/www.movimientocaamanista.com\/index.php?rest_route=\/wp\/v2\/types\/post"}],"author":[{"embeddable":true,"href":"http:\/\/www.movimientocaamanista.com\/index.php?rest_route=\/wp\/v2\/users\/1"}],"replies":[{"embeddable":true,"href":"http:\/\/www.movimientocaamanista.com\/index.php?rest_route=%2Fwp%2Fv2%2Fcomments&post=6100"}],"version-history":[{"count":1,"href":"http:\/\/www.movimientocaamanista.com\/index.php?rest_route=\/wp\/v2\/posts\/6100\/revisions"}],"predecessor-version":[{"id":6101,"href":"http:\/\/www.movimientocaamanista.com\/index.php?rest_route=\/wp\/v2\/posts\/6100\/revisions\/6101"}],"wp:featuredmedia":[{"embeddable":true,"href":"http:\/\/www.movimientocaamanista.com\/index.php?rest_route=\/wp\/v2\/media\/6041"}],"wp:attachment":[{"href":"http:\/\/www.movimientocaamanista.com\/index.php?rest_route=%2Fwp%2Fv2%2Fmedia&parent=6100"}],"wp:term":[{"taxonomy":"category","embeddable":true,"href":"http:\/\/www.movimientocaamanista.com\/index.php?rest_route=%2Fwp%2Fv2%2Fcategories&post=6100"},{"taxonomy":"post_tag","embeddable":true,"href":"http:\/\/www.movimientocaamanista.com\/index.php?rest_route=%2Fwp%2Fv2%2Ftags&post=6100"}],"curies":[{"name":"wp","href":"https:\/\/api.w.org\/{rel}","templated":true}]}}