{"id":6116,"date":"2022-03-12T10:38:19","date_gmt":"2022-03-12T10:38:19","guid":{"rendered":"http:\/\/www.movimientocaamanista.com\/?p=6116"},"modified":"2022-03-12T10:38:20","modified_gmt":"2022-03-12T10:38:20","slug":"orlando-siempre","status":"publish","type":"post","link":"http:\/\/www.movimientocaamanista.com\/?p=6116","title":{"rendered":"\u00a1ORLANDO SIEMPRE!"},"content":{"rendered":"\n<p>Narciso Isa Conde<\/p>\n\n\n\n<p>Entramos al mes de Orlando. Se cumplir\u00e1n cuarenta y seis a\u00f1os de vil asesinato Orlando Mart\u00ednez y valen todos los homenajes a su eterna rebeld\u00eda. M\u00e1s cuando los tiempos presentes son para seres humanos de su estirpe. Tiempos para ser como \u00e9l, sin copia ni calco, pero s\u00ed valientes, innovadores\/as, subversivos\/a. \u00a1Cu\u00e1nta falta nos hacen sus Microscopios a los compases de esta suma de crisis superpuestas y rebeld\u00edas urgidas de metas pol\u00edticas precisas! <\/p>\n\n\n\n<p>Crisis ambiental, bajo amenaza de depredaci\u00f3n sin l\u00edmites y azote mortal del triangulo minero: Falcondo y Barrick  en el centro de la isla, Gold Quest y Belfond en el Sur, y Uni-Gold y Barrick en el Noroeste. Crisis de un sistema de corrupci\u00f3n e impunidad al que le siguen imponiendo abundantes \u201cvacas sagradas\u201d. <\/p>\n\n\n\n<p>Crisis de salud y seguridad social asaltadas por ARS y AFP privadas, asociadas a pol\u00edticos y capitales sucios. Caos en el transporte. Mafias energ\u00e9ticas. Prostituci\u00f3n de m\u00faltiples conquistas, incluida el 4%. D\u00e9ficit brutal de viviendas. Ausencia de seguridad ciudadana. Poder gansterizado. Pa\u00eds neoliberalmente endeudado y recolonizado. <\/p>\n\n\n\n<p>Tiempos para Orlando, para ser como \u00e9l,  no solo para llevarle flores. Cu\u00e1nta falta nos hace sus desafiantes Microscopios en tiempos de ferocidad y voracidad imperialista contra Nuestra Am\u00e9rica y el Mundo. De golpes regresivos,  agresiones a Venezuela bolivariana, coloniaje en Puerto Rico, intervenciones desgarradoras en Hait\u00ed, cercos a Cuba y ataques de  OTAN en m\u00faltiples puntos del planeta. Tiempos de crueles guerras de reconquista, racismo desbocado, neofascismo, feminicidios a granel y desigualdades espantosas.<\/p>\n\n\n\n<p>Tiempos tambi\u00e9n de nuevas indignaciones y rebeld\u00edas, resistencias y ofensivas populares necesitadas de nuevos sue\u00f1os realizables, y movimientos y propuestas transformadoras. Tiempos de Orlando, aunque no id\u00e9nticos a los suyos. Nuevos tiempos. Suma de los antes y los de ahora, de los pasados, recientes, presentes y porvenir. Tiempos para renovar ideas y m\u00e9todos, teor\u00eda y pr\u00e1ctica. Tiempos para hacer lo que \u00e9l hizo: recrear pensamiento y acci\u00f3n fundidos contra las injusticias. <\/p>\n\n\n\n<p>Nuevos tiempos en un mundo cambiante y convulsionado. Tiempos para nuevos Orlando y nuevos Microscopio en un pa\u00eds sin democracia y sin Soberan\u00eda, necesitado de ingeniosos procesos destituyentes y constituyentes. \u00a1Orlado siempre!: en vida frente al tirano y su p\u00e9rfido heredero,  y m\u00e1s all\u00e1 con su microscopio espacial a cuesta, con sus torrentes de ideas eternas, enfrentado a los siervos del imperio y los Vicini\u2026: Read Cabral, Guzm\u00e1n, Jorge Blanco, Majluta, Leonel, Hip\u00f3lito y Danilo.Y ahora denunciando a Abinader y los suyos. Siempre junto al viejo Marx, a Bol\u00edvar, al Che, Fidel y  sus continuadores. Abrazado a Duarte, Luper\u00f3n, Manolo, Minerva y Caama\u00f1o. \u00a1Siempre Orlando!<\/p>\n","protected":false},"excerpt":{"rendered":"<p>Narciso Isa Conde Entramos al mes de Orlando. Se cumplir\u00e1n cuarenta y seis a\u00f1os de vil asesinato Orlando Mart\u00ednez y valen todos los homenajes a su eterna rebeld\u00eda. M\u00e1s cuando los tiempos presentes son para seres humanos de su estirpe. Tiempos para ser como \u00e9l, sin copia ni calco, pero s\u00ed valientes, innovadores\/as, subversivos\/a. \u00a1Cu\u00e1nta [&hellip;]<\/p>\n","protected":false},"author":1,"featured_media":1343,"comment_status":"open","ping_status":"open","sticky":false,"template":"","format":"standard","meta":{"footnotes":""},"categories":[5,16],"tags":[],"_links":{"self":[{"href":"http:\/\/www.movimientocaamanista.com\/index.php?rest_route=\/wp\/v2\/posts\/6116"}],"collection":[{"href":"http:\/\/www.movimientocaamanista.com\/index.php?rest_route=\/wp\/v2\/posts"}],"about":[{"href":"http:\/\/www.movimientocaamanista.com\/index.php?rest_route=\/wp\/v2\/types\/post"}],"author":[{"embeddable":true,"href":"http:\/\/www.movimientocaamanista.com\/index.php?rest_route=\/wp\/v2\/users\/1"}],"replies":[{"embeddable":true,"href":"http:\/\/www.movimientocaamanista.com\/index.php?rest_route=%2Fwp%2Fv2%2Fcomments&post=6116"}],"version-history":[{"count":1,"href":"http:\/\/www.movimientocaamanista.com\/index.php?rest_route=\/wp\/v2\/posts\/6116\/revisions"}],"predecessor-version":[{"id":6117,"href":"http:\/\/www.movimientocaamanista.com\/index.php?rest_route=\/wp\/v2\/posts\/6116\/revisions\/6117"}],"wp:featuredmedia":[{"embeddable":true,"href":"http:\/\/www.movimientocaamanista.com\/index.php?rest_route=\/wp\/v2\/media\/1343"}],"wp:attachment":[{"href":"http:\/\/www.movimientocaamanista.com\/index.php?rest_route=%2Fwp%2Fv2%2Fmedia&parent=6116"}],"wp:term":[{"taxonomy":"category","embeddable":true,"href":"http:\/\/www.movimientocaamanista.com\/index.php?rest_route=%2Fwp%2Fv2%2Fcategories&post=6116"},{"taxonomy":"post_tag","embeddable":true,"href":"http:\/\/www.movimientocaamanista.com\/index.php?rest_route=%2Fwp%2Fv2%2Ftags&post=6116"}],"curies":[{"name":"wp","href":"https:\/\/api.w.org\/{rel}","templated":true}]}}