{"id":6137,"date":"2022-03-13T11:19:16","date_gmt":"2022-03-13T11:19:16","guid":{"rendered":"http:\/\/www.movimientocaamanista.com\/?p=6137"},"modified":"2022-03-13T11:19:17","modified_gmt":"2022-03-13T11:19:17","slug":"la-amazonia-se-acerca-a-su-punto-de-inflexion-pasaria-de-selva-a-sabana","status":"publish","type":"post","link":"http:\/\/www.movimientocaamanista.com\/?p=6137","title":{"rendered":"La Amazonia se acerca a su punto de inflexi\u00f3n, pasar\u00eda de selva a sabana"},"content":{"rendered":"\n<p>Eduardo Robaina<\/p>\n\n\n\n<p>Fuente: <a href=\"https:\/\/rebelion.org\/la-amazonia-se-acerca-a-su-punto-de-inflexion-pasaria-de-selva-a-sabana\/\">Rebeli\u00f3n<\/a><\/p>\n\n\n\n<p>M\u00e1s del 75% de la selva tropical ha ido perdiendo en los \u00faltimos 20 a\u00f1os su capacidad de recuperarse de sucesos como las sequ\u00edas o los incendios, revela un nuevo estudio publicado en \u2018Nature Climate Change\u2019.<\/p>\n\n\n\n<p>El gran reto durante las pr\u00f3ximas tres d\u00e9cadas es eliminar casi por completo las emisiones de gases de efecto invernadero que impulsan el cambio clim\u00e1tico. Para ello,&nbsp;<strong>lo principal es acabar con los combustibles f\u00f3siles<\/strong>&nbsp;y optar por energ\u00edas limpias. Pero no es suficiente: tambi\u00e9n hay que hacer desaparecer las emisiones que ya se generan. Mientras gobiernos, industrias y&nbsp;<em>lobbies<\/em>&nbsp;fantasean con construir una m\u00e1quina (<a rel=\"noreferrer noopener\" href=\"https:\/\/www.climatica.lamarea.com\/maquina-utopica-combustibles-fosiles\/\" target=\"_blank\">ut\u00f3pi<\/a><strong><a rel=\"noreferrer noopener\" href=\"https:\/\/www.climatica.lamarea.com\/maquina-utopica-combustibles-fosiles\/\" target=\"_blank\">c<\/a><\/strong><a rel=\"noreferrer noopener\" href=\"https:\/\/www.climatica.lamarea.com\/maquina-utopica-combustibles-fosiles\/\" target=\"_blank\">a<\/a>) que haga ese trabajo, en la naturaleza ya existen muchos ecosistemas que lo hacen&nbsp;<em>gratuitamente<\/em>. Pero&nbsp;<strong>las actividades humanas est\u00e1n acabando con esa capacidad de absorci\u00f3n<\/strong>. Y lo que es peor: pueden volverse en nuestra contra, liberando gases y contribuyendo as\u00ed al calentamiento global.<\/p>\n\n\n\n<p>Uno de esos ecosistemas es la&nbsp;<strong>Amazonia<\/strong>. Un estudio publicado esta misma semana en la revista&nbsp;<a href=\"https:\/\/www.nature.com\/articles\/s41558-022-01287-8\" target=\"_blank\" rel=\"noreferrer noopener\"><em>Nature Climate Change<\/em><\/a>&nbsp;concluye que, desde principios de la d\u00e9cada de 2000, m\u00e1s de&nbsp;tres cuartas partes de la selva amaz\u00f3nica&nbsp;<strong>ha perdido su capacidad de resiliencia<\/strong>, es decir, la capacidad de recuperarse de perturbaciones como las sequ\u00edas o los incendios.<\/p>\n\n\n\n<p>Estas p\u00e9rdidas de resiliencia son&nbsp;<strong>m\u00e1s pronunciadas en las zonas m\u00e1s secas y en las regiones situadas a menos de 200 kil\u00f3metros del uso humano de la tierra<\/strong>, como grandes explotaciones y asentamientos. \u00abEsto es alarmante, ya que los modelos del IPCC proyectan un secado general de la regi\u00f3n amaz\u00f3nica en respuesta al calentamiento global antropog\u00e9nico\u00bb, se\u00f1ala uno de los autores del an\u00e1lisis, el profesor&nbsp;<strong>Niklas Boers<\/strong>, de la Universidad T\u00e9cnica de M\u00fanich y el Instituto de Investigaci\u00f3n del Impacto Clim\u00e1tico de Potsdam (Alemania).<\/p>\n\n\n\n<p>En la actualidad, la&nbsp;<a href=\"https:\/\/www.climatica.lamarea.com\/peligros-globales-degradacion-amazonia\/\" target=\"_blank\" rel=\"noreferrer noopener\">Amazonia<\/a>&nbsp;representa m\u00e1s de la mitad de los bosques tropicales del mundo y alberga una&nbsp;<strong><a href=\"https:\/\/www.climatica.lamarea.com\/perdida-biodiversidad-cambio-climatico\/\" target=\"_blank\" rel=\"noreferrer noopener\">biodiversidad<\/a>&nbsp;infinita y \u00fanica<\/strong>. Adem\u00e1s,&nbsp;<strong>desarrolla un importante papel como sumidero de carbono e influye en gran medida en las precipitaciones de toda Suram\u00e9rica<\/strong>. Por tanto, que goce de buena salud tiene implicaciones globales.<\/p>\n\n\n\n<p><strong>Cuando llegue el punto de inflexi\u00f3n ser\u00e1 demasiado tarde para actuar<\/strong><\/p>\n\n\n\n<p>Imaginemos a una persona afectada por un duro acontecimiento reciente. Aunque aparentemente est\u00e9 bien, si sufriera otra situaci\u00f3n desagradable no ser\u00eda capaz de asimilar y procesarlo igual de bien que en condiciones normales. Pues lo mismo ocurre con la Amazonia. Lo explica el profesor Tim Lenton, director del Instituto de Sistemas Globales de Exeter: \u00abLa selva puede tener m\u00e1s o menos el mismo aspecto, pero puede estar perdiendo resiliencia, lo que hace que se recupere m\u00e1s lentamente de un acontecimiento importante como una sequ\u00eda\u00bb. Seg\u00fan los an\u00e1lisis del equipo de investigadores,&nbsp;<strong>en muchas zonas la desestabilizaci\u00f3n parece estar ya en march<\/strong>a.<\/p>\n\n\n\n<p><strong>\u00abLa deforestaci\u00f3n y el cambio clim\u00e1tico son probablemente los principales causantes\u00bb,<\/strong>&nbsp;se\u00f1ala Niklas Boers. Factores interrelacionados y que podr\u00edan combinarse como las sequ\u00edas, los incendios y la degradaci\u00f3n del suelo tambi\u00e9n son responsables del estado al que se dirige la Amazonia.<\/p>\n\n\n\n<p>Los autores consideran estos hallazgos una<strong>&nbsp;clara se\u00f1al de alarma<\/strong>, y una muestra m\u00e1s de que la selva amaz\u00f3nica se acerca a un&nbsp;<strong>punto de inflexi\u00f3n<\/strong>, situaci\u00f3n irreversible en escalas de tiempo humanas. De pasar ese umbral,&nbsp;<strong>gran parte de la selva tropical se convertir\u00eda en un h\u00e1bitat similar a la sabana<\/strong>, se perder\u00eda mucha biodiversidad y&nbsp;<strong>el cambio clim\u00e1tico pasar\u00eda a tener un aliado en vez de un enemigo<\/strong>. Es m\u00e1s, esto ya ocurre:&nbsp;<a href=\"https:\/\/www.theguardian.com\/environment\/2021\/jul\/14\/amazon-rainforest-now-emitting-more-co2-than-it-absorbs\" target=\"_blank\" rel=\"noreferrer noopener\">otro estudio<\/a>&nbsp;publicado hace medio a\u00f1o se\u00f1alaba que la selva amaz\u00f3nica ahora emite m\u00e1s CO2 del que es capaz de absorber.<\/p>\n\n\n\n<p>Sobre si terminar\u00e1 por llegar esemomento y cu\u00e1ndo, dada la complejidad de ese entorno,&nbsp;<strong>hay m\u00e1s dudas que certezas<\/strong>. Pero lo que s\u00ed tiene claro Boers, que realiz\u00f3 el estudio conjuntamente con investigadores de la Universidad de Exeter (Reino Unido), es que \u00ab<strong>cuando sea observable, probablemente ser\u00e1 demasiado tarde para detenerla<\/strong>\u00ab. Y termina de explicar la gravedad de la situaci\u00f3n: \u00abSi se pierde demasiada capacidad de recuperaci\u00f3n, el retroceso puede ser inevitable, pero no se har\u00e1 evidente hasta que se produzca un acontecimiento importante que haga caer el sistema\u00bb.<\/p>\n\n\n\n<p><strong>Hay esperanza limitida<\/strong><\/p>\n\n\n\n<p>El estudio analiz\u00f3 en detalle los cambios mes a mes de la respuesta del bosque a las fluctuaciones de las condiciones meteorol\u00f3gicas. La resiliencia se redujo durante las grandes sequ\u00edas de 2005 y 2010, como parte de un descenso continuo desde principios de la d\u00e9cada de 2000 hasta los datos m\u00e1s recientes de 2016. \u201cLa resiliencia en realidad aument\u00f3 desde 1991 hasta aproximadamente el a\u00f1o 2000, pero la disminuci\u00f3n constante desde entonces ha llevado la resiliencia muy por debajo de los niveles de 1991\u201d, detallan los autores.<\/p>\n\n\n\n<p>Este estudio forma parte de un proyecto financiado por el programa Horizonte 2020 de la Uni\u00f3n Europea. Un total de 18 instituciones asociadas trabajan juntas en m\u00e1s de 10 pa\u00edses con el objetivo de estudiar los\u00a0<strong>puntos de inflexi\u00f3n en el sistema terrestre<\/strong>. Por ejemplo, la\u00a0<strong>capa de hielo de Groenlandia<\/strong>\u00a0y la circulaci\u00f3n de vuelco meridional del Atl\u00e1ntico (<strong>AMOC<\/strong>, por sus siglas en ingl\u00e9s), otros dos importantes puntos cr\u00edticos que se acercan a se acercan a un estado de no retorno.<\/p>\n\n\n\n<p>A pesar del duro mazazo que suponen estos hallazgos,<strong>&nbsp;la buena noticia es que a\u00fan hay tiempo para actuar antes de sobrepasar ese punto de inflexi\u00f3n<\/strong>, aunque cada vez menos. Tim Lenton es claro con los pasos que se deben seguir a partir de ahora: \u00abPara salvaguardar la Amazonia, es necesario frenar la deforestaci\u00f3n y la degradaci\u00f3n, as\u00ed como limitar las emisiones globales de gases de efecto invernadero\u201d.<\/p>\n\n\n\n<p>Pero no ser\u00e1 una tarea f\u00e1cil con la presencia del presidente de Brasil, el ultraderechista Jair&nbsp;<strong>Bolsonaro<\/strong>. En el&nbsp;<a href=\"https:\/\/www.climatica.lamarea.com\/deforestacion-amazonia-aumenta-un-22\/\" target=\"_blank\" rel=\"noreferrer noopener\">balance<\/a>&nbsp;presentado a finales del 2021 por el Instituto Nacional de Investigaciones Espaciales (INPE),&nbsp;<strong>la deforestaci\u00f3n en la selva amaz\u00f3nica brasile\u00f1a aument\u00f3 un 22% respecto al a\u00f1o anterio<\/strong>r, con 13.235 kil\u00f3metros cuadrados menos de cobertura vegetal entre el 1 de agosto de 2020 y el 31 de julio de 2021.<\/p>\n","protected":false},"excerpt":{"rendered":"<p>Eduardo Robaina Fuente: Rebeli\u00f3n M\u00e1s del 75% de la selva tropical ha ido perdiendo en los \u00faltimos 20 a\u00f1os su capacidad de recuperarse de sucesos como las sequ\u00edas o los incendios, revela un nuevo estudio publicado en \u2018Nature Climate Change\u2019. El gran reto durante las pr\u00f3ximas tres d\u00e9cadas es eliminar casi por completo las emisiones [&hellip;]<\/p>\n","protected":false},"author":1,"featured_media":6138,"comment_status":"open","ping_status":"open","sticky":false,"template":"","format":"standard","meta":{"footnotes":""},"categories":[4],"tags":[],"_links":{"self":[{"href":"http:\/\/www.movimientocaamanista.com\/index.php?rest_route=\/wp\/v2\/posts\/6137"}],"collection":[{"href":"http:\/\/www.movimientocaamanista.com\/index.php?rest_route=\/wp\/v2\/posts"}],"about":[{"href":"http:\/\/www.movimientocaamanista.com\/index.php?rest_route=\/wp\/v2\/types\/post"}],"author":[{"embeddable":true,"href":"http:\/\/www.movimientocaamanista.com\/index.php?rest_route=\/wp\/v2\/users\/1"}],"replies":[{"embeddable":true,"href":"http:\/\/www.movimientocaamanista.com\/index.php?rest_route=%2Fwp%2Fv2%2Fcomments&post=6137"}],"version-history":[{"count":1,"href":"http:\/\/www.movimientocaamanista.com\/index.php?rest_route=\/wp\/v2\/posts\/6137\/revisions"}],"predecessor-version":[{"id":6139,"href":"http:\/\/www.movimientocaamanista.com\/index.php?rest_route=\/wp\/v2\/posts\/6137\/revisions\/6139"}],"wp:featuredmedia":[{"embeddable":true,"href":"http:\/\/www.movimientocaamanista.com\/index.php?rest_route=\/wp\/v2\/media\/6138"}],"wp:attachment":[{"href":"http:\/\/www.movimientocaamanista.com\/index.php?rest_route=%2Fwp%2Fv2%2Fmedia&parent=6137"}],"wp:term":[{"taxonomy":"category","embeddable":true,"href":"http:\/\/www.movimientocaamanista.com\/index.php?rest_route=%2Fwp%2Fv2%2Fcategories&post=6137"},{"taxonomy":"post_tag","embeddable":true,"href":"http:\/\/www.movimientocaamanista.com\/index.php?rest_route=%2Fwp%2Fv2%2Ftags&post=6137"}],"curies":[{"name":"wp","href":"https:\/\/api.w.org\/{rel}","templated":true}]}}