{"id":6157,"date":"2022-03-19T11:07:53","date_gmt":"2022-03-19T11:07:53","guid":{"rendered":"http:\/\/www.movimientocaamanista.com\/?p=6157"},"modified":"2022-05-22T02:26:25","modified_gmt":"2022-05-22T02:26:25","slug":"no-otan","status":"publish","type":"post","link":"http:\/\/www.movimientocaamanista.com\/?p=6157","title":{"rendered":"No + OTAN"},"content":{"rendered":"\n<p style=\"text-align:center\"><strong>CONSIDERANDO<\/strong><\/p>\n\n\n\n<p><strong>PRIMERO.<\/strong> Que la confrontaci\u00f3n militar que se vive en Europa del Este representa un doloroso drama humano que enluta a numerosas familias, as\u00ed como genera la perdida de muchos hogares y sensibles da\u00f1os econ\u00f3micos a la poblaci\u00f3n tanto de Ucrania como de la Federaci\u00f3n de Rusia.<\/p>\n\n\n\n<p><strong> SEGUNDO. <\/strong>Que la Organizaci\u00f3n del Tratado del Atl\u00e1ntico Norte (OTAN), convertida en el brazo militar del capitalismo neoliberal, se expande con sus armas de destrucci\u00f3n masiva por Europa y por los territorios de otros continentes, cuesti\u00f3n que genera una amenaza a la vida, la soberan\u00eda de los pueblos y a la paz mundial. Sin duda, este hecho contribuye a explicar la grave situaci\u00f3n pol\u00edtico-militar que hoy se vive en el mundo.<\/p>\n\n\n\n<p><strong>TERCERO.<\/strong> Que las medidas coercitivas unilaterales implementadas por las potencias occidentales se erigen en una flagrante violaci\u00f3n de los derechos humanos. Igualmente, tales medidas son un atentado contra los principios de Autodeterminaci\u00f3n de los Pueblos, Igualdad entre los Estados y la Resoluci\u00f3n Pac\u00edfica de las controversias internacionales. Principios recogidos en el Derecho Internacional P\u00fablico y tutelados en la Carta de la Organizaci\u00f3n de Naciones Unidas (ONU).<\/p>\n\n\n\n<p style=\"text-align:center\"><strong>ACORDAMOS<\/strong><\/p>\n\n\n\n<p><strong>PRIMERO.<\/strong> Expresar nuestras m\u00e1s sentidas palabras de solidaridad con las familias que han perdido a sus seres queridos durante los enfrentamientos armados en Europa del Este. Nos unimos, como ciudadanos (as) del mundo, al clamor de la humanidad que exige el cumplimiento de los \u201cAcuerdos de Minsk\u201d en funci\u00f3n de una salida pac\u00edfica y negociada al conflicto entre la OTAN y la Federaci\u00f3n de Rusia.<\/p>\n\n\n\n<p><strong>SEGUNDO.<\/strong> Condenar el expansionismo de la OTAN, la proliferaci\u00f3n de sus bases militares en el mundo y especialmente, sumar nuestras voces al rechazo del despliegue de armas nucleares. Adicionalmente, deplorar de la forma m\u00e1s en\u00e9rgica la utilizaci\u00f3n de mercenarios en la guerra por partes de las grandes potencias y repudiar el suministro de material b\u00e9lico a los bandos contendientes ya que esto contribuye a una escalada del conflicto.<\/p>\n\n\n\n<p><strong>TERCERO.<\/strong> Exigir el cese inmediato de las medidas coercitivas unilaterales contra los pueblos del mundo ya que son acciones neocoloniales violatorias del ordenamiento jur\u00eddico internacional que afectan indiscriminadamente a la poblaci\u00f3n y menoscaban los derechos humanos.<\/p>\n\n\n\n<p><strong>CUARTO. <\/strong>Proponer un replanteamiento de la ONU a los fines de convertirla en una instituci\u00f3n realmente democr\u00e1tica y en correspondencia con los intereses sagrados de la humanidad. En este sentido, cabe resaltar que la libertad de expresi\u00f3n y el derecho a la vida son bienes jur\u00eddicos tutelados por el Derecho Internacional P\u00fablico y son parte integral de la Declaraci\u00f3n Universal de los Derechos Humanos. Exigimos a la ONU demandar a las grandes potencias el respeto a la vida y el fin de la censura a los medios de comunicaci\u00f3n.<\/p>\n\n\n\n<p>En este sentido, cabe resaltar que la libertad de expresi\u00f3n y el derecho a la vida son bienes jur\u00eddicos tutelados por el Derecho Internacional P\u00fablico y son parte integral de la Declaraci\u00f3n Universal de los Derechos Humanos. Exigimos a la ONU demandar a las grandes potencias el respeto a la vida y el fin de la censura a los medios de comunicaci\u00f3n.<\/p>\n\n\n\n<p><strong>A los quince (15) d\u00edas del mes de marzo de 2022, en apoyo al acuerdo, firman;<\/strong><\/p>\n\n\n\n<p><strong>Frei Betto (Brasil), Enrique Dussel (Argentina), Dip. Diosdado Cabello Rond\u00f3n (1 Vice-Presidente del PSUV), Ignacio Ramonet (Francia), Atilio Bor\u00f3n (Argentina), Fernando Buen Abad (M\u00e9xico), Stella Calloni (Argentina), Nestor Kohan (Argentina), Dip. Julio Ch\u00e1vez (Venezuela), \u00c1ngeles Maestro Mart\u00edn (Espa\u00f1a), Dip. Tania D\u00edaz (Venezuela), I\u00f1aky Gil De San Vicente (Euskal Herria), Gobernador Freddy Bernal (Venezuela), Ram\u00f3n Grosfoguel (Puerto Rico), Dip. Jes\u00fas Far\u00eda (Venezuela), H\u00e9ctor D\u00edaz Polanco (M\u00e9xico), Dip. Francisco Torrealba (Venezuela), Senadora Piedad C\u00f3rdoba (Colombia), Fernando Rivero (Venezuela), Hernando Calvo Ospina (Colombia), Narciso Isa Conde (Rep\u00fablica Dominicana), Gobernador Gerardo M\u00e1rquez (Venezuela), Pablo Sepulveda Allende (Chile), Dip. Blanca Eekhout (Venezuela), Rafael Bautista Segales (Bolivia), Gobernador Miguel Rodr\u00edguez (Venezuela), Carlos Aznarez (Argentina), Carlos Casanueva (Chile), Ingrid Carmona (Venezuela), Tatiana P\u00e9rez (Periodista TeleSUR-Colombia), Dip. Giuseppe Alessandrello (Venezuela), Fernando Bossi (Argentina), Dip. Fernando Soto Rojas (Venezuela), Fernando Casado (Espa\u00f1a), Dip. Mar\u00eda Le\u00f3n (Venezuela), Ren\u00e9 Ortiz (Mexico-Morena), Hugo Moldiz (Bolivia), Rommel D\u00edaz (M\u00e9xico), Dip. Carolina Cestari (Venezuela), Txema S\u00e1nchez (Espa\u00f1a), Danny Shaw (Estados Unidos), Padre Numa Molina (Venezuela), Gloria Gait\u00e1n (Colombia), Dip. \u00c1ngel Rodr\u00edguez (Presidente del Parlatino-Cap\u00edtulo Venezuela), Issam Khawaja (VicePresidente del Partido Unidad Popular Democr\u00e1tico-Jordania), Dip. Desiree Santos Amaral (Venezuela), Dip. Macos Choque (Secretario General JMAS-IPSP), Dip. Gustavo Villapol (Venezuela), Constituyente Hugo Guti\u00e9rrez (Chile), Gabriela Cultelli (Uruguay), Alcalde Donald Donaire (Venezuela), Mark Burton (Estados Unidos), Dip. Ren\u00e1n Cabeza (MAS-Bolivia), Alcalde Ram\u00f3n Pi\u00f1ango (Venezuela), Carlos Morais (Galiza), Pedro Carvajalino (Venezuela), Leonard Fores (Estados Unidos), Lourdes Contreras (Rep\u00fablica Dominicana), Benjam\u00edn Prado (Estados Unidos), Mart\u00edn Guerra (Partido Izquierda Socialista-Per\u00fa), Dip. Yasneidy Guarnieri (Venezuela), Kassim Saleh (Libano), Osly Hern\u00e1ndez (Venezuela), Juan Carlos Tanus (Colombia), Ermelinda Malcotte (B\u00e9gica), Dick Emanuelson (Suecia), Concejal Roswill Guacaran (Venezuela), Manuel Zarate (Panam\u00e1), Edson Carneiro \u00cdndio (Inter-Sindical-Brasil), Dip. Pedro Lander (Venezuela), Xadeni M\u00e9ndez (M\u00e9xico), Dip. Ricardo Gonz\u00e1lez (Venezuela), Daniela Genovez (El Salvador), Geraldine Colotti (Italia), Iv\u00e1n Mcgregor (Venezuela), Miguel Sandoval (Guatemala), Eduardo Idrovo (Ecuador), Cesar Quir\u00f3z (Chile), Irene Le\u00f3n (Ecuador), Fatima Rallo Gutierrez (Paraguay), Nayor L\u00f3pez (M\u00e9xico), Dip. Ismael Morales (Venezuela), Kat\u00fa Arconada (Euska Herria), Melanio Ferreira (MDP Rep\u00fablica Dominicana), Adrian Sotelo Valencia (CELA-M\u00e9xico), Yosman Colina (Venezuela), Jos\u00e9 Amesty (Costa Rica), Jorge Kreines (Secretario Relaciones Internacionales de Partido Comunista de Argentina), Maribel Nu\u00f1ez Valdez (Rep\u00fablica Dominicana), Malick Gueye (Espa\u00f1a), Omar Cid (Chile), William Cap\u00f3 (Veneuzuela), Virtudes De La Rosa (Directora del Centro de Genero UASD-RD), Alejandro Rusconi (Movimiento Evita), H\u00e9ctor Tajan (Venezuela), Yoselin Mateo (Rep\u00fablica Dominicana), Cristian Cuevas (Chile), Rosa Rodr\u00edguez (Rep\u00fablica Dominicana), Tajan Cabrera (Uruguay), Desiree Sequera (Venezuela), Isis Amador Campusano (Rep\u00fablica Dominicana), Roberto Mu\u00f1oz (Centro de Estudios Francisco Bilbao Chile), Alfredo Pierre (RD), Alina Duarte (M\u00e9xico), \u00c1ngel Prieto (Venezuela), Esteban Silva (Chile), Eliecer Jimenez Julio (Suiza), Anabel D\u00edaz (Venezuela), Necxy De Le\u00f3n (Rep\u00fablica Dominicana), Luis Carvajal (RD), Fernando Figueredo S\u00e1nchez (RD), Mar\u00eda Fernanda Cautivo (Chile), Francisca Peguero (Rep\u00fablica Dominicana), Fermin Santxez (Euska Herria), Luis Gonz\u00e1lez (RD), Ishak Khoury (Palestina), Litbell D\u00edaz Ach\u00e9 (Venezuela), Xiomara Peralta (Rep\u00fablica Dominicana), Ildefonso Finol (Venezuela), Kenia Ferreras (Rep\u00fablica Dominicana), Gilberto L\u00f3pez (M\u00e9xico), Xavier Sarabia (Venezuela), Elsa S\u00e1nchez (RD), Jos\u00e9 F\u00e9lix (RD), Julio Ortega (RD), Roberto Bermudez Pellegrin (Chile), Al\u00ed Rojas (Venezuela), Lilian Oviedo (RD), Raynelda Rodr\u00edguez (RD), Luis Atenas Baeza (Chile).<\/strong><\/p>\n\n\n\n<p style=\"text-align:center\"><strong>PARA ADHESIONES, FAVOR CONTACTARNOS<\/strong><\/p>\n\n\n\n<p>Ciudadanosdelmundo200@gmail.com<\/p>\n\n\n\n<p>y por Whatshapp en los n\u00fameros telef\u00f3nicos +58 416-9042276 \/ +58 424-1412594\u00a0<\/p>\n","protected":false},"excerpt":{"rendered":"<p>CONSIDERANDO PRIMERO. Que la confrontaci\u00f3n militar que se vive en Europa del Este representa un doloroso drama humano que enluta a numerosas familias, as\u00ed como genera la perdida de muchos hogares y sensibles da\u00f1os econ\u00f3micos a la poblaci\u00f3n tanto de Ucrania como de la Federaci\u00f3n de Rusia. SEGUNDO. Que la Organizaci\u00f3n del Tratado del Atl\u00e1ntico [&hellip;]<\/p>\n","protected":false},"author":1,"featured_media":6158,"comment_status":"open","ping_status":"open","sticky":false,"template":"","format":"standard","meta":{"footnotes":""},"categories":[5,3],"tags":[],"_links":{"self":[{"href":"http:\/\/www.movimientocaamanista.com\/index.php?rest_route=\/wp\/v2\/posts\/6157"}],"collection":[{"href":"http:\/\/www.movimientocaamanista.com\/index.php?rest_route=\/wp\/v2\/posts"}],"about":[{"href":"http:\/\/www.movimientocaamanista.com\/index.php?rest_route=\/wp\/v2\/types\/post"}],"author":[{"embeddable":true,"href":"http:\/\/www.movimientocaamanista.com\/index.php?rest_route=\/wp\/v2\/users\/1"}],"replies":[{"embeddable":true,"href":"http:\/\/www.movimientocaamanista.com\/index.php?rest_route=%2Fwp%2Fv2%2Fcomments&post=6157"}],"version-history":[{"count":1,"href":"http:\/\/www.movimientocaamanista.com\/index.php?rest_route=\/wp\/v2\/posts\/6157\/revisions"}],"predecessor-version":[{"id":6159,"href":"http:\/\/www.movimientocaamanista.com\/index.php?rest_route=\/wp\/v2\/posts\/6157\/revisions\/6159"}],"wp:featuredmedia":[{"embeddable":true,"href":"http:\/\/www.movimientocaamanista.com\/index.php?rest_route=\/wp\/v2\/media\/6158"}],"wp:attachment":[{"href":"http:\/\/www.movimientocaamanista.com\/index.php?rest_route=%2Fwp%2Fv2%2Fmedia&parent=6157"}],"wp:term":[{"taxonomy":"category","embeddable":true,"href":"http:\/\/www.movimientocaamanista.com\/index.php?rest_route=%2Fwp%2Fv2%2Fcategories&post=6157"},{"taxonomy":"post_tag","embeddable":true,"href":"http:\/\/www.movimientocaamanista.com\/index.php?rest_route=%2Fwp%2Fv2%2Ftags&post=6157"}],"curies":[{"name":"wp","href":"https:\/\/api.w.org\/{rel}","templated":true}]}}