{"id":6160,"date":"2022-03-19T11:12:15","date_gmt":"2022-03-19T11:12:15","guid":{"rendered":"http:\/\/www.movimientocaamanista.com\/?p=6160"},"modified":"2022-03-19T11:12:16","modified_gmt":"2022-03-19T11:12:16","slug":"uasd-recuerda-a-orlando-martinez-a-47-anos-de-su-asesinato","status":"publish","type":"post","link":"http:\/\/www.movimientocaamanista.com\/?p=6160","title":{"rendered":"UASD recuerda a Orlando Mart\u00ednez a 47 a\u00f1os de su asesinato."},"content":{"rendered":"\n<p>La Universidad Aut\u00f3noma de Santo Domingo (UASD) recuerda al periodista Orlando Mart\u00ednez a 47 a\u00f1os de su asesinato ocurrido un 17 de marzo de 1975 con una ofrenda floral ante el busto erigido en su memoria. <\/p>\n\n\n\n<p>En el busto a Orlando Mart\u00ednez que est\u00e1 dentro de una peque\u00f1a plaza ubicado en la avenida Jos\u00e9 Contreras en un lateral de la UASD se desarroll\u00f3 el acto protocolar que fue presidido por el vicerrector de Extensi\u00f3n, maestro Antonio Medina Calca\u00f1o, en representaci\u00f3n de la rectora, doctora Emma Polanco Melo.<\/p>\n\n\n\n<p>El maestro Medina destac\u00f3 la importancia que tiene la figura de Orlando Mart\u00ednez como s\u00edmbolo de la libertad de prensa en la Rep\u00fablica Dominicana, destacando adem\u00e1s sus luchas contra las injusticias sociales y los indoblegables principios que guiaron su vida. <\/p>\n\n\n\n<p>Tambi\u00e9n hicieron uso de la palabra Narciso Isa Conde por el Comit\u00e9 Homenaje a Orlando Mart\u00ednez; Sergio Mart\u00ednez Howley en representaci\u00f3n de la familia; Aurelio Henr\u00edquez actual presidente del Colegio Dominicano de Periodistas; y V\u00edctor Ger\u00f3nimo presidente de la Fuerza de la Revoluci\u00f3n.<\/p>\n\n\n\n<p>Todos coincidieron en expresar la calidad humana y profesional de Orlando Mart\u00ednez y que la bala que le ceg\u00f3 la vida fue un atentado a la libertad de prensa en los 12 a\u00f1os del gobierno de Joaqu\u00edn Balaguer.<\/p>\n\n\n\n<p>Narciso Isa Conde destac\u00f3 la importancia de que en la UASD se reediten los tres vol\u00famenes de los art\u00edculos de Orlando Mart\u00ednez en su secci\u00f3n Microscopio, a la vez que exista una C\u00e1tedra Orlando Mart\u00ednez en la Escuela de Comunicaci\u00f3n Social.<\/p>\n\n\n\n<p>En el acto estuvieron presentes entre otras personalidades los decanos: Augusto Bravo por la Facultad de Humanidades; Rosel Fern\u00e1ndez por la Facultad de Ciencias de la Salud; Ramona Isa Medina por la Facultad de Ciencias Agronomicas y Veterinarias; Dione Rufino por la Facultad de Artes; por la Facultad de Ciencias Econ\u00f3micas y Sociales Alexi Mart\u00ednez y el vicedecano Antonio Ciriaco.<\/p>\n\n\n\n<p>Tambi\u00e9n participaron en la actividad Lu\u00eds Schecker Ortiz, presidente de la Academia de Ciencias de la Rep\u00fablica Dominicana; Teresa Espaillat una de las mujeres de abril y profesora de la UASD; el Consultor Jur\u00eddico de la UASD, Jos\u00e9 Parra, entre otros invitados.<\/p>\n\n\n\n<ul class=\"wp-block-gallery columns-3 is-cropped wp-block-gallery-1 is-layout-flex wp-block-gallery-is-layout-flex\"><li class=\"blocks-gallery-item\"><figure><img loading=\"lazy\" decoding=\"async\" width=\"1024\" height=\"683\" src=\"http:\/\/www.movimientocaamanista.com\/wp-content\/uploads\/2022\/03\/WhatsApp-Image-2022-03-18-at-7.58.26-PM-1024x683.jpeg\" alt=\"\" data-id=\"6161\" data-link=\"http:\/\/www.movimientocaamanista.com\/?attachment_id=6161\" class=\"wp-image-6161\" srcset=\"http:\/\/www.movimientocaamanista.com\/wp-content\/uploads\/2022\/03\/WhatsApp-Image-2022-03-18-at-7.58.26-PM-1024x683.jpeg 1024w, http:\/\/www.movimientocaamanista.com\/wp-content\/uploads\/2022\/03\/WhatsApp-Image-2022-03-18-at-7.58.26-PM-300x200.jpeg 300w, http:\/\/www.movimientocaamanista.com\/wp-content\/uploads\/2022\/03\/WhatsApp-Image-2022-03-18-at-7.58.26-PM-768x512.jpeg 768w, http:\/\/www.movimientocaamanista.com\/wp-content\/uploads\/2022\/03\/WhatsApp-Image-2022-03-18-at-7.58.26-PM.jpeg 1296w\" sizes=\"(max-width: 1024px) 100vw, 1024px\" \/><\/figure><\/li><li class=\"blocks-gallery-item\"><figure><img loading=\"lazy\" decoding=\"async\" width=\"1024\" height=\"683\" src=\"http:\/\/www.movimientocaamanista.com\/wp-content\/uploads\/2022\/03\/WhatsApp-Image-2022-03-18-at-7.58.27-PM-1024x683.jpeg\" alt=\"\" data-id=\"6162\" data-link=\"http:\/\/www.movimientocaamanista.com\/?attachment_id=6162\" class=\"wp-image-6162\" srcset=\"http:\/\/www.movimientocaamanista.com\/wp-content\/uploads\/2022\/03\/WhatsApp-Image-2022-03-18-at-7.58.27-PM-1024x683.jpeg 1024w, http:\/\/www.movimientocaamanista.com\/wp-content\/uploads\/2022\/03\/WhatsApp-Image-2022-03-18-at-7.58.27-PM-300x200.jpeg 300w, http:\/\/www.movimientocaamanista.com\/wp-content\/uploads\/2022\/03\/WhatsApp-Image-2022-03-18-at-7.58.27-PM-768x512.jpeg 768w, http:\/\/www.movimientocaamanista.com\/wp-content\/uploads\/2022\/03\/WhatsApp-Image-2022-03-18-at-7.58.27-PM.jpeg 1296w\" sizes=\"(max-width: 1024px) 100vw, 1024px\" \/><\/figure><\/li><li class=\"blocks-gallery-item\"><figure><img loading=\"lazy\" decoding=\"async\" width=\"1024\" height=\"683\" src=\"http:\/\/www.movimientocaamanista.com\/wp-content\/uploads\/2022\/03\/WhatsApp-Image-2022-03-18-at-7.58.29-PM-1024x683.jpeg\" alt=\"\" data-id=\"6163\" data-link=\"http:\/\/www.movimientocaamanista.com\/?attachment_id=6163\" class=\"wp-image-6163\" srcset=\"http:\/\/www.movimientocaamanista.com\/wp-content\/uploads\/2022\/03\/WhatsApp-Image-2022-03-18-at-7.58.29-PM-1024x683.jpeg 1024w, http:\/\/www.movimientocaamanista.com\/wp-content\/uploads\/2022\/03\/WhatsApp-Image-2022-03-18-at-7.58.29-PM-300x200.jpeg 300w, http:\/\/www.movimientocaamanista.com\/wp-content\/uploads\/2022\/03\/WhatsApp-Image-2022-03-18-at-7.58.29-PM-768x512.jpeg 768w, http:\/\/www.movimientocaamanista.com\/wp-content\/uploads\/2022\/03\/WhatsApp-Image-2022-03-18-at-7.58.29-PM.jpeg 1296w\" sizes=\"(max-width: 1024px) 100vw, 1024px\" \/><\/figure><\/li><li class=\"blocks-gallery-item\"><figure><img loading=\"lazy\" decoding=\"async\" width=\"1024\" height=\"683\" src=\"http:\/\/www.movimientocaamanista.com\/wp-content\/uploads\/2022\/03\/WhatsApp-Image-2022-03-18-at-7.58.30-PM-1024x683.jpeg\" alt=\"\" data-id=\"6164\" data-link=\"http:\/\/www.movimientocaamanista.com\/?attachment_id=6164\" class=\"wp-image-6164\" srcset=\"http:\/\/www.movimientocaamanista.com\/wp-content\/uploads\/2022\/03\/WhatsApp-Image-2022-03-18-at-7.58.30-PM-1024x683.jpeg 1024w, http:\/\/www.movimientocaamanista.com\/wp-content\/uploads\/2022\/03\/WhatsApp-Image-2022-03-18-at-7.58.30-PM-300x200.jpeg 300w, http:\/\/www.movimientocaamanista.com\/wp-content\/uploads\/2022\/03\/WhatsApp-Image-2022-03-18-at-7.58.30-PM-768x512.jpeg 768w, http:\/\/www.movimientocaamanista.com\/wp-content\/uploads\/2022\/03\/WhatsApp-Image-2022-03-18-at-7.58.30-PM.jpeg 1296w\" sizes=\"(max-width: 1024px) 100vw, 1024px\" \/><\/figure><\/li><li class=\"blocks-gallery-item\"><figure><img loading=\"lazy\" decoding=\"async\" width=\"1024\" height=\"683\" src=\"http:\/\/www.movimientocaamanista.com\/wp-content\/uploads\/2022\/03\/WhatsApp-Image-2022-03-18-at-7.58.31-PM-1024x683.jpeg\" alt=\"\" data-id=\"6165\" data-link=\"http:\/\/www.movimientocaamanista.com\/?attachment_id=6165\" class=\"wp-image-6165\" srcset=\"http:\/\/www.movimientocaamanista.com\/wp-content\/uploads\/2022\/03\/WhatsApp-Image-2022-03-18-at-7.58.31-PM-1024x683.jpeg 1024w, http:\/\/www.movimientocaamanista.com\/wp-content\/uploads\/2022\/03\/WhatsApp-Image-2022-03-18-at-7.58.31-PM-300x200.jpeg 300w, http:\/\/www.movimientocaamanista.com\/wp-content\/uploads\/2022\/03\/WhatsApp-Image-2022-03-18-at-7.58.31-PM-768x512.jpeg 768w, http:\/\/www.movimientocaamanista.com\/wp-content\/uploads\/2022\/03\/WhatsApp-Image-2022-03-18-at-7.58.31-PM.jpeg 1296w\" sizes=\"(max-width: 1024px) 100vw, 1024px\" \/><\/figure><\/li><li class=\"blocks-gallery-item\"><figure><img loading=\"lazy\" decoding=\"async\" width=\"683\" height=\"1024\" src=\"http:\/\/www.movimientocaamanista.com\/wp-content\/uploads\/2022\/03\/WhatsApp-Image-2022-03-18-at-7.58.32-PM-683x1024.jpeg\" alt=\"\" data-id=\"6166\" data-link=\"http:\/\/www.movimientocaamanista.com\/?attachment_id=6166\" class=\"wp-image-6166\" srcset=\"http:\/\/www.movimientocaamanista.com\/wp-content\/uploads\/2022\/03\/WhatsApp-Image-2022-03-18-at-7.58.32-PM-683x1024.jpeg 683w, http:\/\/www.movimientocaamanista.com\/wp-content\/uploads\/2022\/03\/WhatsApp-Image-2022-03-18-at-7.58.32-PM-200x300.jpeg 200w, http:\/\/www.movimientocaamanista.com\/wp-content\/uploads\/2022\/03\/WhatsApp-Image-2022-03-18-at-7.58.32-PM-768x1152.jpeg 768w, http:\/\/www.movimientocaamanista.com\/wp-content\/uploads\/2022\/03\/WhatsApp-Image-2022-03-18-at-7.58.32-PM.jpeg 864w\" sizes=\"(max-width: 683px) 100vw, 683px\" \/><\/figure><\/li><\/ul>\n","protected":false},"excerpt":{"rendered":"<p>La Universidad Aut\u00f3noma de Santo Domingo (UASD) recuerda al periodista Orlando Mart\u00ednez a 47 a\u00f1os de su asesinato ocurrido un 17 de marzo de 1975 con una ofrenda floral ante el busto erigido en su memoria. En el busto a Orlando Mart\u00ednez que est\u00e1 dentro de una peque\u00f1a plaza ubicado en la avenida Jos\u00e9 Contreras [&hellip;]<\/p>\n","protected":false},"author":1,"featured_media":6166,"comment_status":"open","ping_status":"open","sticky":false,"template":"","format":"standard","meta":{"footnotes":""},"categories":[5,2],"tags":[],"_links":{"self":[{"href":"http:\/\/www.movimientocaamanista.com\/index.php?rest_route=\/wp\/v2\/posts\/6160"}],"collection":[{"href":"http:\/\/www.movimientocaamanista.com\/index.php?rest_route=\/wp\/v2\/posts"}],"about":[{"href":"http:\/\/www.movimientocaamanista.com\/index.php?rest_route=\/wp\/v2\/types\/post"}],"author":[{"embeddable":true,"href":"http:\/\/www.movimientocaamanista.com\/index.php?rest_route=\/wp\/v2\/users\/1"}],"replies":[{"embeddable":true,"href":"http:\/\/www.movimientocaamanista.com\/index.php?rest_route=%2Fwp%2Fv2%2Fcomments&post=6160"}],"version-history":[{"count":1,"href":"http:\/\/www.movimientocaamanista.com\/index.php?rest_route=\/wp\/v2\/posts\/6160\/revisions"}],"predecessor-version":[{"id":6167,"href":"http:\/\/www.movimientocaamanista.com\/index.php?rest_route=\/wp\/v2\/posts\/6160\/revisions\/6167"}],"wp:featuredmedia":[{"embeddable":true,"href":"http:\/\/www.movimientocaamanista.com\/index.php?rest_route=\/wp\/v2\/media\/6166"}],"wp:attachment":[{"href":"http:\/\/www.movimientocaamanista.com\/index.php?rest_route=%2Fwp%2Fv2%2Fmedia&parent=6160"}],"wp:term":[{"taxonomy":"category","embeddable":true,"href":"http:\/\/www.movimientocaamanista.com\/index.php?rest_route=%2Fwp%2Fv2%2Fcategories&post=6160"},{"taxonomy":"post_tag","embeddable":true,"href":"http:\/\/www.movimientocaamanista.com\/index.php?rest_route=%2Fwp%2Fv2%2Ftags&post=6160"}],"curies":[{"name":"wp","href":"https:\/\/api.w.org\/{rel}","templated":true}]}}