{"id":6186,"date":"2022-03-25T00:42:10","date_gmt":"2022-03-25T00:42:10","guid":{"rendered":"http:\/\/www.movimientocaamanista.com\/?p=6186"},"modified":"2022-03-25T00:42:11","modified_gmt":"2022-03-25T00:42:11","slug":"en-colombia-la-izquierda-da-un-salto","status":"publish","type":"post","link":"http:\/\/www.movimientocaamanista.com\/?p=6186","title":{"rendered":"En Colombia la Izquierda da un salto"},"content":{"rendered":"\n<p>Horacio Duque<\/p>\n\n\n\n<p>Fuente: <a href=\"https:\/\/rebelion.org\/en-colombia-la-izquierda-da-un-salto\/\">Rebeli\u00f3n<\/a><\/p>\n\n\n\n<p>Ha cerrado uno de los procesos electorales previstos para este a\u00f1o en Colombia. Se trata de la escogencia de los nuevos integrantes del poder legislativo en sus dos c\u00e1maras (Senado y C\u00e1mara baja) y de la selecci\u00f3n de los candidatos presidenciales de las tres coaliciones que se conformaron para definir el nombre que las representara en las votaciones para definir el jefe de la Casa de Nari\u00f1o para el cuatrienio que se extienden entre el 2022 y el 2026.&nbsp;<\/p>\n\n\n\n<p>Los siguientes son los hechos m\u00e1s significativos de esta hist\u00f3rica jornada que ha sintetizado una de las etapas m\u00e1s intensas de la historia pol\u00edtica nacional en que el movimiento social ha protagonizado descomunales acciones contra el neoliberalismo y el r\u00e9gimen pol\u00edtico olig\u00e1rquico.&nbsp;<\/p>\n\n\n\n<p>Primero. La consulta interna del Pacto hist\u00f3rico se acerc\u00f3 a los 6 millones de votos, y en la misma triunfo el Senador Gustavo Petro con 4 millones 500 mil sufragios, seguido por Francia M\u00e1rquez, una l\u00edder afro del cauca que recibi\u00f3 el respaldo de 800 mil electores. El multitudinario respaldo a Petro implica un profundo viraje en el campo pol\u00edtico nacional que se inclina hacia una izquierda transformadora en la perspectiva de los derechos fundamentales de millones de colombianos, de repudio a la corrupci\u00f3n y a la violencia del r\u00e9gimen uribista neonazi.&nbsp;<\/p>\n\n\n\n<p>Segundo. La lista al Senado del Pacto Hist\u00f3rico se ubic\u00f3 en primer lugar con cerca de 17 senadores, lo que refleja el repudio de las mayor\u00edas ciudadanas del clientelismo y de la aberrante corrupci\u00f3n de la casta pol\u00edtica representada por Uribe V\u00e9lez, Ivan Duque, Andr\u00e9s Pastrana y otros personajes retardatarios de la pol\u00edtica regional.&nbsp;<\/p>\n\n\n\n<p>Tercero. La elecci\u00f3n de una robusta delegaci\u00f3n de Representantes en la C\u00e1mara baja, con 25 legisladores que reflejan y representan las provincias y regiones de la naci\u00f3n, incluidas sus organizaciones populares, agrarias y sindicales.&nbsp;<\/p>\n\n\n\n<p>Cuarto. El desplome electoral de las dos estructuras m\u00e1s retardatarias del pa\u00eds como el Centro Democr\u00e1tico de Uribe V\u00e9lez y Cambio Radical del ex Vicepresidente German Vargas Lleras.&nbsp;<\/p>\n\n\n\n<p>Quinto. La ca\u00edda y debilitamiento de poderosas mafias regionales como la de los Char en Barranquilla y la de Dilian Toro en Cali.&nbsp;<\/p>\n\n\n\n<p>Sexto. La mengua del poder y la hegemon\u00eda de la ultraderecha uribista y de sus aliados, aunque el ex alcalde de Medell\u00edn Federico Guti\u00e9rrez fue el se\u00f1alado para representar el denominado Equipo Colombia en la disputa por la presidencia que ser\u00e1 competido por otros derechistas como Rodolfo Hern\u00e1ndez, Vargas Lleras y los voceros religiosos de ocasi\u00f3n.&nbsp;<\/p>\n\n\n\n<p>S\u00e9ptimo. La oxigenaci\u00f3n del potente movimiento social y popular que gana espacios para retomar sus banderas por una Renta b\u00e1sica para 5 millones de familias pobres, por la eliminaci\u00f3n del Esmad, por la paz, por la reforma agraria, por una Asamblea Constituyente soberana y por la depuraci\u00f3n\/disolucion de los aparatos armados del Estado infiltrados por las mafias y las redes de corrupci\u00f3n.&nbsp;&nbsp;<\/p>\n\n\n\n<p>Lo previsible es que en los pr\u00f3ximos meses regresen las acciones de masas, las huelgas, paros c\u00edvicos y marchas populares para desalojar de las instituciones p\u00fablicas locales los grupos criminales que han secuestrado alcald\u00edas como la de Armenia, la gobernaci\u00f3n del Meta, la de la Guajira, la del Valle y Cauca. Para demandar la suspensi\u00f3n del Plan Artemisa del Ejercito que destruye los Parques Naturales de Tinigua, Macarena y Chiribiquete en el Meta; y para exigir la disoluci\u00f3n de estructuras militares criminales como la Fudra y la Fuerza Omega en los departamentos del Meta, Guaviare y Caquet\u00e1, en donde el Comando sur y el generalato neonazi colombiano desangran a los campesinos con masacres, asesinatos y falsos positivos como los que se han dado recientemente en la parte media del Rio Guayabero a la altura de Puerto Cachicamo, Puerto Nuevo y Nueva Colombia, donde los comandos contraguerrilleros han asesinado, en condiciones de indefensi\u00f3n, a reconocidos l\u00edderes agrarios y de los cocaleros, incluyendo sus familias, esposas e hijos.&nbsp;<\/p>\n","protected":false},"excerpt":{"rendered":"<p>Horacio Duque Fuente: Rebeli\u00f3n Ha cerrado uno de los procesos electorales previstos para este a\u00f1o en Colombia. Se trata de la escogencia de los nuevos integrantes del poder legislativo en sus dos c\u00e1maras (Senado y C\u00e1mara baja) y de la selecci\u00f3n de los candidatos presidenciales de las tres coaliciones que se conformaron para definir el [&hellip;]<\/p>\n","protected":false},"author":1,"featured_media":6187,"comment_status":"open","ping_status":"open","sticky":false,"template":"","format":"standard","meta":{"footnotes":""},"categories":[5,3],"tags":[],"_links":{"self":[{"href":"http:\/\/www.movimientocaamanista.com\/index.php?rest_route=\/wp\/v2\/posts\/6186"}],"collection":[{"href":"http:\/\/www.movimientocaamanista.com\/index.php?rest_route=\/wp\/v2\/posts"}],"about":[{"href":"http:\/\/www.movimientocaamanista.com\/index.php?rest_route=\/wp\/v2\/types\/post"}],"author":[{"embeddable":true,"href":"http:\/\/www.movimientocaamanista.com\/index.php?rest_route=\/wp\/v2\/users\/1"}],"replies":[{"embeddable":true,"href":"http:\/\/www.movimientocaamanista.com\/index.php?rest_route=%2Fwp%2Fv2%2Fcomments&post=6186"}],"version-history":[{"count":1,"href":"http:\/\/www.movimientocaamanista.com\/index.php?rest_route=\/wp\/v2\/posts\/6186\/revisions"}],"predecessor-version":[{"id":6188,"href":"http:\/\/www.movimientocaamanista.com\/index.php?rest_route=\/wp\/v2\/posts\/6186\/revisions\/6188"}],"wp:featuredmedia":[{"embeddable":true,"href":"http:\/\/www.movimientocaamanista.com\/index.php?rest_route=\/wp\/v2\/media\/6187"}],"wp:attachment":[{"href":"http:\/\/www.movimientocaamanista.com\/index.php?rest_route=%2Fwp%2Fv2%2Fmedia&parent=6186"}],"wp:term":[{"taxonomy":"category","embeddable":true,"href":"http:\/\/www.movimientocaamanista.com\/index.php?rest_route=%2Fwp%2Fv2%2Fcategories&post=6186"},{"taxonomy":"post_tag","embeddable":true,"href":"http:\/\/www.movimientocaamanista.com\/index.php?rest_route=%2Fwp%2Fv2%2Ftags&post=6186"}],"curies":[{"name":"wp","href":"https:\/\/api.w.org\/{rel}","templated":true}]}}