{"id":6189,"date":"2022-03-25T00:48:01","date_gmt":"2022-03-25T00:48:01","guid":{"rendered":"http:\/\/www.movimientocaamanista.com\/?p=6189"},"modified":"2022-03-25T00:48:03","modified_gmt":"2022-03-25T00:48:03","slug":"semiotica-del-nazi-fascismo","status":"publish","type":"post","link":"http:\/\/www.movimientocaamanista.com\/?p=6189","title":{"rendered":"Semi\u00f3tica del nazi-fascismo"},"content":{"rendered":"\n<p>Fernando Buen Abad Dom\u00ednguez<\/p>\n\n\n\n<p>Fuente: <a href=\"https:\/\/rebelion.org\/semiotica-del-nazi-fascismo\/\">Rebeli\u00f3n<\/a><\/p>\n\n\n\n<p>No hay que esperar a que la burgues\u00eda se asuste para que se muestre nazi-fascista. La ideolog\u00eda de la clase dominante posee, de nacimiento,&nbsp;&nbsp;<em>filigranas<\/em>&nbsp;de odio empapadas en miedo de clase, que trabajan sistem\u00e1ticamente en todo el espectro, objetivo y subjetivo, de sus dominios. Act\u00faan permanentemente, en una calle oscura, en un sem\u00e1foro, cuando se acerca alguien que no usa ropa&nbsp;<em>aceptable,<\/em>&nbsp;cuando el color de la piel no es como&nbsp;<em>deber\u00eda<\/em>&nbsp;ser, cuando se habla distinto, cuando huele a pobreza, cuando la propiedad privada se ve&nbsp;<em>amenazada<\/em>. Ah\u00ed est\u00e1 el odio-miedo&nbsp;<em>disfrazado<\/em>&nbsp;de rejas, en puertas y ventanas, disfrazadas de perros guardianes, de guardaespaldas y vigilancia zonal humana o con c\u00e1maras. Ah\u00ed est\u00e1 el odio que le da&nbsp;<em>sentido<\/em>&nbsp;a sus polic\u00edas, ej\u00e9rcitos, leyes y pol\u00edticos asalariados para cuidarle a la burgues\u00eda todos sus bienes y sus males. El&nbsp;<em>sentido<\/em>&nbsp;burgu\u00e9s del odio.<\/p>\n\n\n\n<p>Sabemos que la burgues\u00eda cultiva el nazi-fascismo como defensa m\u00e1xima cuando su \u201cdemocracia\u201d deja de asegurarle el control sobre las personas que desesperan v\u00edctimas del despojo y la humillaci\u00f3n. Cuando se respira un tufo desmoralizador provocado por el espect\u00e1culo siniestro del capital saque\u00e1ndolo todo para aplastar a la clase trabajadora. Entonces, se desnuda el alma nazi-fascista exhibiendo sus miserias macabras dispuestas a conservar intacto al modelo econ\u00f3mico de sus amores, aunque hubiere que retocar (reprimir) algunas reglas o&nbsp;<em>desviaciones<\/em>&nbsp;de conducta general autorizada. Es un alma que exhibe sus partes&nbsp;<em>pudendas<\/em>&nbsp;fan\u00e1ticas, racistas, intolerantes\u2026 que tanto se estudian y protegen en algunas Universidades, fundaciones, iglesias u organizaciones financiadas ex profeso. Incluso bajo mantos \u201cprogres\u201d.<\/p>\n\n\n\n<p>Es esa la misi\u00f3n semi\u00f3tica del nazi-fascismo: hacernos d\u00e9biles y desorganizados pero solidarios con su miedo y su odio. Como si fuesen nuestros. Como si fuesen baluarte de la humanidad, nuestra obra cumbre. Defender la&nbsp;<em>paz&nbsp;<\/em>burguesa y auto-reprimirnos si alguna&nbsp;<em>tentaci\u00f3n<\/em>&nbsp;rebelde nos asaltara en la conciencia de clase. La misi\u00f3n semi\u00f3tica del nazi-fascismo es infiltrarse en nuestra vidas, acostumbrarnos a su presencia, ense\u00f1arnos a disfrutarlo y amarlo inculc\u00e1ndolo en nuestros hijos y nietos. Su misi\u00f3n es acomodarse en todas las capas intelectuales y emotivas del proletariado y combatir, calladamente, desde los m\u00e1s hondo e \u00edntimo, aquello que amenace al capital, a sus sirvientes gobernantes y a las costumbres o tradiciones del familiarismo, el individualismo y el consumismo. La misi\u00f3n semi\u00f3tica del nazi-fascismo es no s\u00f3lo presentarse como forma de represi\u00f3n pura, o terror obvio, sino tambi\u00e9n como una forma de violencia&nbsp;<em>amigable<\/em>&nbsp;e incuestionable para mantener las cosas como est\u00e1n, para aceptar que \u201cas\u00ed est\u00e1n bien\u201d y educar a la prole para que lo respeten&nbsp;<em>religiosamente<\/em>&nbsp;porque de los contrario, ah\u00ed est\u00e1 el Estado especializado en \u201cponer orden\u201d. La misi\u00f3n semi\u00f3tica del nazi-fascismo no se contenta con destruir al pensamiento y la acci\u00f3n revolucionaria, su misi\u00f3n es mantener el&nbsp;<em>statu quo<\/em>&nbsp;gracias a sometimiento de conciencias en sociedades atomizadas. Bajo los encantos de la armon\u00eda hip\u00f3crita.<\/p>\n\n\n\n<p>Para tal cometido se dise\u00f1a todo g\u00e9nero de apariencias: vestuarios, maquillajes, insignias, ej\u00e9rcitos, gesticulaciones, fraseolog\u00edas y mercadotecnias\u2026 deportes, shows, pel\u00edculas, series, noticieros\u2026 muchos de sus resortes subliminales indagados en los rincones m\u00e1s insospechados de la subjetividad humana y convertidos en detonadores patol\u00f3gicos de terror, angustia, desolaci\u00f3n y desamparo para doblegar voluntades y llevarlas del arrepentimiento a la inmovilidad permanente. Imponer la dictadura material y espiritual de la impotencia m\u00e1s despiadada al servicio del capital. Familias \u201cbonitas\u201d, con ni\u00f1os rubios y bienestar peque\u00f1o-burgu\u00e9s para modelar el \u201cdeber ser\u201d de la \u00fanica c\u00e9lula social santiguada por el poder econ\u00f3mico e ideol\u00f3gico\u2026 siempre y cuando tengan poder de compra y poder de endeudamiento. Pero la cosa no es tan f\u00e1cil y los pueblos han aprendido a luchar contra ese aparato monstruoso. Por eso fue derrotado estrepitosamente en 1945. Y despu\u00e9s tambi\u00e9n. No son invencibles.<\/p>\n\n\n\n<p>Una perspectiva revolucionaria debe adelantarse cient\u00edficamente a los hechos para ver c\u00f3mo se mover\u00e1n las fuerzas nazi-fascistas contra la humanidad, seduci\u00e9ndola por una parte, y reprimi\u00e9ndola por otra. Aprovechar\u00e1 la desesperaci\u00f3n social y la falta de direcci\u00f3n revolucionaria. Ellos nos atacar\u00e1n con todas sus armas de seducci\u00f3n, con canciones, pel\u00edculas, modas, ideolog\u00eda y simbolog\u00eda. Har\u00e1n que parezca \u201cprogre\u201d vestirse como nazi de los 40 y ser d\u00e9spota como yanqui de los 90. Usar\u00e1n sus armas materiales y morales para dominar a la clase obrera, y a sus organizaciones, hasta lograr el debilitamiento de las rebeld\u00edas en geograf\u00edas diferentes, entre clases, partidos, direcciones, en tiempos de corta y larga duraci\u00f3n. Usar\u00e1n a la ignorancia y a la desinformaci\u00f3n teledirigidas.<\/p>\n\n\n\n<p>Hoy la situaci\u00f3n mundial est\u00e1 atravesada por m\u00faltiples contradicciones, disputas comerciales, crecimiento de nacionalismos de derecha y xenofobia. Neo-reformismos a granel. No parece que estemos suficientemente preparados para situaciones de convulsi\u00f3n nazi-fascistas que se deslizan en una mir\u00edada de mascaradas absorbidas socialmente. Requerimos mucha calidad en los estudios concretos de la actual situaci\u00f3n hist\u00f3rica que no tiene parang\u00f3n en la formaci\u00f3n del nazi-fascismo. La lucha contra eso exige un m\u00e9todo de an\u00e1lisis y praxis, de plena vigencia y en tiempo real. Lecciones de estrategia y t\u00e1ctica basados en filosof\u00eda, no escapista, capaz de poner luz en todo lo que tenga de&nbsp;<em>nuevo<\/em>&nbsp;el desembarco semi\u00f3tico del nazi-fascismo. Un fen\u00f3meno&nbsp;<em>nuevo<\/em>&nbsp;con tecnolog\u00eda nueva en nuestra \u00e9poca.<\/p>\n\n\n\n<p>Todo tiene sentido. Ellos dicen tener superioridad de mentalidad, sangre y raza, dicen ser est\u00e9ticamente superiores. Eso lo aplauden y lo creen empresarios y financieros de un abigarrado sistema de propaganda, armado con \u201cnuevas tecnolog\u00edas\u201d para seducir a las masas. Aman la propaganda y el fanatismo. Aman el \u201centretenimiento\u201d como fuente doctrinaria de valores y costumbres y ponen acento en la firmeza del gobierno y la democracia que ellos controlan. Se trata de anestesiar a las masas para mantener a todos con buen esp\u00edritu de disciplina subordinada a la voluntad conservadora. Que nada altere a sus negocios.<\/p>\n\n\n\n<p>En una escena de la pel\u00edcula \u201cCabaret\u201d, se re\u00fane un grupo de muchachos de las juventudes nazis. Cantan una canci\u00f3n que inicia un solista y eleva gradualmente las voces para terminar siendo un coro cantado con \u00e9nfasis y contundencia. El estribillo es \u201c<em>Tomorrow belongs to me<\/em>\u201d (el ma\u00f1ana me pertenece). Dos testigos de semejante \u201chimno\u201d al retirarse del lugar dicen, entre s\u00ed, palabras m\u00e1s palabras menos: \u201cquiero ver c\u00f3mo controlar\u00e1n esto\u201d.&nbsp;<a rel=\"noreferrer noopener\" href=\"https:\/\/youtu.be\/SDuHXTG3uyY\" target=\"_blank\">https:\/\/youtu.be\/SDuHXTG3uyY<\/a>&nbsp;S\u00f3lo el ejercito rojo pudo. No olvidarlo.&nbsp;<\/p>\n\n\n\n<p><em><strong>Dr. Fernando Buen Abad Dom\u00ednguez<\/strong>. Director del Instituto de Cultura y Comunicaci\u00f3n y Centro Sean MacBride Universidad Nacional de Lan\u00fas. Miembro de la Red en Defensa de la Humanidad.&nbsp;Miembro de la Internacional Progresista. Rector Internacional de la UICOM. Miembro de REDS (Red de Estudios para el Desarrollo Social)<\/em><\/p>\n","protected":false},"excerpt":{"rendered":"<p>Fernando Buen Abad Dom\u00ednguez Fuente: Rebeli\u00f3n No hay que esperar a que la burgues\u00eda se asuste para que se muestre nazi-fascista. La ideolog\u00eda de la clase dominante posee, de nacimiento,&nbsp;&nbsp;filigranas&nbsp;de odio empapadas en miedo de clase, que trabajan sistem\u00e1ticamente en todo el espectro, objetivo y subjetivo, de sus dominios. Act\u00faan permanentemente, en una calle oscura, [&hellip;]<\/p>\n","protected":false},"author":1,"featured_media":6190,"comment_status":"open","ping_status":"open","sticky":false,"template":"","format":"standard","meta":{"footnotes":""},"categories":[4],"tags":[],"_links":{"self":[{"href":"http:\/\/www.movimientocaamanista.com\/index.php?rest_route=\/wp\/v2\/posts\/6189"}],"collection":[{"href":"http:\/\/www.movimientocaamanista.com\/index.php?rest_route=\/wp\/v2\/posts"}],"about":[{"href":"http:\/\/www.movimientocaamanista.com\/index.php?rest_route=\/wp\/v2\/types\/post"}],"author":[{"embeddable":true,"href":"http:\/\/www.movimientocaamanista.com\/index.php?rest_route=\/wp\/v2\/users\/1"}],"replies":[{"embeddable":true,"href":"http:\/\/www.movimientocaamanista.com\/index.php?rest_route=%2Fwp%2Fv2%2Fcomments&post=6189"}],"version-history":[{"count":1,"href":"http:\/\/www.movimientocaamanista.com\/index.php?rest_route=\/wp\/v2\/posts\/6189\/revisions"}],"predecessor-version":[{"id":6191,"href":"http:\/\/www.movimientocaamanista.com\/index.php?rest_route=\/wp\/v2\/posts\/6189\/revisions\/6191"}],"wp:featuredmedia":[{"embeddable":true,"href":"http:\/\/www.movimientocaamanista.com\/index.php?rest_route=\/wp\/v2\/media\/6190"}],"wp:attachment":[{"href":"http:\/\/www.movimientocaamanista.com\/index.php?rest_route=%2Fwp%2Fv2%2Fmedia&parent=6189"}],"wp:term":[{"taxonomy":"category","embeddable":true,"href":"http:\/\/www.movimientocaamanista.com\/index.php?rest_route=%2Fwp%2Fv2%2Fcategories&post=6189"},{"taxonomy":"post_tag","embeddable":true,"href":"http:\/\/www.movimientocaamanista.com\/index.php?rest_route=%2Fwp%2Fv2%2Ftags&post=6189"}],"curies":[{"name":"wp","href":"https:\/\/api.w.org\/{rel}","templated":true}]}}