{"id":6220,"date":"2022-03-30T23:13:07","date_gmt":"2022-03-30T23:13:07","guid":{"rendered":"http:\/\/www.movimientocaamanista.com\/?p=6220"},"modified":"2022-03-30T23:13:08","modified_gmt":"2022-03-30T23:13:08","slug":"los-trabajadores-informales-plantan-cara-a-la-crisis-en-america-latina","status":"publish","type":"post","link":"http:\/\/www.movimientocaamanista.com\/?p=6220","title":{"rendered":"Los trabajadores informales plantan cara a la crisis en Am\u00e9rica Latina"},"content":{"rendered":"\n<p>Humberto M\u00e1rquez<\/p>\n\n\n\n<p>Fuente: <a href=\"https:\/\/rebelion.org\/los-trabajadores-informales-plantan-cara-a-la-crisis-en-america-latina\/\">Rebeli\u00f3n<\/a><\/p>\n\n\n\n<p>Doris Mart\u00ednez fue cocinera en un restaurante de Venezuela que cerr\u00f3 sus puertas; migr\u00f3 a Colombia, enferm\u00f3 de tanto trabajar de pie ante un fog\u00f3n, y regres\u00f3 a su pa\u00eds donde, junto a su esposo e hijos, administra un concurrido quiosco de comida r\u00e1pida en una carretera de los Valles del Tuy, aleda\u00f1os a esta capital.<\/p>\n\n\n\n<p>El peruano Johnny Paredes fue vigilante y empleado de un restaurante en Lima hasta que decidi\u00f3 trabajar por cuenta propia como vendedor ambulante de prendas de fantas\u00eda, en las ma\u00f1anas, y comidas y bebidas en las tardes, en el emblem\u00e1tico barrio de Miraflores.<\/p>\n\n\n\n<p>El t\u00e9cnico de computadoras mexicano Jorge de la Teja labora en la capital de su pa\u00eds&nbsp; muchas m\u00e1s horas que en su antiguo trabajo en una empresa de servicios, pero, con el viento a favor del teletrabajo forzado por la covid-19, sus clientes e ingresos han aumentado en los dos a\u00f1os que lleva la pandemia.<\/p>\n\n\n\n<p>En Am\u00e9rica Latina y el Caribe 140 millones de trabajadores (51 % del total de personas ocupadas) laboran en el sector informal y han sido fuertemente impactados por la covid. Pero, a menudo desde las calles, toman el pulso de la crisis y asumen nuevas tareas o emprendimientos para hacerse con el sustento diario de sus familias.<\/p>\n\n\n\n<p>Desatada la pandemia en marzo de 2020, se perdieron en la regi\u00f3n 49,6 millones de puestos de trabajo, tanto formales como informales, y de ellos 23,6 millones ocupados por mujeres, seg\u00fan datos del \u00faltimo panorama laboral de la&nbsp;<a href=\"https:\/\/www.ilo.org\/americas\/lang--es\/index.htm\">Organizaci\u00f3n Internacional del Trabajo<\/a>&nbsp;(OIT), publicado en febrero.<\/p>\n\n\n\n<p>La informalidad \u201ccontin\u00faa siendo una de las caracter\u00edsticas m\u00e1s importantes de los mercados de trabajo de la regi\u00f3n\u201d, se\u00f1al\u00f3 a IPS desde la sede regional de la OIT en Lima la argentina Roxana Maurizio, especialista en econom\u00eda laboral del organismo.<\/p>\n\n\n\n<p>Estudios de la&nbsp;<a href=\"https:\/\/www.cepal.org\/es\">Comisi\u00f3n Econ\u00f3mica para Am\u00e9rica Latina y el Caribe<\/a>&nbsp;(Cepal) han mostrado que, de ese 51 % de trabajadores en la informalidad, hasta 37 % se ocupan en el sector informal de la econom\u00eda, m\u00e1s de 10 % en el sector formal y 4 % dentro de los hogares.<\/p>\n\n\n\n<p>En la pr\u00e1ctica, \u00abuna de cada dos personas ocupadas en la regi\u00f3n est\u00e1 en condiciones de informalidad\u00bb, seg\u00fan la OIT y un tercio labora por cuenta propia, de acuerdo a la Cepal.<\/p>\n\n\n\n<p>La OIT considera empleo informal todo trabajo remunerado (tanto el autoempleo como el empleo asalariado) que no est\u00e1 registrado, regulado o protegido por marcos legales o normativos. Para los trabajadores que lo realizan, a\u00f1ade, la remuneraci\u00f3n depende directamente de los beneficios derivados de los bienes o servicios producidos.<\/p>\n\n\n\n<figure class=\"wp-block-image\"><img decoding=\"async\" src=\"https:\/\/ipsnoticias.net\/wp-content\/uploads\/2022\/03\/00-trabajo-2.jpg\" alt=\"\"\/><figcaption>La venta ambulante es una de las expresiones de la informalidad laboral que domina numerosas calles de las grandes ciudades de la regi\u00f3n, como en este mercado al aire libre en Lima. Foto: Cortes\u00eda de Johnny Paredes<\/figcaption><\/figure>\n\n\n\n<h4 class=\"wp-block-heading\">Los rostros de las cifras<\/h4>\n\n\n\n<p>Paredes, de 46 a\u00f1os, dijo a IPS desde Lima que \u201cen casos como el m\u00edo resulta mejor, por la independencia de tener mi propio horario y encogerlo o alargarlo seg\u00fan como resulte la jornada, y porque en la calle gano al d\u00eda entre 25 y 35 d\u00f3lares, el doble de lo que me pagaban en los anteriores empleos\u201d.<\/p>\n\n\n\n<p>De la Teja, de 37 a\u00f1os, coincide y explica que en Ciudad de M\u00e9xico mantiene a su familia \u201ccon holgura, en alimentos y dem\u00e1s gastos del d\u00eda a d\u00eda, me ingresan m\u00e1s de 2000 d\u00f3lares al mes. Pero se hacen dif\u00edciles las cargas extras como seguros, o al pensar en viajar de vacaciones\u201d.<\/p>\n\n\n\n<p>Mart\u00ednez, a sus 50 a\u00f1os, madre de dos varones y tres hembras y ya con tres nietos, a\u00fan hace trabajos en el servicio dom\u00e9stico y de cuidados en las ma\u00f1anas y al mediod\u00eda, y luego va a \u201cDoris Burger\u201d, el quiosco familiar, al que atiende junto a su esposo y dos hijos.<\/p>\n\n\n\n<p>All\u00ed puede ganarse \u201cunos 30 o 35 d\u00f3lares de lunes a viernes, y hasta 50 el fin de semana. Mucho m\u00e1s que en los trabajos que he tenido ante un fog\u00f3n desde jovencita, y mejor tambi\u00e9n porque ingresa algo de plata para varios miembros de la familia\u201d.<\/p>\n\n\n\n<p>Distinta es la situaci\u00f3n de Wilmer Rosales, de 39 a\u00f1os, un \u201ctodero\u201d (sabe de varios oficios) en Barquisimeto, ciudad a 350 kil\u00f3metros al oeste de Caracas, para quien \u201caqu\u00ed en el interior (del pa\u00eds) no se consigue casi nada qu\u00e9 hacer y cuando hay, la paga es muy poca, dos, tres, o cinco d\u00f3lares por una jornada de trabajo, cuando mucho\u201d.<\/p>\n\n\n\n<figure class=\"wp-block-image\"><img decoding=\"async\" src=\"https:\/\/ipsnoticias.net\/wp-content\/uploads\/2022\/03\/00-trabajo-3.jpg\" alt=\"\"\/><figcaption>El reparto de comida y otros productos a domicilio se ha instalado como una fuente de trabajo informal en las ciudades latinoamericanas, en un sector impulsado por la pandemia de covid, que lleg\u00f3 para quedarse. Foto: OIT<\/figcaption><\/figure>\n\n\n\n<h4 class=\"wp-block-heading\">Recuperaci\u00f3n con menos empleo<\/h4>\n\n\n\n<p>La OIT mostr\u00f3 en su informe de febrero que el crecimiento econ\u00f3mico registrado en la regi\u00f3n en 2021, de 6,2 %, ha sido insuficiente para recuperar el mercado laboral, y la tasa regional de desocupaci\u00f3n se ubica en 9,6 %.<\/p>\n\n\n\n<p>De los 49 millones de puestos de trabajo que se perdieron en el peor momento de la crisis, en el segundo trimestre de 2020, a\u00fan faltan por recuperar 4,5 millones, en su inmensa mayor\u00eda correspondientes a mujeres. Y en total hay unos 28 millones de personas buscando trabajo.<\/p>\n\n\n\n<p>Tras el inicio de la pandemia, la crisis se manifest\u00f3 de manera at\u00edpica y en vez de afectar m\u00e1s a las ocupaciones formales hubo una p\u00e9rdida mayor de empleos informales, lo que dej\u00f3 a millones de personas sin ingresos.<\/p>\n\n\n\n<p>En Argentina, M\u00e9xico y Paraguay, por ejemplo, la reducci\u00f3n de los puestos informales dio cuenta de m\u00e1s de 75 % de la ca\u00edda del empleo total durante la primera mitad de 2020. En Costa Rica y Per\u00fa este valor fue algo menor, 70 %, mientras que en Brasil y Chile fue de alrededor de 50 %.<\/p>\n\n\n\n<p>La situaci\u00f3n se ha revertido, y los pa\u00edses con datos disponibles indican que entre 60 y 80 % de los empleos recuperados hasta el tercer trimestre de 2021 lo fueron en condiciones de informalidad.<\/p>\n\n\n\n<p>Entre los factores que favorecen la recuperaci\u00f3n informal est\u00e1 la destrucci\u00f3n de empleos por la pandemia, la mayor facilidad para interrumpir una relaci\u00f3n asalariada informal, su mayor incidencia en emprendimientos y empresas peque\u00f1as, como el caso de Mart\u00ednez, y la imposibilidad de muchos informales para hacer teletrabajo.<\/p>\n\n\n\n<p>Para las mujeres hay importantes rezagos en esta recuperaci\u00f3n, por su mayor presencia en sectores fuertemente afectados por la crisis y lentamente reanimados, como hoteler\u00eda y restaurantes. En sectores altamente feminizados, como el trabajo en el servicio dom\u00e9stico, la tasa de informalidad supera 80 %.<\/p>\n\n\n\n<p>La informalidad tampoco es benigna con los j\u00f3venes, que enfrentan una mayor intermitencia laboral, explicada en parte por las intensas entradas y salidas de la fuerza de trabajo; y la mayor inestabilidad laboral se asocia a su prevalencia en actividades informales, precarias, de baja calificaci\u00f3n.<\/p>\n\n\n\n<figure class=\"wp-block-image\"><img decoding=\"async\" src=\"https:\/\/ipsnoticias.net\/wp-content\/uploads\/2022\/03\/00-trabajo-5.jpg\" alt=\"\"\/><figcaption>El teletrabajo es una opci\u00f3n de trabajo informal que prosper\u00f3 durante la pandemia covid-19 en Am\u00e9rica Latina y un refugio laboral para las mujeres, especialmente perjudicadas por la abrupta ca\u00edda del empleo durante el confinamiento y el cierre de actividades no esenciales a comienzos de la crisis sanitaria. Foto: OIT<\/figcaption><\/figure>\n\n\n\n<h4 class=\"wp-block-heading\">No dejar a nadie atr\u00e1s, especialmente a ellas<\/h4>\n\n\n\n<p>Con ese panorama, la informalidad representa un desaf\u00edo a la necesidad y propuestas en la regi\u00f3n para producir, al paso de la pandemia y como modo de superarla, una recuperaci\u00f3n sostenible e inclusiva, \u201csin dejar a nadie atr\u00e1s\u201d, como reza el mantra ya incrustado en el discurso de diversos organismos internacionales.<\/p>\n\n\n\n<p>Maurizio apuesta claramente por la formalizaci\u00f3n del empleo. \u201cHoy m\u00e1s que nunca se requiere que la recuperaci\u00f3n est\u00e9 centrada en las personas; en particular, en la creaci\u00f3n de m\u00e1s y mejores empleos, empleos formales\u201d, expuso.<\/p>\n\n\n\n<p>La informalidad \u201ccontin\u00faa siendo una de las caracter\u00edsticas m\u00e1s importantes de los mercados de trabajo de la regi\u00f3n. La recuperaci\u00f3n econ\u00f3mica y social no ser\u00e1 posible si no se avanza de manera significativa en la reducci\u00f3n de su incidencia\u201d, destac\u00f3 la especialista de la OIT.<\/p>\n\n\n\n<p>Una condici\u00f3n necesaria es \u201cavanzar en un proceso de crecimiento econ\u00f3mico con estabilidad, reconstrucci\u00f3n del aparato productivo y mejoras persistentes en la productividad\u201d.<\/p>\n\n\n\n<p>Debe haber, seg\u00fan la experta, \u201cun foco particular en la transici\u00f3n digital y los j\u00f3venes; fortalecimiento de las instituciones de trabajo como, por ejemplo, el salario m\u00ednimo; pol\u00edticas de cuidado que permitan a las mujeres retornar y permanecer en el mercado de trabajo; y apoyo a las peque\u00f1as y medianas empresas\u201d.<\/p>\n\n\n\n<p>Asimismo, abog\u00f3 por que se ampl\u00eden los seguros por desempleo, y pol\u00edticas de protecci\u00f3n social y \u201cgarant\u00edas de ingresos para la poblaci\u00f3n que contin\u00faa siendo fuertemente afectada por la crisis\u201d.<\/p>\n\n\n\n<p>La perspectiva de g\u00e9nero adquiere \u201cuna relevancia central en la recuperaci\u00f3n, teniendo en cuenta que de los 4,5 millones de puestos de trabajo que faltan por recuperar, 4,2 millones corresponden a ocupaciones femeninas\u201d.<\/p>\n\n\n\n<p>Se requiere, entre otras medidas, \u201cfacilitar el regreso de las mujeres al mercado de trabajo de la mano de una pol\u00edtica de inversi\u00f3n en servicios de cuidados integral y de mayor cobertura, que a la vez sea una fuente de empleo formal. Asimismo, apuntalar la recuperaci\u00f3n de los sectores econ\u00f3micos con alta presencia femenina\u201d.<\/p>\n\n\n\n<figure class=\"wp-block-image\"><img decoding=\"async\" src=\"https:\/\/ipsnoticias.net\/wp-content\/uploads\/2022\/03\/00-trabajo-4.jpg\" alt=\"\"\/><figcaption>La precariedad en las condiciones de trabajo ha sido una caracter\u00edstica de la informalidad asociada a la pobreza en Am\u00e9rica Latina: Foto Marcello Casal \/Agencia Brasil<\/figcaption><\/figure>\n\n\n\n<p><strong>Sindicatos para nueva clase trabajadora<\/strong><\/p>\n\n\n\n<p>Desde el mundo sindical, el brasile\u00f1o Rafael Freire, secretario general de la&nbsp;<a href=\"https:\/\/csa-csi.org\/\">Confederaci\u00f3n Sindical de Trabajadores y Trabajadoras de las Am\u00e9ricas<\/a>&nbsp;(CSA), agreg\u00f3 el reto de \u201ctener un sindicato para la actual clase trabajadora, que en buena parte es precarizada, tercerizada, trabajando desde aplicaciones\u201d.<\/p>\n\n\n\n<p>Esa fuerza de trabajo, \u201csin contrato laboral y que cada vez m\u00e1s hace parte del sector informal, lo es en grandes proporciones, por ejemplo 70 % en Honduras y 80 % en Guatemala\u201d, dijo el l\u00edder del conglomerado sindical con 55 millones de afiliados desde su sede en Montevideo.<\/p>\n\n\n\n<p>La informalidad, estructural en el panorama social y laboral latinoamericano, es una pesada losa para el despegue econ\u00f3mico y la justicia social en la regi\u00f3n, y mientras los gobiernos formulan estrategias, definen pol\u00edticas y toman medias, millones de ocupados informales abren el paraguas de la resiliencia para \u201cresolver\u201d su pan de cada d\u00eda.<\/p>\n\n\n\n<p><em>ED: EG<\/em><\/p>\n","protected":false},"excerpt":{"rendered":"<p>Humberto M\u00e1rquez Fuente: Rebeli\u00f3n Doris Mart\u00ednez fue cocinera en un restaurante de Venezuela que cerr\u00f3 sus puertas; migr\u00f3 a Colombia, enferm\u00f3 de tanto trabajar de pie ante un fog\u00f3n, y regres\u00f3 a su pa\u00eds donde, junto a su esposo e hijos, administra un concurrido quiosco de comida r\u00e1pida en una carretera de los Valles del [&hellip;]<\/p>\n","protected":false},"author":1,"featured_media":1546,"comment_status":"open","ping_status":"open","sticky":false,"template":"","format":"standard","meta":{"footnotes":""},"categories":[5,3],"tags":[],"_links":{"self":[{"href":"http:\/\/www.movimientocaamanista.com\/index.php?rest_route=\/wp\/v2\/posts\/6220"}],"collection":[{"href":"http:\/\/www.movimientocaamanista.com\/index.php?rest_route=\/wp\/v2\/posts"}],"about":[{"href":"http:\/\/www.movimientocaamanista.com\/index.php?rest_route=\/wp\/v2\/types\/post"}],"author":[{"embeddable":true,"href":"http:\/\/www.movimientocaamanista.com\/index.php?rest_route=\/wp\/v2\/users\/1"}],"replies":[{"embeddable":true,"href":"http:\/\/www.movimientocaamanista.com\/index.php?rest_route=%2Fwp%2Fv2%2Fcomments&post=6220"}],"version-history":[{"count":1,"href":"http:\/\/www.movimientocaamanista.com\/index.php?rest_route=\/wp\/v2\/posts\/6220\/revisions"}],"predecessor-version":[{"id":6221,"href":"http:\/\/www.movimientocaamanista.com\/index.php?rest_route=\/wp\/v2\/posts\/6220\/revisions\/6221"}],"wp:featuredmedia":[{"embeddable":true,"href":"http:\/\/www.movimientocaamanista.com\/index.php?rest_route=\/wp\/v2\/media\/1546"}],"wp:attachment":[{"href":"http:\/\/www.movimientocaamanista.com\/index.php?rest_route=%2Fwp%2Fv2%2Fmedia&parent=6220"}],"wp:term":[{"taxonomy":"category","embeddable":true,"href":"http:\/\/www.movimientocaamanista.com\/index.php?rest_route=%2Fwp%2Fv2%2Fcategories&post=6220"},{"taxonomy":"post_tag","embeddable":true,"href":"http:\/\/www.movimientocaamanista.com\/index.php?rest_route=%2Fwp%2Fv2%2Ftags&post=6220"}],"curies":[{"name":"wp","href":"https:\/\/api.w.org\/{rel}","templated":true}]}}