{"id":628,"date":"2019-10-29T18:18:47","date_gmt":"2019-10-29T18:18:47","guid":{"rendered":"http:\/\/www.movimientocaamanista.com\/?p=628"},"modified":"2019-10-31T11:04:01","modified_gmt":"2019-10-31T11:04:01","slug":"cuatro-claves-para-entender-la-bolivia-de-evo-2019-2025","status":"publish","type":"post","link":"http:\/\/www.movimientocaamanista.com\/?p=628","title":{"rendered":"Cuatro claves para entender la Bolivia de Evo 2019-2025"},"content":{"rendered":"\n<p>Katu Arkonada<\/p>\n\n\n\n<p>Rebeli\u00f3n<\/p>\n\n\n\n<p>\u00bfC\u00f3mo es posible que en el pa\u00eds con mayor crecimiento de la regi\u00f3n se\n ponga en duda la continuidad del presidente responsable de su \nestabilidad pol\u00edtica y econ\u00f3mica? <\/p>\n\n\n\n<p> Para responder a esta pregunta vamos a intentar ensayar no una, sino varias respuestas. <\/p>\n\n\n\n<p><strong> Proceso electoral. <\/strong>\n Aunque se ha explicado varias veces desde el domingo de las elecciones,\n no ha habido ninguna manipulaci\u00f3n de los resultados. De hecho, ning\u00fan \nl\u00edder o partido opositor en Bolivia ha presentado ni una sola prueba de \nfraude, y las actas escaneadas de cada mesa electoral, donde hab\u00eda \nfiscalizaci\u00f3n de cada partido pol\u00edtico, se pueden consultar en l\u00ednea en \nla web del \u00d3rgano Electoral Plurinacional (OEP). <\/p>\n\n\n\n<p> Lo que s\u00ed hubo\n es una muy mala gesti\u00f3n de los resultados. En primer lugar, por parte \ndel OEP, que par\u00f3 la Transmisi\u00f3n de Resultados Electorales Preliminares \n(TREP)en el 83% una vez que empez\u00f3 a cargar las actas del c\u00f3mputo \noficial de resultados. <\/p>\n\n\n\n<p> Pero tambi\u00e9n hubo una p\u00e9sima gesti\u00f3n \ncomunicativa del gobierno boliviano cuando la oposici\u00f3n interna y \nexterna comenzaron a hacer su trabajo cuestionando los resultados y no \nsupo dar una explicaci\u00f3n clara y certera de lo que estaba sucediendo, \nallanando el camino para que la OEA y las trasnacionales de la \ninformaci\u00f3n (con Jorge Ramos a la cabeza), que no han cuestionado al \ngobierno de Pi\u00f1era por imponer una dictadura violenta y sangrienta en \nChile, pudieran sembrar la duda en la opini\u00f3n p\u00fablica internacional. De \nhecho, la mala gesti\u00f3n comunicativa es solo la culminaci\u00f3n de un 2019, y\n especialmente de una campa\u00f1a electoral, donde no se logr\u00f3 comunicar \nnunca para qu\u00e9 se quer\u00eda la reelecci\u00f3n de Evo. <\/p>\n\n\n\n<p><strong> Mesa y Chi. <\/strong>\n Estos dos factores tambi\u00e9n son importantes para entender los \nresultados. En principio parece dif\u00edcil de entender como el \nvicepresidente de Gonzalo S\u00e1nchez de Lozada y presidente m\u00e1s timorato de\n la historia, un candidato sin estructura pol\u00edtica, haya podido alcanzar\n en 2019 un 36% de los votos y casi forzar una segunda vuelta que con \ntoda seguridad le hubiese convertido en presidente. Tambi\u00e9n parece \ndif\u00edcil de entender como Chi Hyun Chung, un pastor evang\u00e9lico \ndesconocido y con un discurso hom\u00f3fobo y mis\u00f3gino, haya podido quedar \ntercero alcanzando m\u00e1s de medio mill\u00f3n de votos (8\u201978%). <\/p>\n\n\n\n<p> La \nrespuesta es m\u00e1s sencilla de lo que parece, y es que una parte \nimportante de la ciudadan\u00eda no ha votado por Mesa, sino contra Evo, aun \nsi el candidato opositor no les convenc\u00eda. A su vez Chi ha acumulado el \nvoto duro m\u00e1s reaccionario, doblando el porcentaje obtenido por Oscar \nOrtiz, representante de la derecha cruce\u00f1a, que qued\u00f3 en cuarto lugar. <\/p>\n\n\n\n<p>\n Eso s\u00ed, es importante mencionar que la suma de Mesa, centro-derecha, \nOrtiz, derecha, y Chi, ultraderecha, suma el 49\u201953% de los votos. Si le \nsumamos el resto de opciones electorales de derecha que sacaron \nporcentajes peque\u00f1os, la suma supera ampliamente la mayor\u00eda de votos. <\/p>\n\n\n\n<p>\n Podemos concluir por tanto que Evo Morales ha ganado las elecciones en \nprimera vuelta m\u00e1s por dem\u00e9ritos de la oposici\u00f3n, que no fue capaz de \nunirse ni de construir ni un candidato ni una alternativa electoral \ns\u00f3lida, que por m\u00e9ritos del oficialismo. De hecho, es necesario \nreflexionar la p\u00e9rdida progresiva del voto que va m\u00e1s all\u00e1 del n\u00facleo \nduro del MAS-IPSP, voto que en 2005 fue del 51%, en 2009 del 64% y en \n2014 del 61%, bajando al 49% en el refer\u00e9ndum de 2016 y al 46% en 2019. <\/p>\n\n\n\n<p><strong> Factor Evo. <\/strong>\n Es claro que Evo Morales sigue siendo un l\u00edder que interpela a una \namplia mayor\u00eda social en Bolivia, pero que ha ido perdiendo la confianza\n de las clases medias urbanas, en un pa\u00eds que parad\u00f3jicamente se ha ido \ndesplazando de rural a urbano en la medida en que se sacaba de la \npobreza a casi 3 millones de personas (la extrema pobreza pas\u00f3 del 38\u20194%\n en 2005 a menos del 15% actual). Pero se construyeron millones de \nconsumidores sin politizar (o m\u00e1s bien, politizados por los medios de \ncomunicaci\u00f3n) que han estado a punto de ser los verdugos del proceso de \ncambio boliviano, de manera similar a lo sucedido en Argentina en 2015. <\/p>\n\n\n\n<p><strong> 2019-2025. <\/strong>\n En 2025Bolivia festeja su 200 aniversario de la independencia \nrepublicana que encabez\u00f3, dando su nombre al pa\u00eds, el Libertador Sim\u00f3n \nBol\u00edvar. Esta segunda y definitiva independencia, y probablemente el \ncierre de un ciclo constituyente que comenz\u00f3 antes de la victoria de Evo\n en 2005 (m\u00e1s bien all\u00e1 por los 90s con las marchas ind\u00edgenas en defensa\n de la tierra, el territorio, y la soberan\u00eda sobre los recursos \nnaturales), se presenta como el momento m\u00e1s complicado para un gobierno \nque reinicia en enero 2020 con el nivel de deslegitimaci\u00f3n m\u00e1s alto de \nsus 14 a\u00f1os de historia. <\/p>\n\n\n\n<p> Y si ya en febrero de 2016 la \nciudadan\u00eda no entendi\u00f3 (no se le explic\u00f3 en realidad) la necesidad de un\n refer\u00e9ndum, toca ahora hacer pedagog\u00eda de la necesidad de terminar lo \nque se empez\u00f3. De la necesidad de profundizar el proceso de cambio y \napretar el acelerador de la revoluci\u00f3n en salud y justicia, los grandes \npendientes del proceso. Asimismo, solo una verdadera revoluci\u00f3n \ncultural, que impulse la formaci\u00f3n pol\u00edtica y la memoria historia, ser\u00e1n\n garant\u00eda de defensa de lo conquistado. Pero para ello, y como la gente \nno come ideolog\u00eda, es necesario cuidar m\u00e1s que nunca la estabilidad econ\u00f3mica y la redistribuci\u00f3n de la riqueza. <\/p>\n\n\n\n<p>\n Y todo ello, ante los cantos de sirena de quienes quieren bajar \nbanderas y construir un proceso light para las clases medias cl\u00e1sicas, \napostando por hacer palanca en tu n\u00facleo duro, aquel que, cuando las \ncosas se ponen complicadas, nunca te abandona. <\/p>\n","protected":false},"excerpt":{"rendered":"<p>Katu Arkonada Rebeli\u00f3n \u00bfC\u00f3mo es posible que en el pa\u00eds con mayor crecimiento de la regi\u00f3n se ponga en duda la continuidad del presidente responsable de su estabilidad pol\u00edtica y econ\u00f3mica? Para responder a esta pregunta vamos a intentar ensayar no una, sino varias respuestas. Proceso electoral. Aunque se ha explicado varias veces desde el [&hellip;]<\/p>\n","protected":false},"author":1,"featured_media":629,"comment_status":"open","ping_status":"open","sticky":false,"template":"","format":"standard","meta":{"footnotes":""},"categories":[5,3],"tags":[],"_links":{"self":[{"href":"http:\/\/www.movimientocaamanista.com\/index.php?rest_route=\/wp\/v2\/posts\/628"}],"collection":[{"href":"http:\/\/www.movimientocaamanista.com\/index.php?rest_route=\/wp\/v2\/posts"}],"about":[{"href":"http:\/\/www.movimientocaamanista.com\/index.php?rest_route=\/wp\/v2\/types\/post"}],"author":[{"embeddable":true,"href":"http:\/\/www.movimientocaamanista.com\/index.php?rest_route=\/wp\/v2\/users\/1"}],"replies":[{"embeddable":true,"href":"http:\/\/www.movimientocaamanista.com\/index.php?rest_route=%2Fwp%2Fv2%2Fcomments&post=628"}],"version-history":[{"count":1,"href":"http:\/\/www.movimientocaamanista.com\/index.php?rest_route=\/wp\/v2\/posts\/628\/revisions"}],"predecessor-version":[{"id":630,"href":"http:\/\/www.movimientocaamanista.com\/index.php?rest_route=\/wp\/v2\/posts\/628\/revisions\/630"}],"wp:featuredmedia":[{"embeddable":true,"href":"http:\/\/www.movimientocaamanista.com\/index.php?rest_route=\/wp\/v2\/media\/629"}],"wp:attachment":[{"href":"http:\/\/www.movimientocaamanista.com\/index.php?rest_route=%2Fwp%2Fv2%2Fmedia&parent=628"}],"wp:term":[{"taxonomy":"category","embeddable":true,"href":"http:\/\/www.movimientocaamanista.com\/index.php?rest_route=%2Fwp%2Fv2%2Fcategories&post=628"},{"taxonomy":"post_tag","embeddable":true,"href":"http:\/\/www.movimientocaamanista.com\/index.php?rest_route=%2Fwp%2Fv2%2Ftags&post=628"}],"curies":[{"name":"wp","href":"https:\/\/api.w.org\/{rel}","templated":true}]}}