{"id":6297,"date":"2022-04-14T01:10:16","date_gmt":"2022-04-14T01:10:16","guid":{"rendered":"http:\/\/www.movimientocaamanista.com\/?p=6297"},"modified":"2022-04-14T01:10:17","modified_gmt":"2022-04-14T01:10:17","slug":"homo-omnis-una-nueva-criatura","status":"publish","type":"post","link":"http:\/\/www.movimientocaamanista.com\/?p=6297","title":{"rendered":"Homo omnis, una nueva criatura"},"content":{"rendered":"\n<p>Salvador L\u00f3pez Arnal<\/p>\n\n\n\n<p>Fuente: <a href=\"https:\/\/rebelion.org\/homo-omnis-una-nueva-criatura\/\">Rebeli\u00f3n<\/a><\/p>\n\n\n\n<p>Es posible que consideren excesivamente simples -o necesarias de muchos matices- algunas afirmaciones de la autora, de Gaia (nombre m\u00e1s que oportuno: \u201cescritora interesada en la interacci\u00f3n entre los humanos y el entorno planetario\u201d) Vince: \u201cAunque algunas de las hambrunas del siglo XX las causaron unos pol\u00edticos que defend\u00edan dogmas anticient\u00edficos\u201d, \u201cLos humanos ahora vivimos m\u00e1s y mejor que nunca\u201d, \u201cnos hemos desviado de la senda evolutiva seguida por todos los dem\u00e1s animales y ahora mismo estamos a punto de convertirnos en algo m\u00e1s grande y m\u00e1s maravilloso\u201d, \u201cTodav\u00eda nos peleamos, pero la proporci\u00f3n de la poblaci\u00f3n que muere en una guerra se ha reducido\u201d, \u201cHomni hace que las guerras globales sean menor probables, en parte debido a la amenaza nuclear\u201d, \u201cla cultura acumulativa humana aumenta en complejidad y diversidad a lo largo de las generaciones para gobernar soluciones cada vez m\u00e1s eficientes a los desaf\u00edos de la vida\u201d, \u201cHoy tenemos el suministro de comida m\u00e1s r\u00e1pido, abundante y asequible de toda la historia humana\u201d, o que les sorprenda que Vince, tras citar un pasaje del&nbsp;<em>Fedro<\/em>, escriba: \u201cescrito por Plat\u00f3n (un disc\u00edpulo de S\u00f3crates)\u201d. Pelillos a la mar, sin importancia.&nbsp;<em>Trascendencia<\/em>&nbsp;es un excelente (y muy erudito y actualizado) libro de divulgaci\u00f3n cient\u00edfica seria, otro m\u00e1s de esta biblioteca imprescindible dirigida por Josep Sarret Grau, traductor del ensayo.<\/p>\n\n\n\n<p><em>Trascendencia.<\/em>&nbsp;<em>La evoluci\u00f3n humana mediante el fuego, el lenguaje, la belleza y el tiempo&nbsp;<\/em>(estructurado en cinco apartados -G\u00e9nesis, Fuego, Palabra, Belleza y Tiempo- y catorce cap\u00edtulos: 1. Concepci\u00f3n 2. Nacimiento. 3. Paisajismo. 4. Construyendo el cerebro\u2026) es, en palabras de la autora, la notable historia de una evoluci\u00f3n de le ha cautivado completamente. Todo se basa, sostiene, en una relaci\u00f3n especial entre la evoluci\u00f3n de nuestros genes, entorno y cultura (lo que llama la \u201ctr\u00edada evolutiva humana\u201d). Esta tr\u00edada, que se refuerza mutuamente y contribuye por igual, crea nuestra extraordinaria naturaleza, \u201cuna especie cuyos miembros poseen la habilidad no solo de ser simplemente objetos de un cosmos transformativo, sino tambi\u00e9n la de ser agentes de su propia transformaci\u00f3n\u201d (\u00a1Casi la XI tesis sobre Feuerbach naturalizada!).<\/p>\n\n\n\n<p>Algunas, pocas, de las consideraciones centrales que Vince (que ha formado parte de la redacci\u00f3n de&nbsp;<em>Nature&nbsp;<\/em>y<em>&nbsp;New Scientist,&nbsp;<\/em>y colaborado en&nbsp;<em>Scientific American<\/em>) presenta y desarrolla en el libro:<\/p>\n\n\n\n<p>1. Toda vida se forma a partir de la materia del universo, y nosotros los humanos somos fundamentalmente un microcosmos del gran cosmos. \u201cEl agua que circula por los r\u00edos de nuestro planeta, igual que la sangre que circula por las venas y arterias de nuestro cuerpo, tiene su origen en los cometas\u201d.<\/p>\n\n\n\n<p>2. La cultura humana (informaci\u00f3n aprendida expresada en nuestras herramientas, tecnolog\u00edas y comportamientos) se basa en nuestra capacidad de aprende otros y en la expresar nosotros mismos este conocimiento. No somos, se\u00f1ala Vince, la \u00fanica especie que ha desarrollado una cultura, \u201cpero la nuestra es mucho m\u00e1s flexible: es acumulativa y evoluciona\u201d. Es nuestra cultura colectiva, m\u00e1s que nuestra inteligencia individual, lo que nos hace inteligentes.<\/p>\n\n\n\n<p>3. La extraordinaria evoluci\u00f3n de nuestra especie ha sido impulsada por cuatro factores-motores clave: Fuego, Palabra, Belleza y Tiempo. El Tiempo, por ejemplo, pone el acento en nuestra b\u00fasqueda \u201cde explicaciones racionales y objetivas de los procesos naturales\u201d.<\/p>\n\n\n\n<p>4. Vince es marcadamente optimista en el \u00e1mbito gnoseol\u00f3gico: el encuentro entre las ciencias naturales y las ciencias sociales est\u00e1 empezando a resolver la paradoja central de por qu\u00e9 somos biol\u00f3gicamente tan similares y comportamentalmente tan diferentes.<\/p>\n\n\n\n<p>Nos encontramos actualmente a las puertas de algo realmente excepcional, sostiene: \u201cla interrelaci\u00f3n del entorno, la biolog\u00eda y la cultura humana est\u00e1 creando una nueva criatura a partir de nuestra hipercooperativa masa de humanidad\u201d. Nos estamos convirtiendo en un superorganismo trascendental, el&nbsp;<em>Homo omnis<\/em>, o simplemente&nbsp;<em>Homni<\/em>&nbsp;(una masa humana hipercooperativa). Para Vince, solo reconociendo y compartiendo nuestra humanidad compartida en nuestro \u00fanico planeta viviente conseguiremos un Antropoceno bueno y amable.<\/p>\n\n\n\n<p>Enlace relacionado:\u00a0<a href=\"https:\/\/www.buridan.es\/catalogo\/3428-transcendencia.html\">https:\/\/www.buridan.es\/catalogo\/3428-transcendencia.html<\/a><\/p>\n\n\n\n<figure class=\"wp-block-embed-youtube wp-block-embed is-type-video is-provider-youtube wp-embed-aspect-16-9 wp-has-aspect-ratio\"><div class=\"wp-block-embed__wrapper\">\n<iframe loading=\"lazy\" title=\"Biblioteca Burid\u00e1n | Gaia Vince presenta su libro &quot;Trascendencia&quot;\" width=\"640\" height=\"360\" src=\"https:\/\/www.youtube.com\/embed\/l7T1dpSKhzk?feature=oembed\" frameborder=\"0\" allow=\"accelerometer; autoplay; clipboard-write; encrypted-media; gyroscope; picture-in-picture\" allowfullscreen><\/iframe>\n<\/div><figcaption>V\u00eddeo de presentaci\u00f3n de la autora. Cr\u00e9ditos: Biblioteca Burid\u00e1n<\/figcaption><\/figure>\n","protected":false},"excerpt":{"rendered":"<p>Salvador L\u00f3pez Arnal Fuente: Rebeli\u00f3n Es posible que consideren excesivamente simples -o necesarias de muchos matices- algunas afirmaciones de la autora, de Gaia (nombre m\u00e1s que oportuno: \u201cescritora interesada en la interacci\u00f3n entre los humanos y el entorno planetario\u201d) Vince: \u201cAunque algunas de las hambrunas del siglo XX las causaron unos pol\u00edticos que defend\u00edan dogmas [&hellip;]<\/p>\n","protected":false},"author":1,"featured_media":6298,"comment_status":"open","ping_status":"open","sticky":false,"template":"","format":"standard","meta":{"footnotes":""},"categories":[4],"tags":[],"_links":{"self":[{"href":"http:\/\/www.movimientocaamanista.com\/index.php?rest_route=\/wp\/v2\/posts\/6297"}],"collection":[{"href":"http:\/\/www.movimientocaamanista.com\/index.php?rest_route=\/wp\/v2\/posts"}],"about":[{"href":"http:\/\/www.movimientocaamanista.com\/index.php?rest_route=\/wp\/v2\/types\/post"}],"author":[{"embeddable":true,"href":"http:\/\/www.movimientocaamanista.com\/index.php?rest_route=\/wp\/v2\/users\/1"}],"replies":[{"embeddable":true,"href":"http:\/\/www.movimientocaamanista.com\/index.php?rest_route=%2Fwp%2Fv2%2Fcomments&post=6297"}],"version-history":[{"count":1,"href":"http:\/\/www.movimientocaamanista.com\/index.php?rest_route=\/wp\/v2\/posts\/6297\/revisions"}],"predecessor-version":[{"id":6299,"href":"http:\/\/www.movimientocaamanista.com\/index.php?rest_route=\/wp\/v2\/posts\/6297\/revisions\/6299"}],"wp:featuredmedia":[{"embeddable":true,"href":"http:\/\/www.movimientocaamanista.com\/index.php?rest_route=\/wp\/v2\/media\/6298"}],"wp:attachment":[{"href":"http:\/\/www.movimientocaamanista.com\/index.php?rest_route=%2Fwp%2Fv2%2Fmedia&parent=6297"}],"wp:term":[{"taxonomy":"category","embeddable":true,"href":"http:\/\/www.movimientocaamanista.com\/index.php?rest_route=%2Fwp%2Fv2%2Fcategories&post=6297"},{"taxonomy":"post_tag","embeddable":true,"href":"http:\/\/www.movimientocaamanista.com\/index.php?rest_route=%2Fwp%2Fv2%2Ftags&post=6297"}],"curies":[{"name":"wp","href":"https:\/\/api.w.org\/{rel}","templated":true}]}}