{"id":6323,"date":"2022-04-16T11:41:16","date_gmt":"2022-04-16T11:41:16","guid":{"rendered":"http:\/\/www.movimientocaamanista.com\/?p=6323"},"modified":"2022-04-16T11:41:18","modified_gmt":"2022-04-16T11:41:18","slug":"inflacion-mataran-al-enfermo-para-bajarle-la-fiebre","status":"publish","type":"post","link":"http:\/\/www.movimientocaamanista.com\/?p=6323","title":{"rendered":"Inflaci\u00f3n, \u00bfmatar\u00e1n al enfermo para bajarle la fiebre?"},"content":{"rendered":"\n<p>Juan Torres L\u00f3pez<\/p>\n\n\n\n<p>Fuente: <a href=\"https:\/\/rebelion.org\/inflacion-mataran-al-enfermo-para-bajarle-la-fiebre\/\">Rebeli\u00f3n<\/a><\/p>\n\n\n\n<p>\u00abCuando vieres que en alguna batalla me han partido por medio del cuerpo, como muchas veces suele acontecer (\u2026) me dar\u00e1s a beber solos dos tragos del b\u00e1lsamo que he dicho, y ver\u00e1sme quedar m\u00e1s sano que una manzana\u00bb. (Miguel de Cervantes. El Ingenioso Hidalgo Don Quijote de la Mancha).<\/p>\n\n\n\n<p>Igual que Don Quijote cre\u00eda que bastaban un par de tragos de b\u00e1lsamo de Fierabr\u00e1s para que las dos partes de su cuerpo seccionado volvieran a unirse sanas y salvas, los bancos centrales y muchos economistas creen que la inflaci\u00f3n que estamos sufriendo se puede combatir con el simple b\u00e1lsamo de la subida de tipos de inter\u00e9s. Otra tremenda ingenuidad.<\/p>\n\n\n\n<p>La concepci\u00f3n de la inflaci\u00f3n que gu\u00eda la actuaci\u00f3n de los bancos centrales se basa en considerarla como un fen\u00f3meno monetario producido porque existe exceso de demanda de dinero como consecuencia de que hay m\u00e1s demanda de bienes y servicios que oferta. En consecuencia, para frenar la subida de los precios bastar\u00eda con restringir la disponibilidad de medios de pago, algo relativamente f\u00e1cil de conseguir subiendo su precio, los tipos de inter\u00e9s. Al hacerlo, se hace m\u00e1s caro disponer de dinero y as\u00ed bajan el consumo de los hogares y la inversi\u00f3n.<\/p>\n\n\n\n<p>Este an\u00e1lisis no ha sido acertado nunca pero en estos momentos es todav\u00eda m\u00e1s errado.<\/p>\n\n\n\n<p>Como escrib\u00ed hace unas semanas en este mismo diario (<a href=\"https:\/\/blogs.publico.es\/juantorres\/2022\/03\/10\/mienten-la-invasion-de-ucrania-es-criminal-pero-no-la-causa-de-la-inflacion\/\">aqu\u00ed<\/a>) las subidas de precios que estamos viviendo no se deben tan solo a una presi\u00f3n de la demanda, ni a la invasi\u00f3n de Ucrania (en junio de 2021 ya escrib\u00ed un art\u00edculo titulado&nbsp;<a href=\"https:\/\/juantorreslopez.com\/inflacion-mataran-al-enfermo-para-bajarle-la-fiebre\/El%20verdadero%20peligro%20de%20la%20inflacio%CC%81n%20que%20se%20avecina\"><em>El verdadero peligro de la inflaci\u00f3n que se avecina<\/em><\/a><em>)<\/em>. Tiene tambi\u00e9n otras causas a\u00f1adidas y previas relacionadas con los costes y otros factores estructurales que, adem\u00e1s, est\u00e1n presentes de modo bastante heterog\u00e9neo entre las diferentes actividades y sectores econ\u00f3micos.<\/p>\n\n\n\n<p>Siendo as\u00ed, aplicar una medida como la subida de tipos de inter\u00e9s, que no discrimina ni atiende a la diferente situaci\u00f3n en que se encuentra cada \u00e1mbito de la vida econ\u00f3mica, no es solo in\u00fatil sino tambi\u00e9n contraproducente. Es, posiblemente, el peor de los diez errores que he se\u00f1alado (<a href=\"https:\/\/juantorreslopez.com\/diez-errores-que-impedirian-frenar-la-inflacion-actual\/\">aqu\u00ed<\/a>) que impedir\u00edan combatirla con \u00e9xito en las presentes circunstancias.<\/p>\n\n\n\n<p>Las razones son bastante f\u00e1ciles de entender.<\/p>\n\n\n\n<p>Como he dicho, la subida de tipos de inter\u00e9s encarece la disposici\u00f3n de dinero para el gasto. Pero lo hace tanto si se trata de gasto corriente para compra de bienes de consumo como de gasto en inversi\u00f3n y en todos los rincones de la vida econ\u00f3mica sin excepci\u00f3n.<\/p>\n\n\n\n<p>En los casos en que haya exceso de demanda de bienes frente a una oferta que ha alcanzado toda su capacidad productiva potencial, se podr\u00eda reducir la presi\u00f3n de los precios subiendo los tipos, es decir, restringiendo el acceso al dinero con el que gastar (si, adem\u00e1s, se dieran otras circunstancias que no puedo se\u00f1alar aqu\u00ed). Pero sabemos a ciencia cierta que las econom\u00edas no han alcanzado hoy d\u00eda ese nivel de m\u00e1xima capacidad. Si acaso, se produce exceso de demanda en algunos \u00e1mbitos pero no, desde luego, con car\u00e1cter general. Por tanto, subir los tipos y reducir el gasto indiscriminadamente hundir\u00e1 las ventas en todos los mercados y deprimir\u00eda la producci\u00f3n y el empleo, frustrando la ya de por s\u00ed t\u00edmida recuperaci\u00f3n tras la crisis de la pandemia.<\/p>\n\n\n\n<p>Sabemos, por el contrario, que lo que est\u00e1 ocurriendo desde hace meses es que una buena parte de la oferta no llega a los mercados o que llega de fuentes que la encarecen excepcional o incluso innecesariamente. En esta situaci\u00f3n, lo que se necesita son desbloqueo y alternativas de suministro que requieren inversiones adicionales, cuantiosas y urgentes, de modo que una subida de tipos de inter\u00e9s, en lugar de aliviar el problema de oferta, lo reforzar\u00e1 al encarecerlas.<\/p>\n\n\n\n<p>Adem\u00e1s, desincentivar la inversi\u00f3n es justo lo peor que se puede hacer cuando la diversificaci\u00f3n productiva, la incorporaci\u00f3n de nuevas tecnolog\u00edas, el desarrollo de nuevas fuentes de energ\u00eda, o lograr incrementos de productividad son m\u00e1s necesarios que nunca ante los cambios productivos y las transiciones que nos hab\u00edan dicho -con raz\u00f3n- que es imprescindible abordar en los pr\u00f3ximos a\u00f1os.<\/p>\n\n\n\n<p>Por otro lado, hay que tener en cuenta algo elemental que no parece que se est\u00e9 considerando. Como se\u00f1al\u00f3 hace unos d\u00edas el director de investigaci\u00f3n y estudios del banco franc\u00e9s Natixis (<a href=\"https:\/\/www.research.natixis.com\/Site\/en\/publication\/k8yRoAZWPxIoHN4U5gFYseeJlgi9qtX1afgsNsAlwm8%3D?from=email\">aqu\u00ed<\/a>), para que los tipos de inter\u00e9s pudieran doblegar la subida de precios deber\u00edan situarse por encima del nivel de inflaci\u00f3n. Al paso que vamos, los tipos tendr\u00edan que situarse a finales de a\u00f1o posiblemente por encima del 10%. No hace falta saber mucha econom\u00eda para entender que, dado el nivel de deuda p\u00fablica y privada actual, esa medida supondr\u00eda una factura de intereses estratosf\u00e9rica que sin remedio producir\u00eda la quiebra de miles de empresas, la ruina de los hogares y la paralizaci\u00f3n de las administraciones p\u00fablicas. No una nueva recesi\u00f3n, sino un aut\u00e9ntico cataclismo econ\u00f3mico y financiero. Quien la lleve a cabo actuar\u00eda como un m\u00e9dico que mata al enfermo para bajarle la fiebre y terminar\u00eda como el cirujano que al salir del quir\u00f3fano dec\u00eda: \u00abla operaci\u00f3n ha sido un completo \u00e9xito. Qu\u00e9 pena que el paciente haya muerto\u00bb.<\/p>\n\n\n\n<p>Y todo eso, quiz\u00e1 para nada, pues algunos modelos econom\u00e9tricos muestran que, cuando el nivel de deuda de las empresas es muy elevado, como ahora, las subidas de los tipos de inter\u00e9s no solo pueden no reducir los precios sino hacer que suban todav\u00eda m\u00e1s (<a href=\"https:\/\/voxeu.org\/article\/corporate-legacy-debt-inflation-and-efficacy-monetary-policy\">aqu\u00ed)<\/a>.<\/p>\n\n\n\n<p>En fin, quienes crean que la subida de tipos de inter\u00e9s es la respuesta adecuada a la inflaci\u00f3n actual son tan ingenuos como el viejo hidalgo de La Mancha.<\/p>\n\n\n\n<p>Para combatir las alzas de precios que estamos sufriendo en los \u00faltimos meses y las que vendr\u00e1n es imprescindible una respuesta de mosaico, la utilizaci\u00f3n de una gama variada de estrategias y pol\u00edticas econ\u00f3micas.<\/p>\n\n\n\n<p>Se precisa, sin duda, la monetaria, para regular bien la liquidez y evitar selectivamente el exceso de demanda que pueda darse, pero tambi\u00e9n para gobernar el cr\u00e9dito, restringi\u00e9ndolo donde sea innecesario y suministrarlo cuando se necesite. Es decir, no basta una pol\u00edtica monetaria de pi\u00f1\u00f3n fijo (centrada solo en combatir la inflaci\u00f3n) ni la que se limite a utilizar el exclusivo instrumento de los tipos de inter\u00e9s.<\/p>\n\n\n\n<p>Pero no basta con ella.<\/p>\n\n\n\n<p>Los gobiernos deben disponer de capacidad de maniobra suficiente para aplicar la pol\u00edtica fiscal que module la demanda agregada. Y deben de disponer de recursos para realizar un esfuerzo extraordinario dedicado a suministrar bienes colectivos, por un lado, para evitar las carencias que provocar\u00e1 el aumento del coste de la vida y, por otro, para suplir las inevitables p\u00e9rdidas de salario directo que van a producirse y tratar de evitar as\u00ed que se produzca una espiral de subidas de precios y salarios que ser\u00eda muy peligrosa. Y todo ello con mucho cuidado tanto con las bajadas como con las subidas indiscriminadas de impuestos pues, mal hechas, pueden tener el mismo efecto distorsionante que los tipos de inter\u00e9s cuando se aplican sin tener presente las diferentes situaciones.<\/p>\n\n\n\n<p>Hacen falta pol\u00edticas de oferta o industriales que fomenten la inversi\u00f3n necesaria para resolver los bloqueos y rupturas de las cadenas de suministro y que ayuden a reestructurar la producci\u00f3n, reconvertir sectores y a generar aumentos de productividad, en lugar de abortarlos, como ocurrir\u00eda si solo se utilizan la subida de los tipos de inter\u00e9s.<\/p>\n\n\n\n<p>Tal y como se est\u00e1 empezando a hacer en Europa con los precios de la energ\u00eda, en gran parte gracias al empe\u00f1o de nuestro gobierno, es imprescindible adoptar medidas directas de limitaci\u00f3n y control en las actividades (como nuestro sector el\u00e9ctrico) que se han desbocado, trasladando subidas de costes a toda la econom\u00eda.<\/p>\n\n\n\n<p>Y, en particular, hay que reforzar las pol\u00edticas de competencia pues se sabe que una buena parte de la subida de precios procede de aumentos injustificados de los m\u00e1rgenes de beneficio en los sectores oligop\u00f3licos.<\/p>\n\n\n\n<p>Por \u00faltimo, no se puede olvidar que la inflaci\u00f3n es siempre el resultado de una pugna entre los sujetos econ\u00f3micos para aumentar su parte en el reparto del ingreso y es por ello que nunca perjudica o beneficia a todos ellos por igual, sino que siempre produce ganadores y perdedores. Por lo tanto, todo lo que refuerce la desigualdad social y la asimetr\u00eda en la capacidad de negociaci\u00f3n y en el acceso a los poderes de decisi\u00f3n exacerbar\u00e1 las subidas de precios en una coyuntura como la actual y hay que evitarlo. Es imprescindible, pues, un amplio, generoso y bien dise\u00f1ado pacto de rentas de medio plazo.<\/p>\n\n\n\n<p>Ahora bien, ninguna de estas medidas ser\u00e1 efectiva si unas bloquean el efecto de las otras. Y para que eso no se produzca es imprescindible la cooperaci\u00f3n de las autoridades econ\u00f3micas y, en especial, entre los gobiernos y bancos centrales. Seguir dejando que estos \u00faltimos sigan actuando sin coordinar sus actuaciones con quien tambi\u00e9n tiene un papel decisivo para frenar la inflaci\u00f3n es un error y una grand\u00edsima irresponsabilidad, pues impedir\u00e1 combatirla con \u00e9xito, dada su naturaleza actual.<\/p>\n\n\n\n<p>Si la autoridad monetaria y la fiscal no act\u00faan como las dos hojas de una tijera y en combinaci\u00f3n con las dem\u00e1s responsables de la regulaci\u00f3n econ\u00f3mica; y si se permite que los bancos centrales se dejen llevar por el fundamentalismo y el p\u00e1nico y apliquen subidas contundentes de los tipos de inter\u00e9s con los niveles actuales de deuda y con los bloqueos de suministro que padecemos, iremos directos a una cat\u00e1strofe econ\u00f3mica.<br><\/p>\n","protected":false},"excerpt":{"rendered":"<p>Juan Torres L\u00f3pez Fuente: Rebeli\u00f3n \u00abCuando vieres que en alguna batalla me han partido por medio del cuerpo, como muchas veces suele acontecer (\u2026) me dar\u00e1s a beber solos dos tragos del b\u00e1lsamo que he dicho, y ver\u00e1sme quedar m\u00e1s sano que una manzana\u00bb. (Miguel de Cervantes. El Ingenioso Hidalgo Don Quijote de la Mancha). [&hellip;]<\/p>\n","protected":false},"author":1,"featured_media":6324,"comment_status":"open","ping_status":"open","sticky":false,"template":"","format":"standard","meta":{"footnotes":""},"categories":[5,3],"tags":[],"_links":{"self":[{"href":"http:\/\/www.movimientocaamanista.com\/index.php?rest_route=\/wp\/v2\/posts\/6323"}],"collection":[{"href":"http:\/\/www.movimientocaamanista.com\/index.php?rest_route=\/wp\/v2\/posts"}],"about":[{"href":"http:\/\/www.movimientocaamanista.com\/index.php?rest_route=\/wp\/v2\/types\/post"}],"author":[{"embeddable":true,"href":"http:\/\/www.movimientocaamanista.com\/index.php?rest_route=\/wp\/v2\/users\/1"}],"replies":[{"embeddable":true,"href":"http:\/\/www.movimientocaamanista.com\/index.php?rest_route=%2Fwp%2Fv2%2Fcomments&post=6323"}],"version-history":[{"count":1,"href":"http:\/\/www.movimientocaamanista.com\/index.php?rest_route=\/wp\/v2\/posts\/6323\/revisions"}],"predecessor-version":[{"id":6325,"href":"http:\/\/www.movimientocaamanista.com\/index.php?rest_route=\/wp\/v2\/posts\/6323\/revisions\/6325"}],"wp:featuredmedia":[{"embeddable":true,"href":"http:\/\/www.movimientocaamanista.com\/index.php?rest_route=\/wp\/v2\/media\/6324"}],"wp:attachment":[{"href":"http:\/\/www.movimientocaamanista.com\/index.php?rest_route=%2Fwp%2Fv2%2Fmedia&parent=6323"}],"wp:term":[{"taxonomy":"category","embeddable":true,"href":"http:\/\/www.movimientocaamanista.com\/index.php?rest_route=%2Fwp%2Fv2%2Fcategories&post=6323"},{"taxonomy":"post_tag","embeddable":true,"href":"http:\/\/www.movimientocaamanista.com\/index.php?rest_route=%2Fwp%2Fv2%2Ftags&post=6323"}],"curies":[{"name":"wp","href":"https:\/\/api.w.org\/{rel}","templated":true}]}}