{"id":6354,"date":"2022-04-18T11:02:34","date_gmt":"2022-04-18T11:02:34","guid":{"rendered":"http:\/\/www.movimientocaamanista.com\/?p=6354"},"modified":"2022-04-18T11:02:35","modified_gmt":"2022-04-18T11:02:35","slug":"es-posible-pensar-mas-alla-del-capitalismo","status":"publish","type":"post","link":"http:\/\/www.movimientocaamanista.com\/?p=6354","title":{"rendered":"\u00bfEs posible pensar m\u00e1s all\u00e1 del capitalismo?"},"content":{"rendered":"\n<p>Abdiel Rodr\u00edguez Reyes<\/p>\n\n\n\n<p>Fuente: <a href=\"https:\/\/kaosenlared.net\/es-posible-pensar-mas-alla-del-capitalismo\/\">Kaos en la Red<\/a><\/p>\n\n\n\n<p>La respuesta a la pregunta con que intitulamos este art\u00edculo es s\u00ed. La obra&nbsp;M\u00e1s all\u00e1 del capital&nbsp;de Istv\u00e1n M\u00e9sz\u00e1ros es un ejemplo. Ahora bien, lo dif\u00edcil es qu\u00e9 significa eso de m\u00e1s all\u00e1. Implica por lo menos alternativas o la transici\u00f3n a otro sistema distinto. Eso no es garant\u00eda de que ser\u00eda mejor, puede ser peor, con m\u00e1s exclusi\u00f3n y destrucci\u00f3n. En los grandes foros econ\u00f3micos se habla de resetearnos.<\/p>\n\n\n\n<p>De tal forma, se hace necesario y justo pensar en las alternativas y la transici\u00f3n. Teniendo en cuenta el estado actual del mundo (crisis clim\u00e1tica y desigualdades). Cuando nos planteamos la cuesti\u00f3n somos conscientes de que el contenido y la forma en c\u00f3mo pensamos est\u00e1 estrechamente relacionado con algo inconmensurable a la reproducci\u00f3n de la vida: el capitalismo. Conscientes de eso, los propios promotores del capitalismo le quieren a\u00f1adir rostro y color. Se habla de capitalismo con rostro humano y de capitalismo verde. Todas estas propuestas son un ox\u00edmoron.<\/p>\n\n\n\n<p>En ese sentido, M\u00e9sz\u00e1ros hace una cr\u00edtica al capitalismo y nos brinda algunos puntos clave para hacerlo eficazmente. De los cuales quiero retomar algunos. Por ejemplo, \u201clos defectos estructurales\u201d del capitalismo. Es decir, por m\u00e1s que queramos salvarlo ya no es posible una soluci\u00f3n interna. Como nos dice M\u00e9sz\u00e1ros: \u201clos peligros inseparables del desarrollo en marcha sean mayores que los de antes, dado que el sistema del capital global ha llegado a su contradictorio cenit de maduraci\u00f3n y saturaci\u00f3n\u201d. No hay forma de continuar con este mismo modo de producci\u00f3n (y racionalidad incluso) y seguir subsistiendo como especie.<\/p>\n\n\n\n<p>Pensar m\u00e1s all\u00e1 del capitalismo implica desvelar estas contradicciones y actuar de forma distinta a la que gran parte de la humanidad lo hace. Reproduciendo las relaciones sociales capitalista como \u00fanicas e inalterables. En ambos casos (tanto en las ideas como en las acciones) es necesario \u201cretar al sistema del capital en s\u00ed\u201d en su totalidad y complejidad. T\u00e1cticamente es v\u00e1lido aprovechar todas las brechas del muro para tirarlo abajo totalmente, pero si ignoramos la totalidad de pensar y actuar m\u00e1s all\u00e1 del capitalismo estamos arando en el mar.<\/p>\n\n\n\n<p>Plantearnos la pregunta en cuesti\u00f3n seriamente no es un artilugio m\u00e1s, es un asunto de vital importancia porque pensar y actuar distinto al capitalismo es la condici\u00f3n de posibilidad para la existencia de la especie humana ante el desastre del capitalismo.<\/p>\n\n\n\n<p>Abdiel Rodr\u00edguez Reyes<\/p>\n","protected":false},"excerpt":{"rendered":"<p>Abdiel Rodr\u00edguez Reyes Fuente: Kaos en la Red La respuesta a la pregunta con que intitulamos este art\u00edculo es s\u00ed. La obra&nbsp;M\u00e1s all\u00e1 del capital&nbsp;de Istv\u00e1n M\u00e9sz\u00e1ros es un ejemplo. Ahora bien, lo dif\u00edcil es qu\u00e9 significa eso de m\u00e1s all\u00e1. Implica por lo menos alternativas o la transici\u00f3n a otro sistema distinto. Eso no [&hellip;]<\/p>\n","protected":false},"author":1,"featured_media":6355,"comment_status":"open","ping_status":"open","sticky":false,"template":"","format":"standard","meta":{"footnotes":""},"categories":[4],"tags":[],"_links":{"self":[{"href":"http:\/\/www.movimientocaamanista.com\/index.php?rest_route=\/wp\/v2\/posts\/6354"}],"collection":[{"href":"http:\/\/www.movimientocaamanista.com\/index.php?rest_route=\/wp\/v2\/posts"}],"about":[{"href":"http:\/\/www.movimientocaamanista.com\/index.php?rest_route=\/wp\/v2\/types\/post"}],"author":[{"embeddable":true,"href":"http:\/\/www.movimientocaamanista.com\/index.php?rest_route=\/wp\/v2\/users\/1"}],"replies":[{"embeddable":true,"href":"http:\/\/www.movimientocaamanista.com\/index.php?rest_route=%2Fwp%2Fv2%2Fcomments&post=6354"}],"version-history":[{"count":1,"href":"http:\/\/www.movimientocaamanista.com\/index.php?rest_route=\/wp\/v2\/posts\/6354\/revisions"}],"predecessor-version":[{"id":6356,"href":"http:\/\/www.movimientocaamanista.com\/index.php?rest_route=\/wp\/v2\/posts\/6354\/revisions\/6356"}],"wp:featuredmedia":[{"embeddable":true,"href":"http:\/\/www.movimientocaamanista.com\/index.php?rest_route=\/wp\/v2\/media\/6355"}],"wp:attachment":[{"href":"http:\/\/www.movimientocaamanista.com\/index.php?rest_route=%2Fwp%2Fv2%2Fmedia&parent=6354"}],"wp:term":[{"taxonomy":"category","embeddable":true,"href":"http:\/\/www.movimientocaamanista.com\/index.php?rest_route=%2Fwp%2Fv2%2Fcategories&post=6354"},{"taxonomy":"post_tag","embeddable":true,"href":"http:\/\/www.movimientocaamanista.com\/index.php?rest_route=%2Fwp%2Fv2%2Ftags&post=6354"}],"curies":[{"name":"wp","href":"https:\/\/api.w.org\/{rel}","templated":true}]}}