{"id":6372,"date":"2022-04-20T10:57:32","date_gmt":"2022-04-20T10:57:32","guid":{"rendered":"http:\/\/www.movimientocaamanista.com\/?p=6372"},"modified":"2022-04-20T10:57:33","modified_gmt":"2022-04-20T10:57:33","slug":"la-rebelion-de-la-ciencia","status":"publish","type":"post","link":"http:\/\/www.movimientocaamanista.com\/?p=6372","title":{"rendered":"La rebeli\u00f3n de la ciencia"},"content":{"rendered":"\n<p>Fernando Valladares<\/p>\n\n\n\n<p>Fuente: <a href=\"https:\/\/rebelion.org\/la-rebelion-de-la-ciencia\/\">Rebeli\u00f3n<\/a><\/p>\n\n\n\n<p>Expertos de todo el mundo han organizado una acci\u00f3n de desobediencia civil pac\u00edfica esta semana para denunciar la inacci\u00f3n pol\u00edtica ante sus repetidos mensajes sobre la urgencia de mitigar el cambio clim\u00e1tico.<\/p>\n\n\n\n<p>John Kennedy Toole recurri\u00f3 a la iron\u00eda y al humor para relatar una tragedia en su \u00fanica y brillante novela&nbsp;<a href=\"https:\/\/es.wikipedia.org\/wiki\/La_conjura_de_los_necios\"><em>La conjura de los necios<\/em><\/a>. Su protagonista, Ignatius Reilly, fue en cierto modo un reflejo del escritor y de las miserias de una sociedad ego\u00edsta y esclava de sus deseos. Poco experto en materia de agitaci\u00f3n social, Ignatius tuvo que aprender de su alter ego Myrna Minkoff c\u00f3mo organizar una rebeli\u00f3n contra el sistema.<\/p>\n\n\n\n<p>En pleno siglo XXI, los cient\u00edficos y cient\u00edficas del clima, poco duchos en activismo y revoluci\u00f3n, se encomiendan de la mano de movimientos modernos a la rebeli\u00f3n contra una sociedad que no acaba de ver la ruta de autodestrucci\u00f3n en la que se afana d\u00eda a d\u00eda.<\/p>\n\n\n\n<p>La rebeli\u00f3n de la comunidad cient\u00edfica se apoya en una cruda realidad: la ciencia del cambio clim\u00e1tico no es escuchada. Ha dado lugar a&nbsp;<a href=\"https:\/\/www.bbc.co.uk\/programmes\/m00049b1\">reportajes<\/a>&nbsp;y pel\u00edculas&nbsp;<a href=\"https:\/\/es.wikipedia.org\/wiki\/The_Day_After_Tomorrow\">asombrosas<\/a>,&nbsp;<a href=\"https:\/\/es.wikipedia.org\/wiki\/Yo_soy_Greta\">provocadoras<\/a>&nbsp;e&nbsp;<a href=\"https:\/\/es.wikipedia.org\/wiki\/Don%27t_Look_Up\">incluso taquilleras<\/a>. Pero no nos enga\u00f1emos. Quienes investigamos las causas y las consecuencias del cambio clim\u00e1tico y las medidas que hay a nuestro alcance para atajarlo no hemos sido escuchados. O si alguien nos ha escuchado, desde luego no ha servido para mucho.<\/p>\n\n\n\n<p><a href=\"https:\/\/gml.noaa.gov\/ccgg\/trends\/\">Seguimos incrementando<\/a>&nbsp;(y no reduciendo) la emisi\u00f3n de gases de efecto invernadero. Apenas la covid-19 supuso&nbsp;<a href=\"https:\/\/theconversation.com\/las-emisiones-globales-vuelven-a-los-niveles-prepandemicos-despues-de-la-caida-de-2020-171158\">una relativa y muy breve desaceleraci\u00f3n<\/a>&nbsp;en estas emisiones.<\/p>\n\n\n\n<h2 class=\"wp-block-heading\">Cambio de tercio en la comunidad cient\u00edfica<\/h2>\n\n\n\n<p>Dado que el lenguaje cient\u00edfico sobre el clima no se traduce en acciones significativas, ha llegado el momento de probar otros lenguajes. Y precisamente eso es lo que se ha planeado para la segunda semana de abril de 2022 por cient\u00edficos de todo el mundo aliados con diversas organizaciones ambientalistas, como Extinction Rebellion.<\/p>\n\n\n\n<p>Del 4 al 9 de abril de 2022 tendr\u00e1 lugar la primera acci\u00f3n de desobediencia civil pac\u00edfica coordinada internacionalmente por miembros de la comunidad cient\u00edfica. Una semana que fue precedida por numerosos anuncios en redes sociales y en los medios de comunicaci\u00f3n y el planteamiento de un\u00a0<a href=\"https:\/\/www.rebelioncientifica.es\/p\/manifiesto-rebelion-cientifica.html\">manifiesto contra la inacci\u00f3n clim\u00e1tica<\/a>\u00a0que ya cuenta con numerosas adhesiones. Algunas de las reflexiones que siguen recogen las principales pautas de este llamamiento colectivo y se suman a su compromiso.<\/p>\n\n\n\n<figure class=\"wp-block-embed-twitter wp-block-embed is-type-rich is-provider-twitter\"><div class=\"wp-block-embed__wrapper\">\n<blockquote class=\"twitter-tweet\" data-width=\"550\" data-dnt=\"true\"><p lang=\"en\" dir=\"ltr\">\ud83d\udd25April mobilisation update!\ud83d\udd25<br>We proudly announce that hundreds of rebel scientists will carry out direct non-violent actions of civil disobedience in 27 countries across the globe in our rebellion week on 4-9 April. \ud83e\uddf51\/n <a href=\"https:\/\/t.co\/7QLiUZ1vPP\">pic.twitter.com\/7QLiUZ1vPP<\/a><\/p>&mdash; Scientist Rebellion (@ScientistRebel1) <a href=\"https:\/\/twitter.com\/ScientistRebel1\/status\/1505539405804494852?ref_src=twsrc%5Etfw\">March 20, 2022<\/a><\/blockquote><script async src=\"https:\/\/platform.twitter.com\/widgets.js\" charset=\"utf-8\"><\/script>\n<\/div><\/figure>\n\n\n\n<p>Esta semana de acciones y protestas se ha programado para coincidir con la publicaci\u00f3n de la tercera parte del sexto informe del IPCC.&nbsp;<a href=\"https:\/\/theconversation.com\/es\/topics\/informe-ipcc-2022-117084\">La segunda parte<\/a>&nbsp;qued\u00f3 completamente tapada por la invasi\u00f3n de Ucrania por el ej\u00e9rcito ruso, ocurrida en el mism\u00edsimo d\u00eda de su publicaci\u00f3n. Una tremenda paradoja, porque ambas cat\u00e1strofes, la invasi\u00f3n de Ucrania y el cambio clim\u00e1tico,&nbsp;<a href=\"https:\/\/carnegieeurope.eu\/2022\/03\/04\/russia-s-ukraine-invasion-and-climate-change-go-hand-in-hand-pub-86574\">tienen el mismo origen<\/a>. Es parad\u00f3jico tambi\u00e9n porque, de haberse hecho los deberes planteados desde la ciencia para la transici\u00f3n energ\u00e9tica, el conflicto no hubiera llegado a ser b\u00e9lico.<\/p>\n\n\n\n<p>La comunidad cient\u00edfica hemos alimentado con nuestros estudios e informes a toda una generaci\u00f3n de j\u00f3venes activistas que han entendido lo suficiente de nuestro mensaje para ponerse en pie por el planeta.<\/p>\n\n\n\n<p>Pero no podemos dejar que la sociedad relacione la lucha contra el cambio clim\u00e1tico solamente con j\u00f3venes ambientalistas. Ellos han bebido de nuestros estudios y lo que dicen se apoya en la mejor de las ciencias. Es ineludible que cient\u00edficos y ambientalistas vayamos juntos en esta rebeli\u00f3n. La\u00a0<a href=\"https:\/\/onlinelibrary.wiley.com\/doi\/full\/10.1111\/gcb.14978\">ciencia sin activismo es impotente<\/a>\u00a0y el activismo sin ciencia no tiene precisi\u00f3n en sus reivindicaciones.<\/p>\n\n\n\n<figure class=\"wp-block-embed-twitter wp-block-embed is-type-rich is-provider-twitter\"><div class=\"wp-block-embed__wrapper\">\n<blockquote class=\"twitter-tweet\" data-width=\"550\" data-dnt=\"true\"><p lang=\"es\" dir=\"ltr\">\ud83d\udd34 Cientos cient\u00edficos y acad\u00e9micos apoyan acciones de resistencia civil noviolenta de <a href=\"https:\/\/twitter.com\/ScientistRebel1?ref_src=twsrc%5Etfw\">@scientistrebel1<\/a>. <br><br>La situaci\u00f3n es tan grave que como cient\u00edficos nos obliga a movilizarnos. Ya no hay tiempo.<br><br>Miembros de la academia como <a href=\"https:\/\/twitter.com\/FernandoVallada?ref_src=twsrc%5Etfw\">@FernandoVallada<\/a> o <a href=\"https:\/\/twitter.com\/JorgeRiechmann?ref_src=twsrc%5Etfw\">@JorgeRiechmann<\/a> desobedeceran. <a href=\"https:\/\/t.co\/ZzygZO6Zos\">pic.twitter.com\/ZzygZO6Zos<\/a><\/p>&mdash; Extinction Rebellion Spain (@esXrebellion) <a href=\"https:\/\/twitter.com\/esXrebellion\/status\/1509237561448935425?ref_src=twsrc%5Etfw\">March 30, 2022<\/a><\/blockquote><script async src=\"https:\/\/platform.twitter.com\/widgets.js\" charset=\"utf-8\"><\/script>\n<\/div><\/figure>\n\n\n\n<h2 class=\"wp-block-heading\">Un mensaje cada vez m\u00e1s claro<\/h2>\n\n\n\n<p>Ante la inacci\u00f3n social y pol\u00edtica, hay muchos cient\u00edficos que se desmotivan, desalentados al ver que sus conferencias y sus entrevistas son una versi\u00f3n moderna de los profetas predicando en el desierto.<\/p>\n\n\n\n<p>Sin embargo, cada vez hay m\u00e1s cient\u00edficos que se reinventan para hacerse o\u00edr ante la crisis clim\u00e1tica. El propio IPCC ha cambiado de tono&nbsp;<a href=\"https:\/\/www.ipcc.ch\/assessment-report\/ar6\/\">en su sexto informe<\/a>&nbsp;publicado en tres partes entre agosto de 2021 y abril de 2022. Emplea un nuevo lenguaje, m\u00e1s \u00e1spero, y que deja mucho menos margen para dudas o interpretaciones.<\/p>\n\n\n\n<p>Las&nbsp;<a href=\"https:\/\/theconversation.com\/la-incertidumbre-en-los-informes-sobre-cambio-climatico-un-motivo-para-dudar-120389\">incertidumbres de la ciencia<\/a>&nbsp;han empa\u00f1ado hist\u00f3ricamente la claridad del mensaje clim\u00e1tico para los ojos de la sociedad y los responsables pol\u00edticos, siempre anhelantes de certezas y, por tanto, muy poco habituados a gestionar riesgos y probabilidades.<\/p>\n\n\n\n<p>En el nuevo informe se ha matizado la sempiterna prudencia cient\u00edfica de mantenerse al margen de conclusiones o recomendaciones que puedan desafiar ideolog\u00edas imperantes, programas econ\u00f3micos o estrategias pol\u00edticas.<\/p>\n\n\n\n<p>La ciencia, organizada a trav\u00e9s del IPPC, se ofreci\u00f3 siempre a asesorar apart\u00e1ndose de cuestiones pol\u00edtica o econ\u00f3micamente escabrosas. Sin embargo, la diplomacia, emanada de las Naciones Unidas que cre\u00f3 este panel de expertos en 1988, se ha relegado a un segundo lugar. La raz\u00f3n no es otra que la escasa efectividad pr\u00e1ctica de los extensos y sesudos informes previos.<\/p>\n\n\n\n<p>La comunidad cient\u00edfica est\u00e1 tan desconcertada ante la situaci\u00f3n que algunos, como el profesor Bruce Glavovic, de la Universidad Massey de Nueva Zelanda y coordinador del II cap\u00edtulo del IPCC, han hecho&nbsp;<a href=\"https:\/\/www.tandfonline.com\/doi\/full\/10.1080\/17565529.2021.2008855\">un llamamiento<\/a>&nbsp;a toda la comunidad cient\u00edfica para dejar de producir informes hasta que los Gobiernos cumplan con su responsabilidad y movilicen una acci\u00f3n coordinada desde el nivel local al global. Su propuesta es que los cient\u00edficos establezcamos una moratoria en la investigaci\u00f3n sobre el cambio clim\u00e1tico como medio para exponer primero, y renegociar despu\u00e9s, el contrato roto entre la ciencia y la sociedad.<\/p>\n\n\n\n<p>No es tanto que los cient\u00edficos y cient\u00edficas relacionados con el cambio clim\u00e1tico estemos enfadados porque nuestras conclusiones no se pongan en pr\u00e1ctica. Es m\u00e1s una cuesti\u00f3n de que estamos realmente preocupados de que est\u00e9 ocurriendo tal cosa. Una preocupaci\u00f3n que deriva en&nbsp;<a href=\"https:\/\/www.sciencedirect.com\/science\/article\/abs\/pii\/S0887618520300773\">trastornos de ansiedad y estr\u00e9s<\/a>&nbsp;que&nbsp;<a href=\"https:\/\/www.mdpi.com\/1660-4601\/19\/2\/990\">afectan a millones de personas<\/a>&nbsp;(<a href=\"https:\/\/papers.ssrn.com\/sol3\/papers.cfm?abstract_id=3918955\">especialmente j\u00f3venes<\/a>) en todo el mundo.<\/p>\n\n\n\n<h2 class=\"wp-block-heading\">Avisos ignorados<\/h2>\n\n\n\n<p>El sexto informe del IPCC ten\u00eda como meta analizar los progresos realizados para mantener el calentamiento global muy por debajo de 2 \u00b0C respecto a la era preindustrial y, al mismo tiempo, continuar los esfuerzos para limitar el aumento de la temperatura a 1,5 \u00b0C, tal como se acord\u00f3 en Par\u00eds en la cumbre del clima de 2015.<\/p>\n\n\n\n<p>Ahora, el IPPC&nbsp;<a href=\"https:\/\/iopscience.iop.org\/article\/10.1088\/1748-9326\/ac4ebf\/meta\">y varios nuevos estudios<\/a>&nbsp;confirman y precisan lo que nos tem\u00edamos: no rebasar 1,5 \u00b0C de calentamiento es matem\u00e1ticamente posible pero sumamente improbable, y no rebasar los 2 \u00b0C requiere un esfuerzo global que de momento no se est\u00e1 produciendo.<\/p>\n\n\n\n<p>Las gotas fr\u00edas, los huracanes, las nevadas extraordinarias, las lluvias torrenciales, las sequ\u00edas extremas, las olas de calor inusuales y los megaincendios se multiplican y aceleran. En Espa\u00f1a, un 75 % del territorio est\u00e1 ya en alto riesgo de desertificaci\u00f3n. Y la ciencia comienza a comprender la gravedad de una docena de&nbsp;<a href=\"https:\/\/www.nature.com\/articles\/d41586-019-03595-0\">puntos clim\u00e1ticos de inflexi\u00f3n o de no retorno<\/a>&nbsp;que se han activado por la acci\u00f3n humana.<\/p>\n\n\n\n<p>Los avisos de la comunidad cient\u00edfica sobre el rumbo de colapso que lleva nuestra civilizaci\u00f3n han sido muchos. Quiz\u00e1 el&nbsp;<a href=\"https:\/\/es.wikipedia.org\/wiki\/Los_l%C3%ADmites_del_crecimiento\">informe Meadows<\/a>&nbsp;encargado al Massachusetts Institute of Technology por el Club de Roma hace medio siglo fue uno de los avisos pioneros m\u00e1s destacables. Vendr\u00edan&nbsp;<a href=\"https:\/\/www.livescience.com\/humans-first-warned-about-climate-change\">bastantes avisos m\u00e1s<\/a>. Desde hace a\u00f1os, el&nbsp;<a href=\"https:\/\/es.wikipedia.org\/wiki\/Reloj_del_Apocalipsis\">reloj del apocalipsis<\/a>&nbsp;incorpora al cambio clim\u00e1tico como uno de los riesgos principales para la humanidad.<\/p>\n\n\n\n<p>En 2019, las evidencias cient\u00edficas de la amenaza para la supervivencia de la humanidad y de un colapso global del sistema de la vida en la Tierra llevaron a 11 000 personas de la comunidad cient\u00edfica a lanzar&nbsp;<a href=\"https:\/\/academic.oup.com\/bioscience\/article\/70\/1\/8\/5610806\">una alerta p\u00fablica<\/a>&nbsp;de emergencia clim\u00e1tica, dirigida a todos los Gobiernos del planeta.<\/p>\n\n\n\n<h2 class=\"wp-block-heading\">La realidad clim\u00e1tica vs. los intereses econ\u00f3micos<\/h2>\n\n\n\n<p>En el primer cap\u00edtulo del sexto informe del&nbsp;<a href=\"https:\/\/www.ipcc.ch\/site\/assets\/uploads\/sites\/2\/2019\/09\/IPCC-Special-Report-1.5-SPM_es.pdf\">IPCC&nbsp;<\/a>&nbsp;se muestra con claridad que para limitar el calentamiento global a 1,5 \u00b0C se necesitan transiciones socioecon\u00f3micas r\u00e1pidas y de gran alcance, particularmente en los sistemas energ\u00e9tico, terrestre, urbano y de infraestructuras (incluido el transporte y los edificios) e industrial.<\/p>\n\n\n\n<p>Tales transiciones no tienen precedentes en lo que a escala se refiere e implican profundas reducciones en las emisiones en todos los sectores, la puesta en marcha de un amplio conjunto de opciones de mitigaci\u00f3n y el incremento sustancial de las inversiones en estas opciones.<\/p>\n\n\n\n<p>Pero la realidad es que estas transiciones r\u00e1pidas que demanda la ciencia y que son tan factibles como urgentes no se est\u00e1n realizando. Los Gobiernos siguen subvencionando con dinero p\u00fablico la industria de los combustibles f\u00f3siles y numerosas actividades que da\u00f1an tanto el medioambiente como la salud humana.<\/p>\n\n\n\n<p>Las entidades bancarias&nbsp;<a href=\"https:\/\/portfolio.earth\/wp-content\/uploads\/2021\/01\/Bankrolling-Extinction-Report.pdf\">financian el cambio clim\u00e1tico y la degradaci\u00f3n ambiental<\/a>&nbsp;a pesar de organizarse en redes como la Alianza Financiera de Glasgow para el Cero Neto (GFANZ) para, en teor\u00eda, hacer justo lo contrario. Solo 11 de las 30 mayores empresas financieras que cotizan en bolsa han fijado objetivos fiables para reducir las emisiones de gases de efecto invernadero, seg\u00fan los investigadores del clima de InfluenceMap.<\/p>\n\n\n\n<p>Las entidades bancarias y grandes grupos industriales y empresariales mantienen fuertes medidas de coacci\u00f3n y presi\u00f3n a los Gobiernos y a las instituciones oficiales nacionales e internacionales, incluyendo las cumbres del clima auspiciadas por las Naciones Unidas,&nbsp;<a href=\"https:\/\/www.bloomberg.com\/news\/articles\/2022-03-25\/just-a-third-of-largest-banks-have-set-robust-2030-climate-goals\">para impedir o ralentizar medidas eficaces<\/a>&nbsp;para la reducci\u00f3n de emisiones.<\/p>\n\n\n\n<p>Como prueba de esta gran hipocres\u00eda, gobiernos como el de Alemania y el de Francia han sido condenados por sus respectivas cortes constitucionales por\u00a0<a href=\"https:\/\/elpais.com\/internacional\/2021-08-28\/los-jovenes-luchadores-por-el-clima-que-le-torcieron-el-brazo-al-gobierno-aleman.html\">inacci\u00f3n clim\u00e1tica<\/a>\u00a0y en Espa\u00f1a se est\u00e1 tramitando actualmente una querella clim\u00e1tica contra el Estado.<\/p>\n\n\n\n<figure class=\"wp-block-embed-twitter wp-block-embed is-type-rich is-provider-twitter\"><div class=\"wp-block-embed__wrapper\">\n<blockquote class=\"twitter-tweet\" data-width=\"550\" data-dnt=\"true\"><p lang=\"en\" dir=\"ltr\">Our Global Rebellion starts 4th April<br><br>Pick your side<a href=\"https:\/\/t.co\/hcOAJ9DpcV\">https:\/\/t.co\/hcOAJ9DpcV<\/a> <a href=\"https:\/\/t.co\/oeufwNcP7p\">pic.twitter.com\/oeufwNcP7p<\/a><\/p>&mdash; Scientist Rebellion (@ScientistRebel1) <a href=\"https:\/\/twitter.com\/ScientistRebel1\/status\/1507644342730698756?ref_src=twsrc%5Etfw\">March 26, 2022<\/a><\/blockquote><script async src=\"https:\/\/platform.twitter.com\/widgets.js\" charset=\"utf-8\"><\/script>\n<\/div><\/figure>\n\n\n\n<h2 class=\"wp-block-heading\">A tiempo para cambiar de rumbo<\/h2>\n\n\n\n<p>Ignorar el principio de precauci\u00f3n y no reconocer que el crecimiento infinito en un planeta con recursos finitos es, como dijo el secretario de las naciones Unidas Ant\u00f3nio Guterres, una senda suicida para la humanidad.<\/p>\n\n\n\n<p>Los objetivos actuales de crecimiento defendidos por los poderes econ\u00f3micos est\u00e1n en contradicci\u00f3n directa con la reducci\u00f3n de los impactos ambientales por debajo de los umbrales de&nbsp;<a href=\"https:\/\/steadystate.org\/discover\/definition-of-steady-state-economy\/\">los l\u00edmites planetarios<\/a>. Hay propuestas econ\u00f3micas alternativas en las que se plantea un&nbsp;<a href=\"https:\/\/planetadelibrospe0.cdnstatics.com\/libros_contenido_extra\/37\/36953_Economia_rosquilla.pdf\">cambio radical de modelo productivo<\/a>&nbsp;que deben ser puestas en marcha globalmente, y no solo en algunas ciudades a modo de ensayo, para limitar el aumento de temperatura.<\/p>\n\n\n\n<p>Los cambios de consumo individual no bastan y hace falta una transformaci\u00f3n profunda y r\u00e1pida del conjunto del sistema productivo, acompa\u00f1ada de una transici\u00f3n justa para los colectivos m\u00e1s vulnerables.<\/p>\n\n\n\n<p>La gobernanza necesaria para hacer realidad este objetivo est\u00e1 orientada hacia la innovaci\u00f3n social y la creaci\u00f3n de nuevas instituciones que permitan garantizar la participaci\u00f3n real de la ciudadan\u00eda y la democratizaci\u00f3n efectiva de la acci\u00f3n clim\u00e1tica.<\/p>\n\n\n\n<p>Las asambleas ciudadanas para luchar contra el cambio clim\u00e1tico como las organizadas en&nbsp;<a href=\"https:\/\/www.involve.org.uk\/resources\/blog\/opinion\/convention-citoyenne-pour-le-climat-what-can-we-learn-french-citizens\">Francia<\/a>&nbsp;y el&nbsp;<a href=\"https:\/\/en.wikipedia.org\/wiki\/UK_Climate_Assembly\">Reino Unido<\/a>, y actualmente&nbsp;<a href=\"https:\/\/asambleaciudadanadelcambioclimatico.es\/\">en desarrollo en Espa\u00f1a<\/a>, son un ingrediente nuevo y estimulante en esta direcci\u00f3n.<\/p>\n\n\n\n<p>Toca construir ahora nuevos derechos, nuevas econom\u00edas y nuevas instituciones para una&nbsp;<a href=\"https:\/\/greenagenda.org.au\/2019\/04\/rights-of-nature\/\">democracia por la Tierra<\/a>. Las recomendaciones consensuadas de la comunidad cient\u00edfica deben convertirse en objetivos vinculantes, con mecanismos institucionales que garanticen la participaci\u00f3n real de la ciudadan\u00eda, como prev\u00e9&nbsp;<a href=\"https:\/\/www.miteco.gob.es\/es\/ministerio\/servicios\/informacion\/informacion-ambiental\/\">el convenio europeo de Aarhus<\/a>&nbsp;desde 2005.<\/p>\n\n\n\n<p>John Kennedy Toole recurri\u00f3 al humor para abordar la tragedia y su personaje acudi\u00f3 a la agitaci\u00f3n social para cambiar lo intolerable. La comunidad cient\u00edfica ensaya la rebeli\u00f3n tras el fracaso de los procesos de informaci\u00f3n y asesoramiento en materia clim\u00e1tica. No dudaremos en usar el humor para narrar la tragedia clim\u00e1tica si hace falta. Pero Toole no vio publicada su obra, que obtuvo el premio Pulitzer en 1981 y fue un aut\u00e9ntico \u00e9xito mundial, porque se suicid\u00f3 con apenas 31 a\u00f1os. Esperamos que las analog\u00edas terminen ah\u00ed y que ning\u00fan cient\u00edfico o cient\u00edfica llegue a cruzar esa tremenda l\u00ednea roja.<\/p>\n\n\n\n<hr class=\"wp-block-separator\"\/>\n\n\n\n<p><em>Este articulo se public\u00f3 originalmente con el titulo \u2018La rebeli\u00f3n de los cient\u00edficos\u2019 haciendo un gui\u00f1o al libro de Toole de \u2018La conjura de los necios\u2019. Quienes lo leyeron inicialmente nos hicieron ver con acierto que el t\u00edtulo dejaba fuera a la mitad de la comunidad cient\u00edfica por razones de g\u00e9nero, lo cual no era, ni mucho menos, nuestra intenci\u00f3n.<\/em><\/p>\n\n\n\n<p><a href=\"https:\/\/theconversation.com\/profiles\/fernando-valladares-699501\">Fernando Valladares<\/a>. Profesor de Investigaci\u00f3n en el Departamento de Biogeograf\u00eda y Cambio Global, Museo Nacional de Ciencias Naturales (MNCN-CSIC)<\/p>\n","protected":false},"excerpt":{"rendered":"<p>Fernando Valladares Fuente: Rebeli\u00f3n Expertos de todo el mundo han organizado una acci\u00f3n de desobediencia civil pac\u00edfica esta semana para denunciar la inacci\u00f3n pol\u00edtica ante sus repetidos mensajes sobre la urgencia de mitigar el cambio clim\u00e1tico. John Kennedy Toole recurri\u00f3 a la iron\u00eda y al humor para relatar una tragedia en su \u00fanica y brillante [&hellip;]<\/p>\n","protected":false},"author":1,"featured_media":5420,"comment_status":"open","ping_status":"open","sticky":false,"template":"","format":"standard","meta":{"footnotes":""},"categories":[5,3],"tags":[],"_links":{"self":[{"href":"http:\/\/www.movimientocaamanista.com\/index.php?rest_route=\/wp\/v2\/posts\/6372"}],"collection":[{"href":"http:\/\/www.movimientocaamanista.com\/index.php?rest_route=\/wp\/v2\/posts"}],"about":[{"href":"http:\/\/www.movimientocaamanista.com\/index.php?rest_route=\/wp\/v2\/types\/post"}],"author":[{"embeddable":true,"href":"http:\/\/www.movimientocaamanista.com\/index.php?rest_route=\/wp\/v2\/users\/1"}],"replies":[{"embeddable":true,"href":"http:\/\/www.movimientocaamanista.com\/index.php?rest_route=%2Fwp%2Fv2%2Fcomments&post=6372"}],"version-history":[{"count":1,"href":"http:\/\/www.movimientocaamanista.com\/index.php?rest_route=\/wp\/v2\/posts\/6372\/revisions"}],"predecessor-version":[{"id":6373,"href":"http:\/\/www.movimientocaamanista.com\/index.php?rest_route=\/wp\/v2\/posts\/6372\/revisions\/6373"}],"wp:featuredmedia":[{"embeddable":true,"href":"http:\/\/www.movimientocaamanista.com\/index.php?rest_route=\/wp\/v2\/media\/5420"}],"wp:attachment":[{"href":"http:\/\/www.movimientocaamanista.com\/index.php?rest_route=%2Fwp%2Fv2%2Fmedia&parent=6372"}],"wp:term":[{"taxonomy":"category","embeddable":true,"href":"http:\/\/www.movimientocaamanista.com\/index.php?rest_route=%2Fwp%2Fv2%2Fcategories&post=6372"},{"taxonomy":"post_tag","embeddable":true,"href":"http:\/\/www.movimientocaamanista.com\/index.php?rest_route=%2Fwp%2Fv2%2Ftags&post=6372"}],"curies":[{"name":"wp","href":"https:\/\/api.w.org\/{rel}","templated":true}]}}