{"id":6377,"date":"2022-04-22T10:41:53","date_gmt":"2022-04-22T10:41:53","guid":{"rendered":"http:\/\/www.movimientocaamanista.com\/?p=6377"},"modified":"2022-04-22T10:41:54","modified_gmt":"2022-04-22T10:41:54","slug":"la-mascarilla-obligatoria-en-educacion-primaria-no-freno-el-coronavirus-de-manera-significativa","status":"publish","type":"post","link":"http:\/\/www.movimientocaamanista.com\/?p=6377","title":{"rendered":"La mascarilla obligatoria en educaci\u00f3n primaria no fren\u00f3 el coronavirus de manera significativa"},"content":{"rendered":"\n<p>David Pino Gonz\u00e1lez<\/p>\n\n\n\n<p>Fuente: <a href=\"https:\/\/theconversation.com\/la-mascarilla-obligatoria-en-educacion-primaria-no-freno-el-coronavirus-de-manera-significativa-178968\">The Conversation<\/a><\/p>\n\n\n\n<p>Desde el principio de la pandemia de covid-19, la obligaci\u00f3n del uso de mascarillas ha sido una de las medidas impuestas para intentar reducir la transmisi\u00f3n que m\u00e1s controversia ha generado. El debate se ha centrado principalmente en su uso en&nbsp;<a href=\"https:\/\/theconversation.com\/donde-y-como-es-mas-probable-contagiarse-de-covid-19-174808\">exteriores<\/a>, si conllevan&nbsp;<a href=\"https:\/\/theconversation.com\/es-seguro-para-la-salud-el-uso-continuado-de-las-mascarillas-161928\">perjuicios para la salud<\/a>&nbsp;y si son&nbsp;<a href=\"https:\/\/theconversation.com\/vuelta-al-debate-son-efectivas-las-mascarillas-de-tela-160281\">efectivas<\/a>.<\/p>\n\n\n\n<p>Diversos estudios experimentales han mostrado que la eficacia de las mascarillas para impedir la emisi\u00f3n o inhalaci\u00f3n de part\u00edculas est\u00e1 entre el&nbsp;<a href=\"https:\/\/journals.asm.org\/doi\/10.1128\/msphere.00637-20?permanently=true&amp;#F20\">20 y el 90&nbsp;%<\/a>. Estos porcentajes var\u00edan seg\u00fan el&nbsp;<a href=\"https:\/\/journals.plos.org\/plosone\/article?id=10.1371\/journal.pone.0002618\">tipo de mascarilla<\/a>, el tiempo de uso y el&nbsp;<a href=\"https:\/\/www.nature.com\/articles\/s41598-021-91487-7\">nivel de ajuste<\/a>. Reducciones similares se han encontrado al analizar la transmisi\u00f3n entre animales de laboratorio y en entornos humanos muy controlados.<\/p>\n\n\n\n<p>Sin embargo, en el mundo real el uso de mascarillas parece&nbsp;<a href=\"https:\/\/www.science.org\/doi\/10.1126\/science.abi9069\">reducir la transmisi\u00f3n en menor medida<\/a>.<\/p>\n\n\n\n<p>En Europa, cada pa\u00eds ha ido modificando su pol\u00edtica de uso de las mascarillas en funci\u00f3n de su disponibilidad, el tipo de actividad, el entorno, la incidencia y las evidencias cient\u00edficas disponibles en ese momento. Solo unos pocos pa\u00edses se han limitado a recomendar su uso sin hacerlo obligatorio pero, en cualquier caso, sin analizar qu\u00e9 efectos tiene la obligatoriedad de su uso.<\/p>\n\n\n\n<h2 class=\"wp-block-heading\">El debate de la mascarilla en los colegios<\/h2>\n\n\n\n<p>El debate sobre el uso obligatorio de la mascarilla en el entorno escolar ha sido a\u00fan mayor. A los pocos meses del inicio de la pandemia se hizo evidente que la covid-19 es una enfermedad cuya gravedad aumenta con la edad, por lo que la&nbsp;<a href=\"https:\/\/apps.who.int\/iris\/handle\/10665\/333919\">poblaci\u00f3n pedi\u00e1trica se ve mucho menos afectada que la adulta<\/a>.<\/p>\n\n\n\n<p>Varias hip\u00f3tesis pueden explicar esto. Entre ellas,&nbsp;<a href=\"https:\/\/pubmed.ncbi.nlm.nih.gov\/34587479\/\">diferencias en la respuesta del sistema inmunitario<\/a>&nbsp;y&nbsp;<a href=\"https:\/\/www.nature.com\/articles\/s41587-021-01037-9\">respuestas cruzadas mediadas por anticuerpos generados frente a otros coronavirus estacionales<\/a>.<\/p>\n\n\n\n<p>Adem\u00e1s, a diferencia de lo que ocurre con la gripe,&nbsp;<a href=\"https:\/\/bmjpaedsopen.bmj.com\/content\/4\/1\/e000722\">los ni\u00f1os no son m\u00e1s transmisores que los adultos<\/a>. Por estos motivos, organismos de referencia internacionales como la&nbsp;<a href=\"https:\/\/apps.who.int\/iris\/handle\/10665\/333919\">OMS<\/a>&nbsp;y el&nbsp;<a href=\"https:\/\/www.ecdc.europa.eu\/en\/covid-19\/questions-answers\/questions-answers-school-transmission\">ECDC<\/a>&nbsp;solo recomiendan el uso de mascarillas para los ni\u00f1os mayores de 12 a\u00f1os o para edades comprendidas entre los 6 y 11 a\u00f1os si la transmisi\u00f3n comunitaria es elevada.<\/p>\n\n\n\n<p>Algunos&nbsp;<a href=\"https:\/\/www.cdc.gov\/mmwr\/volumes\/70\/wr\/mm7039e3.htm\">estudios<\/a>&nbsp;realizados sobre la efectividad de la obligaci\u00f3n del uso de las mascarillas en entornos escolares han llegado a&nbsp;<a href=\"https:\/\/www.medrxiv.org\/content\/10.1101\/2021.09.22.21263900v1\">diferentes conclusiones<\/a>, muchas veces&nbsp;<a href=\"https:\/\/www.cdc.gov\/mmwr\/volumes\/71\/wr\/mm7110e1.htm\">contrapuestas<\/a>.<\/p>\n\n\n\n<p>Para salir de dudas, ser\u00eda necesario realizar un estudio con un dise\u00f1o controlado y aleatorizado en el que algunos ni\u00f1os usaran mascarillas y otros no, pero esto tiene complicaciones pr\u00e1cticas y \u00e9ticas. Por suerte, existen dise\u00f1os alternativos que se pueden acercar bastante.<\/p>\n\n\n\n<h2 class=\"wp-block-heading\">Un estudio cuasi-experimental<\/h2>\n\n\n\n<p>Recientemente hemos analizado tres variables en los ni\u00f1os de Catalu\u00f1a de los tres cursos de educaci\u00f3n infantil (P3-P5, 3-5 a\u00f1os) y de los seis cursos de educaci\u00f3n primaria (6-11 a\u00f1os). Estas fueron las variables:<\/p>\n\n\n\n<ol><li>La incidencia de covid-19.<\/li><li>La tasa de ataque secundario (TAS): el porcentaje de casos que aparecen entre los ni\u00f1os expuestos a un caso inicial.<\/li><li>El n\u00famero reproductivo R*: el n\u00famero de casos que genera un caso \u00edndice.<\/li><\/ol>\n\n\n\n<p>Durante el periodo analizado, e independientemente del nivel educativo, el protocolo obligaba a que, si aparec\u00eda un positivo en un aula, todos esos alumnos deb\u00edan confinarse durante 10 d\u00edas. Adem\u00e1s, se realizaba una PCR a todos ellos. En ese momento la variante predominante era delta y a\u00fan no hab\u00eda empezado la vacunaci\u00f3n de los menores de 12 a\u00f1os.<\/p>\n\n\n\n<p>La&nbsp;<a href=\"https:\/\/papers.ssrn.com\/sol3\/papers.cfm?abstract_id=4046809\">prepublicaci\u00f3n<\/a>, que est\u00e1 pendiente de ser revisada por pares, se ha realizado con datos del primer trimestre del curso 2021-2022. Incluye aproximadamente a 600&nbsp;000 ni\u00f1os de 1&nbsp;900 escuelas organizados en m\u00e1s de 28&nbsp;000 grupos burbuja.<\/p>\n\n\n\n<p>La \u00fanica diferencia entre ambas etapas escolares en lo que respecta a las medidas para prevenir los contagios es que en primaria el uso de la mascarilla era obligatorio en el centro escolar.<\/p>\n\n\n\n<p>El dise\u00f1o de este estudio cuasi-experimental, sin llegar a estar controlado y aleatorizado, sigue una metodolog\u00eda muy parecida. Algo m\u00e1s alejados est\u00e1n los estudios m\u00e1s comunes sobre mascarillas: estos son de tipo ecol\u00f3gico (observacionales), en los que se comparan datos de territorios diferentes, y en ellos resulta dif\u00edcil separar los factores de confusi\u00f3n.<\/p>\n\n\n\n<h2 class=\"wp-block-heading\">La incidencia aumenta con la edad<\/h2>\n\n\n\n<p>Nuestro estudio reafirma los resultados de otro&nbsp;<a href=\"https:\/\/pubmed.ncbi.nlm.nih.gov\/34321438\/\">previo<\/a>&nbsp;al observar que la incidencia sigue una tendencia creciente con la edad, con una menor incidencia en infantil que en primaria. Un 1,7&nbsp;% de los alumnos de P3 se contagiaron, frente al 5,9&nbsp;% de los de 6\u00ba curso de primaria.<\/p>\n\n\n\n<figure class=\"wp-block-image\"><img decoding=\"async\" src=\"https:\/\/images.theconversation.com\/files\/455266\/original\/file-20220330-5642-9o860p.jpg?ixlib=rb-1.1.0&amp;q=45&amp;auto=format&amp;w=754&amp;fit=clip\" alt=\"\"\/><figcaption>Incidencia media para curso. La mascarilla es obligatoria a partir de 1\u00ba de primaria.&nbsp;Author provided<\/figcaption><\/figure>\n\n\n\n<p>Adem\u00e1s, probablemente la mayor\u00eda de los contagios no se produjeron dentro del grupo burbuja, ya que en un 57&nbsp;% de las ocasiones en las que se identific\u00f3 un caso en un aula no apareci\u00f3 ning\u00fan otro caso. En infantil este porcentaje fue incluso mayor, del 70%.<\/p>\n\n\n\n<p>Quiz\u00e1s la comparaci\u00f3n m\u00e1s relevante para analizar el impacto de la obligatoriedad de llevar mascarillas en la escuela sea estudiar las diferencias de transmisi\u00f3n entre el \u00faltimo curso de infantil (5 a\u00f1os, mascarilla no obligatoria) y el primer curso de primaria (6 a\u00f1os, mascarilla obligatoria). Las edades son tan cercanas que se minimiza el efecto que puede ejercer la edad en la transmisi\u00f3n.<\/p>\n\n\n\n<p>El resultado es que no hay diferencias significativas entre P5 y el primer a\u00f1o de educaci\u00f3n primaria en relaci\u00f3n a los indicadores de transmisi\u00f3n del SARS-CoV-2 analizados.<\/p>\n\n\n\n<figure class=\"wp-block-image\"><img decoding=\"async\" src=\"https:\/\/images.theconversation.com\/files\/455267\/original\/file-20220330-6039-10kkxvg.jpg?ixlib=rb-1.1.0&amp;q=45&amp;auto=format&amp;w=754&amp;fit=clip\" alt=\"\"\/><figcaption>Tasa de ataque secundario y n\u00famero reproductivo efectivo en el \u00faltimo curso de infantil y primero de primaria.&nbsp;Author provided<\/figcaption><\/figure>\n\n\n\n<p>Incluso asumiendo que el aumento de la tasa de ataque secundario con la edad observado en los cursos de primaria debiera mantenerse en los cursos de infantil, el ligero incremento entre lo observado y lo esperado en P5 no es estad\u00edsticamente significativo. Por el contrario, los datos de P3 y P4 sugieren valores inferiores a los esperados.<\/p>\n\n\n\n<p>Las diferencias de TAS y R* entre los valores observados y esperados en P5 podr\u00edan explicarse por la diferente obligaci\u00f3n del uso de mascarillas entre infantil y primaria, pero tambi\u00e9n puede influir la diferente din\u00e1mica del aula en educaci\u00f3n infantil y en primaria, que implica un contacto m\u00e1s estrecho entre los ni\u00f1os a edades m\u00e1s tempranas.<\/p>\n\n\n\n<figure class=\"wp-block-image\"><img decoding=\"async\" src=\"https:\/\/images.theconversation.com\/files\/455617\/original\/file-20220331-17-4a0da2.jpg?ixlib=rb-1.1.0&amp;q=45&amp;auto=format&amp;w=754&amp;fit=clip\" alt=\"\"\/><figcaption>Porcentaje de brotes con alg\u00fan caso secundario.&nbsp;Author provided<\/figcaption><\/figure>\n\n\n\n<p>A pesar de que la mascarilla no era obligatoria entre los alumnos de infantil, la menor transmisi\u00f3n del SARS-CoV-2 en estas edades puede estar asociada a la&nbsp;<a href=\"https:\/\/www.frontiersin.org\/articles\/10.3389\/fimmu.2021.741639\/full\">respuesta inmunol\u00f3gica innata<\/a>, que evoluciona hacia un patr\u00f3n de&nbsp;<a href=\"https:\/\/www.sciencedirect.com\/science\/article\/pii\/S2211124721012274\">respuesta inmunol\u00f3gica similar al de los adultos cuando el ni\u00f1o entra en la etapa de primaria<\/a>.<\/p>\n\n\n\n<p>Otra posibilidad es que las mascarillas utilizadas tengan poca capacidad de contenci\u00f3n de part\u00edculas, ya sea por el material o por un ajuste en general defectuoso en un entorno infantil, debido al gran n\u00famero de horas de interacci\u00f3n. En cualquier caso, no parece razonable exigir a un ni\u00f1o de primaria que lleve todo el d\u00eda una mascarilla con el mismo cuidado que un adulto.<\/p>\n\n\n\n<h2 class=\"wp-block-heading\">\u00bfDebe ser obligatoria la mascarilla para los ni\u00f1os de primaria?<\/h2>\n\n\n\n<p>A la vista de los datos analizados se puede concluir que la evidencia cient\u00edfica no apoya la obligaci\u00f3n del uso de la mascarilla en la etapa de primaria porque esta pol\u00edtica no ha demostrado una reducci\u00f3n significativa de la transmisi\u00f3n del virus en comparaci\u00f3n con los cursos de infantil.<\/p>\n\n\n\n<p>Los resultados son similares a los encontrados en otros&nbsp;<a href=\"https:\/\/assets.publishing.service.gov.uk\/government\/uploads\/system\/uploads\/attachment_data\/file\/1055639\/Evidence_summary_-_face_coverings.pdf\">estudios<\/a>, que observan una menor efectividad en entornos escolares que en los estudios en laboratorio.<\/p>\n\n\n\n<p>Por el contrario, s\u00ed observan diferencias otros&nbsp;<a href=\"https:\/\/www.cdc.gov\/mmwr\/volumes\/70\/wr\/mm7039e1.htm\">estudios de tipo ecol\u00f3gico<\/a>&nbsp;en los que se comparaban diferentes regiones con diferente pol\u00edtica respecto al&nbsp;<a href=\"https:\/\/publications.aap.org\/pediatrics\/article\/doi\/10.1542\/peds.2022-056687\/185379\/School-Masking-Policies-and-Secondary-SARS-CoV-2\">uso de mascarillas en la escuela<\/a>. Sin embargo, este tipo de estudios ecol\u00f3gicos deben ser interpretados siempre con cautela por su alto riesgo de estar afectados por variables no controladas. Por ejemplo, el&nbsp;<a href=\"https:\/\/www.cdc.gov\/coronavirus\/2019-ncov\/downloads\/your-health\/COVID-19-Steps-for-Determining-Close-Contact-Quarantine-K-12-html.pdf\">CDC de los Estados Unidos define el contacto estrecho<\/a>&nbsp;(y por tanto la b\u00fasqueda de casos secundarios) de forma diferencial, ya que no considera como contacto estrecho los que se dan entre 3 y 6 pies de distancia cuando los alumnos usan mascarilla.<\/p>\n\n\n\n<p>En el estudio realizado en las escuelas de Catalu\u00f1a, de hecho, no se observan diferencias significativas en indicadores de transmisi\u00f3n entre alumnos con uso obligatorio y alumnos sin \u00e9l. Es evidente que durante el periodo analizado podr\u00eda haber ni\u00f1os de infantil con mascarilla en el aula porque as\u00ed lo decidieron sus padres, pero probablemente no supon\u00eda un porcentaje importante de los ni\u00f1os. Adem\u00e1s, el estudio solo pretende mostrar si la obligaci\u00f3n de llevar mascarillas en las aulas de primaria ha sido efectivo para reducir la transmisi\u00f3n de manera significativa.<\/p>\n\n\n\n<p>Aunque hay muchos factores que pueden jugar un papel en el resultado observado (dificultades de uso y ajuste, menor incidencia en ni\u00f1os, tiempo de uso demasiado prolongado, tipo de mascarilla, diferencias con otros entornos como el hospitalario o residencial), a la luz de este estudio no parece que la medida (la obligaci\u00f3n de uso de mascarillas en las aulas) en el entorno escolar haya sido efectiva.<\/p>\n\n\n\n<p>En resumen, si bien hay estudios que muestran que las mascarillas, como tecnolog\u00eda, son eficaces para filtrar un gran porcentaje de part\u00edculas y virus, esto no significa que su uso obligatorio en entorno escolar sea efectivo para reducir la transmisi\u00f3n. La diferencia entre eficacia y efectividad es una cuesti\u00f3n importante a tener en cuenta en salud p\u00fablica.<\/p>\n","protected":false},"excerpt":{"rendered":"<p>David Pino Gonz\u00e1lez Fuente: The Conversation Desde el principio de la pandemia de covid-19, la obligaci\u00f3n del uso de mascarillas ha sido una de las medidas impuestas para intentar reducir la transmisi\u00f3n que m\u00e1s controversia ha generado. El debate se ha centrado principalmente en su uso en&nbsp;exteriores, si conllevan&nbsp;perjuicios para la salud&nbsp;y si son&nbsp;efectivas. Diversos [&hellip;]<\/p>\n","protected":false},"author":1,"featured_media":6267,"comment_status":"open","ping_status":"open","sticky":false,"template":"","format":"standard","meta":{"footnotes":""},"categories":[4],"tags":[],"_links":{"self":[{"href":"http:\/\/www.movimientocaamanista.com\/index.php?rest_route=\/wp\/v2\/posts\/6377"}],"collection":[{"href":"http:\/\/www.movimientocaamanista.com\/index.php?rest_route=\/wp\/v2\/posts"}],"about":[{"href":"http:\/\/www.movimientocaamanista.com\/index.php?rest_route=\/wp\/v2\/types\/post"}],"author":[{"embeddable":true,"href":"http:\/\/www.movimientocaamanista.com\/index.php?rest_route=\/wp\/v2\/users\/1"}],"replies":[{"embeddable":true,"href":"http:\/\/www.movimientocaamanista.com\/index.php?rest_route=%2Fwp%2Fv2%2Fcomments&post=6377"}],"version-history":[{"count":1,"href":"http:\/\/www.movimientocaamanista.com\/index.php?rest_route=\/wp\/v2\/posts\/6377\/revisions"}],"predecessor-version":[{"id":6378,"href":"http:\/\/www.movimientocaamanista.com\/index.php?rest_route=\/wp\/v2\/posts\/6377\/revisions\/6378"}],"wp:featuredmedia":[{"embeddable":true,"href":"http:\/\/www.movimientocaamanista.com\/index.php?rest_route=\/wp\/v2\/media\/6267"}],"wp:attachment":[{"href":"http:\/\/www.movimientocaamanista.com\/index.php?rest_route=%2Fwp%2Fv2%2Fmedia&parent=6377"}],"wp:term":[{"taxonomy":"category","embeddable":true,"href":"http:\/\/www.movimientocaamanista.com\/index.php?rest_route=%2Fwp%2Fv2%2Fcategories&post=6377"},{"taxonomy":"post_tag","embeddable":true,"href":"http:\/\/www.movimientocaamanista.com\/index.php?rest_route=%2Fwp%2Fv2%2Ftags&post=6377"}],"curies":[{"name":"wp","href":"https:\/\/api.w.org\/{rel}","templated":true}]}}