{"id":6401,"date":"2022-04-25T02:05:07","date_gmt":"2022-04-25T02:05:07","guid":{"rendered":"http:\/\/www.movimientocaamanista.com\/?p=6401"},"modified":"2022-04-25T02:05:09","modified_gmt":"2022-04-25T02:05:09","slug":"pandemia-de-la-insania","status":"publish","type":"post","link":"http:\/\/www.movimientocaamanista.com\/?p=6401","title":{"rendered":"Pandemia de la insania"},"content":{"rendered":"\n<p>Isabel de Sebasti\u00e1n<\/p>\n\n\n\n<p>Fuente: <a href=\"https:\/\/rebelion.org\/pandemia-de-la-insania\/\">Rebeli\u00f3n<\/a><\/p>\n\n\n\n<p>Realidades de la violencia post-Covid, desde la ciudad de Nueva York<\/p>\n\n\n\n<p>\u201cToda guerra es un s\u00edntoma del fracaso del hombre como animal pensante.\u201d -John Steinbeck<\/p>\n\n\n\n<p>\u201cNo debes ser v\u00edctima, no debes ser victimario, pero por encima de todo, no debes ser s\u00f3lo un espectador.\u201d-Yehuda Bauer<\/p>\n\n\n\n<p>La fantas\u00eda que siempre ha aterrorizado a los neoyorkinos, un ataque en el subterr\u00e1neo, se materializ\u00f3 esta semana en Brooklyn. La noticia me lleg\u00f3 mientras escrib\u00eda sobre la sensaci\u00f3n de violencia que se siente en el aire. Nueva York jam\u00e1s fue un remanso, pero las cosas han cambiado. No s\u00f3lo aqu\u00ed, sino en todo el pa\u00eds y en el planeta, que sufre por primera vez en d\u00e9cadas la amenaza de una guerra nuclear. La pandemia, ese momento hist\u00f3rico aburrido y gris que destruy\u00f3 vidas y econom\u00edas mientras tantos de nosotros mir\u00e1bamos pantallas, fue opaca. Ahora que podr\u00edamos estar celebrando su aparente retirada, parece haber comenzado otra pandemia, la de la insania. De la agresi\u00f3n sorda e invisible del Covid pasamos a las fotos de cad\u00e1veres a todo color. \u00a1Pow! \u00a1Bang! Como en un c\u00f3mic de Batman, la humanidad se entrega a la extemporaneidad de la violencia f\u00edsica. S\u00f3lo que ahora no luchamos contra un virus. Luchamos entre nosotros.<\/p>\n\n\n\n<p>El episodio de la cachetada de Will Smith en la entrega de los premios Oscar fue s\u00f3lo un s\u00edmbolo de una crispaci\u00f3n que se expresa a diario en el pa\u00eds. Algunas estad\u00edsticas hablan por s\u00ed mismas: seg\u00fan el New York Times, en los primeros tres meses de este a\u00f1o los tiroteos en la ciudad subieron de 260 a 296 comparados con el primer trimestre del a\u00f1o pasado. El 2021 marc\u00f3 la mayor cantidad de asesinatos en 10 a\u00f1os. El n\u00famero de cr\u00edmenes \u201cde importancia\u201d ha subido un 47% desde 2019, seg\u00fan informaci\u00f3n de la ciudad, incluyendo un 54% m\u00e1s de robos y 22% m\u00e1s de violaciones. Esto no sucede s\u00f3lo en Nueva York, Hay ciudades, como Houston y Filadelfia, que reportan n\u00fameros relativos a\u00fan m\u00e1s alarmantes.<\/p>\n\n\n\n<figure class=\"wp-block-image\"><img decoding=\"async\" src=\"https:\/\/www.elcohetealaluna.com\/wp-content\/uploads\/2022\/04\/https___cdn.cnn_.com_cnnnext_dam_assets_220412113803-21-brooklyn-shooting.jpg\" alt=\"\" class=\"wp-image-110896\"\/><\/figure>\n\n\n\n<p>Durante 2021 las peleas de tr\u00e1nsito han causado en el pa\u00eds m\u00e1s de 700 muertes, un r\u00e9cord que ilustra esa sensaci\u00f3n de violencia en el aire que describo. A nivel anecd\u00f3tico, sufr\u00ed un par de agresiones, algo que no me hab\u00eda sucedido en d\u00e9cadas. Una mujer en el subte, que me vio leyendo en espa\u00f1ol, me conmin\u00f3 a que vuelva \u201cal lugar de donde sal\u00ed\u201d, y un orador callejero afroamericano me increp\u00f3 porque mis ancestros asesinaron a los suyos. Esto no es casual: en la ciudad se produjeron 131 incidentes raciales contra asi\u00e1ticos en 2021, mientras se reportaron 28 en 2020 y tres en 2019. La Liga Anti-Difamaci\u00f3n report\u00f3 en 2022 unos 1200 incidentes de antisemitismo en Estados Unidos, una suba del 10% con respecto al a\u00f1o anterior. Parec\u00eda que la pandemia hab\u00eda otorgado a la humanidad un positivo momento de reflexi\u00f3n, pero evidentemente ha dejado algo que apela a nuestras reacciones m\u00e1s primitivas y miserables.<\/p>\n\n\n\n<p>El nuevo alcalde de Nueva York, Eric Adams, un afro-americano de cercana relaci\u00f3n con la instituci\u00f3n policial, promete a diario revertir el actual estado de cosas y tambi\u00e9n dar una respuesta a los miles de sin techo que viven a la intemperie o en los subtes. Su administraci\u00f3n se encuentra en una sart\u00e9n caliente: la frase \u201cQu\u00edtenle los fondos a la polic\u00eda\u201d es un slogan prominente de la organizaci\u00f3n Black Lives Matter, la punta de lanza de la lucha anti-racista. El problema racial (que implosion\u00f3 durante los disturbios de 2020), el de las minor\u00edas de g\u00e9nero, el desmantelamiento de fondos de la polic\u00eda y la defensa del aborto legal (hoy en jaque), son los temas que est\u00e1n al centro de una batalla cultural que contin\u00faa dividiendo al pa\u00eds.<\/p>\n\n\n\n<p>Las franjas conservadoras est\u00e1n en modo resistencia, reclamando con los tapones de punta la protecci\u00f3n de los valores tradicionales y el apoyo al cuerpo policial. Los medios y las redes son el territorio de esta guerra, favoreciendo la r\u00e9plica de los llamados berrinches perform\u00e1ticos (una moda perfeccionada por Trump que ha creado escuela) y llenando los bolsillos a los&nbsp;<em>talking heads<\/em>&nbsp;(presentadores de televisi\u00f3n) que se descargan con m\u00e1s bronca e impetuosidad. La ira est\u00e1 en la calle, pero tambi\u00e9n en las pantallas, en una retroalimentaci\u00f3n de provocaciones e insultos que tambi\u00e9n los argentinos sufren.<\/p>\n\n\n\n<figure class=\"wp-block-image\"><img decoding=\"async\" src=\"https:\/\/www.elcohetealaluna.com\/wp-content\/uploads\/2022\/04\/https___cdn.cnn_.com_cnnnext_dam_assets_220412103005-13-brooklyn-shooting-scene-0412-1.jpg\" alt=\"\" class=\"wp-image-110895\"\/><figcaption><em>Polic\u00eda y bomberos: una ciudad en estado de alerta constante.<\/em><\/figcaption><\/figure>\n\n\n\n<p>La violencia ha crecido junto a los trastornos psicol\u00f3gicos. Tomando el caso de los m\u00e1s j\u00f3venes como ejemplo, el Grupo de Servicios Preventivos del pa\u00eds acaba de proponer que el testeo por ansiedad y depresi\u00f3n a ni\u00f1os de 8 a\u00f1os en adelante sea rutina m\u00e9dica, debido a la prevalencia actual de estos trastornos que, seg\u00fan la jefatura de la salud p\u00fablica del pa\u00eds, se han duplicado entre los adolescentes. Esta tendencia precede a la pandemia: ya en 2019, 1 de cada 3 estudiantes secundarios reportaron s\u00edntomas de depresi\u00f3n, un 40% m\u00e1s que en 2009. El Covid no invent\u00f3 el problema, pero parece haberlo profundizado de manera significativa: seg\u00fan The Guardian, se estima que se sumaron, a nivel global, 76 millones m\u00e1s de casos de ansiedad y 53 millones de casos de depresi\u00f3n. En ciudades como Nueva York, donde fueron progresivamente desmantelados los servicios de salud mental, el impacto es evidente.<\/p>\n\n\n\n<p>En YouTube podemos ver los videos subidos por&nbsp;<a href=\"https:\/\/www.youtube.com\/channel\/UCtl9pjnppooRbj_YssCKxsA\" target=\"_blank\" rel=\"noreferrer noopener\">prophet oftruth88<\/a>. Se trata de Frank James, el acusado por el ataque en la estaci\u00f3n de subte de Brooklyn. De manera muy articulada, James alega que el sistema de salud mental estadounidense, que lo trat\u00f3 por stress post-traum\u00e1tico, lo volvi\u00f3 inimaginablemente m\u00e1s peligroso. En su delirio insulta a blancos, negros, hispanos y homosexuales, pero entre sus parrafadas delirantes llaman la atenci\u00f3n algunas frases que resuenan: \u201cSe necesita un&nbsp;<em>reset<\/em>&nbsp;de f\u00e1brica de la humanidad, somos animales de granja esclavos, salvajes y feroces. Hay que pagar por lo que se ha hecho, desde la matanza de los ind\u00edgenas a la esclavitud. Nos merecemos que nos arrasen. Estamos da\u00f1ados. No hay salida, la \u00fanica soluci\u00f3n es la autodestrucci\u00f3n\u201d. Fuerte, eh.<\/p>\n\n\n\n<figure class=\"wp-block-image\"><img decoding=\"async\" src=\"https:\/\/www.elcohetealaluna.com\/wp-content\/uploads\/2022\/04\/BFUU6ALAUQSP2YEFFNJD3T55ZI.jpeg\" alt=\"\" class=\"wp-image-110900\"\/><figcaption><em>El arresto de Frank James, sospechoso de la balacera en el subte.<\/em><\/figcaption><\/figure>\n\n\n\n<p>Entre las noticias de la guerra en Ucrania que copan los titulares aparecen dos de \u00edndole dom\u00e9stica que me llaman la atenci\u00f3n: la inflaci\u00f3n pas\u00f3 del 1.8 % en 2019 a 8.5 % en estos d\u00edas. Upa. Me pregunto cu\u00e1nta le\u00f1a al fuego de la ira podr\u00e1 agregar este fertilizante del despojo y la frustraci\u00f3n. Tambi\u00e9n leo que m\u00e1s de 43.500 puentes en Estados Unidos est\u00e1n suficientemente deteriorados como para ser considerados en \u201cdeficiencia estructural\u201d. Pienso que siempre hay quien los dinamita y quien los construye. Hoy se trata de otros puentes, los que tenemos que apuntalar, los v\u00ednculos que necesitamos cuidar, la sanidad que debemos preservar, las provocaciones que hay que ignorar. Hoy m\u00e1s que nunca, hay que estar despierto para no ser parte de la pandemia de la insania. Con la del Covid hemos tenido m\u00e1s que suficiente.<\/p>\n","protected":false},"excerpt":{"rendered":"<p>Isabel de Sebasti\u00e1n Fuente: Rebeli\u00f3n Realidades de la violencia post-Covid, desde la ciudad de Nueva York \u201cToda guerra es un s\u00edntoma del fracaso del hombre como animal pensante.\u201d -John Steinbeck \u201cNo debes ser v\u00edctima, no debes ser victimario, pero por encima de todo, no debes ser s\u00f3lo un espectador.\u201d-Yehuda Bauer La fantas\u00eda que siempre ha [&hellip;]<\/p>\n","protected":false},"author":1,"featured_media":6402,"comment_status":"open","ping_status":"open","sticky":false,"template":"","format":"standard","meta":{"footnotes":""},"categories":[5,3],"tags":[],"_links":{"self":[{"href":"http:\/\/www.movimientocaamanista.com\/index.php?rest_route=\/wp\/v2\/posts\/6401"}],"collection":[{"href":"http:\/\/www.movimientocaamanista.com\/index.php?rest_route=\/wp\/v2\/posts"}],"about":[{"href":"http:\/\/www.movimientocaamanista.com\/index.php?rest_route=\/wp\/v2\/types\/post"}],"author":[{"embeddable":true,"href":"http:\/\/www.movimientocaamanista.com\/index.php?rest_route=\/wp\/v2\/users\/1"}],"replies":[{"embeddable":true,"href":"http:\/\/www.movimientocaamanista.com\/index.php?rest_route=%2Fwp%2Fv2%2Fcomments&post=6401"}],"version-history":[{"count":1,"href":"http:\/\/www.movimientocaamanista.com\/index.php?rest_route=\/wp\/v2\/posts\/6401\/revisions"}],"predecessor-version":[{"id":6403,"href":"http:\/\/www.movimientocaamanista.com\/index.php?rest_route=\/wp\/v2\/posts\/6401\/revisions\/6403"}],"wp:featuredmedia":[{"embeddable":true,"href":"http:\/\/www.movimientocaamanista.com\/index.php?rest_route=\/wp\/v2\/media\/6402"}],"wp:attachment":[{"href":"http:\/\/www.movimientocaamanista.com\/index.php?rest_route=%2Fwp%2Fv2%2Fmedia&parent=6401"}],"wp:term":[{"taxonomy":"category","embeddable":true,"href":"http:\/\/www.movimientocaamanista.com\/index.php?rest_route=%2Fwp%2Fv2%2Fcategories&post=6401"},{"taxonomy":"post_tag","embeddable":true,"href":"http:\/\/www.movimientocaamanista.com\/index.php?rest_route=%2Fwp%2Fv2%2Ftags&post=6401"}],"curies":[{"name":"wp","href":"https:\/\/api.w.org\/{rel}","templated":true}]}}