{"id":6409,"date":"2022-04-25T02:13:00","date_gmt":"2022-04-25T02:13:00","guid":{"rendered":"http:\/\/www.movimientocaamanista.com\/?p=6409"},"modified":"2022-04-25T02:13:03","modified_gmt":"2022-04-25T02:13:03","slug":"peru-la-patria-grande","status":"publish","type":"post","link":"http:\/\/www.movimientocaamanista.com\/?p=6409","title":{"rendered":"Per\u00fa: La Patria Grande"},"content":{"rendered":"\n<p>Gustavo Espinoza M.<\/p>\n\n\n\n<p>Fuente: <a href=\"https:\/\/rebelion.org\/peru-la-patria-grande\/\">Rebeli\u00f3n<\/a><\/p>\n\n\n\n<p>Dos acontecimientos hist\u00f3ricos fueron recordados en los \u00faltimos d\u00edas en Nuestra Am\u00e9rica, ese concepto definido por Sim\u00f3n Bol\u00edvar, asumido por Jos\u00e9 Mart\u00ed y hecho suyo por Jos\u00e9 Carlos Mari\u00e1tegui.<\/p>\n\n\n\n<p>Nuestra Am\u00e9rica hoy, es la Patria Grande con la que so\u00f1aron nuestros mayores, y que se har\u00e1 realidad por la unidad y&nbsp; la fuerza de los pueblos. Nos referimos a la derrota de la invasi\u00f3n mercenaria de Playa Gir\u00f3n, registrada en Cuba en abril de 1961; y a la victoria del pueblo de Venezuela, que dio al traste, el 13 de abril del 2002, con la asonada fascista intentada por la oligarqu\u00eda&nbsp;&nbsp; caraque\u00f1a empe\u00f1ada en derribar al gobierno del Comandante Hugo Ch\u00e1vez. &nbsp;<\/p>\n\n\n\n<p>Dos episodios de innegable trascendencia que dejaron un sello definido en la conciencia de millones de latinoamericanos. Mostraron, adem\u00e1s, la capacidad &nbsp;de lucha de los pueblos, que suelen salir airosos cuando enfrentan la agresividad de las fuerzas reaccionarias empe\u00f1adas en bloquear los caminos liberadores.<\/p>\n\n\n\n<p>Es claro que en estas dos circunstancias, los pueblos combatieron por una causa justa, base esencial de cualquier victoria; pero confirmaron la idea que no es suficiente una causa justa para triunfar; que es necesario, adem\u00e1s tener la fuerza indispensable para doblegar la resistencia enemiga, e imponer esa causa.<\/p>\n\n\n\n<p>Ambos episodios fueron el punto m\u00e1s alto de la confrontaci\u00f3n de clases, en procesos que marcaron la historia de nuestro continente. Y eso deben tomarlo en cuenta sobre todo quienes piensan que los cambios sociales se pueden hacer en base a \u201cmesas de di\u00e1logo\u201d y a \u201cconcertaci\u00f3n\u201d<\/p>\n\n\n\n<p>En Cuba, Playa Gir\u00f3n contribuy\u00f3 decisivamente a definir el car\u00e1cter socialista de la Revoluci\u00f3n y a desenmascarar el sentido perverso de la pol\u00edtica norteamericana. John F. Kennedy -el \u201cGran Dem\u00f3crata\u201d- recibi\u00f3 el encargo del Pent\u00e1gono y de la Agencia Central de Inteligencia de su pa\u00eds, y no tuvo el menor escr\u00fapulo en banderizar una operaci\u00f3n que portaba la muerte&nbsp; a la Am\u00e9rica entera; y que fue respondida y derrotada por un pueblo en armas<\/p>\n\n\n\n<p>En Venezuela las camarillas empresariales y los Partidos tradicionales desplazados del Poder por la voluntad ciudadana; buscaron recuperar sus privilegios y restituir un orden social que se ven\u00eda abajo, sepultado por la voluntad de millones de trabajadores del campo y la ciudad.&nbsp; Caracas fue, el escenario de una contiende decisiva.<\/p>\n\n\n\n<p>En ella, &nbsp;la movilizaci\u00f3n ciudadana, defini\u00f3 la suerte del proceso social. Estas dos experiencias \u2013Cuba y Venezuela, a las que resulta indispensable a\u00f1adir Nicaragua- son el espejo de nuestro tiempo.<\/p>\n\n\n\n<p>Cuba ha mantenido impert\u00e9rrita su bandera gracias al coraje y a la dignidad de su pueblo, pero tambi\u00e9n por la presencia en la c\u00fapula del Poder, de una direcci\u00f3n sabia y consecuente.<\/p>\n\n\n\n<p>Con m\u00e1s de 60 a\u00f1os bajo el bloqueo de los Estados Unidos, hoy por Cuba se manifiesta en el mundo la adhesi\u00f3n de millones de hombres y mujeres; pero tambi\u00e9n el odio de camarillas que ahora mismo vuelven a tocar tambores de guerra usando el Nazismo como ideolog\u00eda y pr\u00e1ctica constante.<\/p>\n\n\n\n<p>En nuestro pa\u00eds, ese odio se expresa atizado por la Mafia Golpista que tiene en la mira a la representaci\u00f3n diplom\u00e1tica cubana. Ya de hecho se han registrado contra la embajada de Cuba en Lima, repudiables \u201cplantones\u201d alimentados por una campa\u00f1a de prensa liderada por caracterizados voceros de la derecha m\u00e1s reaccionaria, empe\u00f1ada en atacar al embajador de la Patria Caribe\u00f1a, a quien buscan desacreditar impunemente.<\/p>\n\n\n\n<p>Hay que se\u00f1alar que ese ataque \u201cno prende\u201d porque se basa en mentiras, y &nbsp;marcha en sentido opuesto a la voluntad popular. &nbsp;&nbsp;<\/p>\n\n\n\n<p>Con Venezuela, la situaci\u00f3n es similar. En la patria de Andr\u00e9s Bello se vive un proceso de normalizaci\u00f3n en diversas \u00e1reas de la vida ciudadana. Ya los \u201cmedios\u201d no pueden hablar de una \u201cprofunda crisis\u201d, ni mostrar signo alguno de atraso o miseria. Superando el bloqueo y las sanciones impuestas por el gobierno yanqui, Venezuela renace.<\/p>\n\n\n\n<p>&nbsp;Incluso la Casa Blanca tiende hoy lazos hacia el Palacio de Miraflores para obtener petr\u00f3leo, que no puede pedirlo a Guaid\u00f3, y que debe tramitarlo con el gobierno nacional y el Presidente Maduro.<\/p>\n\n\n\n<p>Es bueno que en nuestro pa\u00eds aprendamos esas lecciones. Vivimos una etapa en la que se agudiza sensiblemente la lucha de clases. Toma fuerza en los medios -y no s\u00f3lo en ellos- una ofensiva golpista que busca dar al traste con el gobierno popular electo en junio de a\u00f1o pasado.<\/p>\n\n\n\n<p>Se usan los efectos de la crisis, unos de los cuales tienen que ver con la \u201ccarga\u201d neoliberal impuesta al pa\u00eds por el fujimorismo y aplicada d\u00f3cilmente por los gobiernos subsiguientes; y otros, son consecuencia de las \u201csanciones\u201d que el gobierno de los Estados Unidos impulsa contra la Federaci\u00f3n&nbsp; Rusa en el marco del conflicto militar en suelo ucraniano afectando severamente los precios de los carburantes, el trigo y los fertilizantes; pero se valen tambi\u00e9n de las deficiencias del movimiento popular, y las debilidades y errores del gobierno.<\/p>\n\n\n\n<p>Hoy, la renuncia del Mandatario o su destituci\u00f3n por una u otra v\u00eda, constituye un objetivo inmediato para la reacci\u00f3n. A ella, no le importa el pa\u00eds, ni la poblaci\u00f3n. Ha dedicado los ocho meses pasados, a buscar la ca\u00edda del Presidente o la censura a sus ministros, en medio de una desenfrenada campa\u00f1a de ataques, agresiones, o insultos; y hoy canta victoria alentada por una acusaci\u00f3n constitucional que tiene en marcha.<\/p>\n\n\n\n<p>Objetivamente, no ha dado tregua al Mandatario, ni lo ha dejado implementar su gesti\u00f3n gubernativa.<\/p>\n\n\n\n<p>Ahora m\u00e1s que nunca el pueblo tiene la necesidad de cerrar filas contra el Golpismo en cualquiera de sus modalidades; y el Gobierno, el deber de corregir errores, y superar limitaciones de todo orden.<\/p>\n\n\n\n<p>Aqu\u00ed tambi\u00e9n, la suerte de la Patria Grande, est\u00e1 en juego.<\/p>\n","protected":false},"excerpt":{"rendered":"<p>Gustavo Espinoza M. Fuente: Rebeli\u00f3n Dos acontecimientos hist\u00f3ricos fueron recordados en los \u00faltimos d\u00edas en Nuestra Am\u00e9rica, ese concepto definido por Sim\u00f3n Bol\u00edvar, asumido por Jos\u00e9 Mart\u00ed y hecho suyo por Jos\u00e9 Carlos Mari\u00e1tegui. Nuestra Am\u00e9rica hoy, es la Patria Grande con la que so\u00f1aron nuestros mayores, y que se har\u00e1 realidad por la unidad [&hellip;]<\/p>\n","protected":false},"author":1,"featured_media":4490,"comment_status":"open","ping_status":"open","sticky":false,"template":"","format":"standard","meta":{"footnotes":""},"categories":[5,3],"tags":[],"_links":{"self":[{"href":"http:\/\/www.movimientocaamanista.com\/index.php?rest_route=\/wp\/v2\/posts\/6409"}],"collection":[{"href":"http:\/\/www.movimientocaamanista.com\/index.php?rest_route=\/wp\/v2\/posts"}],"about":[{"href":"http:\/\/www.movimientocaamanista.com\/index.php?rest_route=\/wp\/v2\/types\/post"}],"author":[{"embeddable":true,"href":"http:\/\/www.movimientocaamanista.com\/index.php?rest_route=\/wp\/v2\/users\/1"}],"replies":[{"embeddable":true,"href":"http:\/\/www.movimientocaamanista.com\/index.php?rest_route=%2Fwp%2Fv2%2Fcomments&post=6409"}],"version-history":[{"count":1,"href":"http:\/\/www.movimientocaamanista.com\/index.php?rest_route=\/wp\/v2\/posts\/6409\/revisions"}],"predecessor-version":[{"id":6410,"href":"http:\/\/www.movimientocaamanista.com\/index.php?rest_route=\/wp\/v2\/posts\/6409\/revisions\/6410"}],"wp:featuredmedia":[{"embeddable":true,"href":"http:\/\/www.movimientocaamanista.com\/index.php?rest_route=\/wp\/v2\/media\/4490"}],"wp:attachment":[{"href":"http:\/\/www.movimientocaamanista.com\/index.php?rest_route=%2Fwp%2Fv2%2Fmedia&parent=6409"}],"wp:term":[{"taxonomy":"category","embeddable":true,"href":"http:\/\/www.movimientocaamanista.com\/index.php?rest_route=%2Fwp%2Fv2%2Fcategories&post=6409"},{"taxonomy":"post_tag","embeddable":true,"href":"http:\/\/www.movimientocaamanista.com\/index.php?rest_route=%2Fwp%2Fv2%2Ftags&post=6409"}],"curies":[{"name":"wp","href":"https:\/\/api.w.org\/{rel}","templated":true}]}}